{"id":23134,"date":"2021-10-27T19:47:43","date_gmt":"2021-10-27T22:47:43","guid":{"rendered":"https:\/\/blogs.correio24horas.com.br\/mesalte\/?p=23134"},"modified":"2021-10-27T19:47:45","modified_gmt":"2021-10-27T22:47:45","slug":"guigga-faz-apresentacao-no-pelourinho","status":"publish","type":"post","link":"https:\/\/blogs.correio24horas.com.br\/mesalte\/guigga-faz-apresentacao-no-pelourinho\/","title":{"rendered":"Guigga faz apresenta\u00e7\u00e3o no Pelourinho"},"content":{"rendered":"\n<p>O artista baiano <strong>Guigga<\/strong> volta a Salvador na pr\u00f3xima quinta feira, 28 de outubro com o bloco Me Leva,na <strong>Arena Sesc-Senac Pelourinho<\/strong>, a partir das <strong>20h<\/strong>. A apresenta\u00e7\u00e3o ir\u00e1 contar com participa\u00e7\u00f5es especiais de Ana Paula Albuquerque e Lucas Gerbazi, que ir\u00e3o potencializar a presen\u00e7a dos artistas do interior na capital baiana.<\/p>\n\n\n\n<p>No repert\u00f3rio, can\u00e7\u00f5es de sua autoria, como \u201cXyloca\u00edna\u201d e &#8220;Coisa de Mandinga\u201d, al\u00e9m de interpreta\u00e7\u00f5es de artistas que o inspiram, como Gilberto Gil, Caetano, Ivete Sangalo, Moraes Moreira e A Cor do Som.\u00a0<\/p>\n\n\n\n<p>\u201cEstou muito empolgado porque, depois de muitos anos, para al\u00e9m da pandemia, estou voltando a cantar m\u00fasica da Bahia e aquilo que a gente entende como <em>ax\u00e9 music<\/em>. Poder acessar esse repert\u00f3rio, me reconhecer nesses espa\u00e7os e fazer show no Pelourinho com essas m\u00fasicas me deixa muito euf\u00f3rico\u201d, destaca. <\/p>\n\n\n\n<p>O show coincide com o lan\u00e7amento do videoclipe Xyloca\u00edna, sob a dire\u00e7\u00e3o do artista visual Felipe Bezerra (diretor do clipes \u201c<a href=\"https:\/\/www.youtube.com\/watch?v=EXRmHYcPyMc\">Alfazema<\/a>\u201d e \u201c<a href=\"https:\/\/www.youtube.com\/watch?v=P8hOiJOlSQo\">Capim Guin\u00e9<\/a>\u201d do Baiana System), marcando a nova fase de Guigga. A can\u00e7\u00e3o esteve presente no seu primeiro \u00e1lbum solo, \u201cDivino e Ateu\u201d \u2013 que lhe rendeu o pr\u00eamio de Melhor Int\u00e9rprete Masculino na categoria Show no Pr\u00eamio Caymmi de M\u00fasica \u2013 e recentemente ganhou uma remixagem do DJ Mangaio (OQuadro). Assista ao clipe de Xyloca\u00edna <a href=\"https:\/\/www.youtube.com\/watch?v=tO4fSSYOiaY&amp;ab_channel=Guigga\">aqui<\/a>.<br><\/p>\n\n\n\n<p>O bloco Me Leva foi fundado em 1993, em Marac\u00e1s (BA), cidade natal de Guigga, levando o mesmo nome da banda liderada pelo seu pai, Sebasti\u00e3o. Na \u00e9poca, por causa da semelhan\u00e7a das nomenclaturas, a banda Asa de \u00c1guia precisou mudar o nome do bloco \u201cMe Leva com Amor\u201d para \u201cMe Abra\u00e7a\u201d, tornando-se um dos blocos mais importantes do carnaval da Bahia e influenciando diretamente nos caminhos da banda Me Leva no interior. \u201c30 anos depois, o Me Leva inicia os trabalhos em Salvador de forma muito espont\u00e2nea. Que bom que o Asa de \u00c1guia reconheceu, naquela \u00e9poca, a import\u00e2ncia da banda Me Leva\u201d, destaca Guigga.&nbsp;<\/p>\n\n\n\n<p><strong>SERVI\u00c7O<\/strong><\/p>\n\n\n\n<p><strong>Bloco Me Leva | Guigga convida Ana Paula Albuquerque e Lucas Gerbazi<\/strong><\/p>\n\n\n\n<p>Data: 28 de outubro de 2021&nbsp;<\/p>\n\n\n\n<p>Hor\u00e1rio: 20h<\/p>\n\n\n\n<p>Local: Arena Sesc Senac Pelourinho<\/p>\n\n\n\n<p>Ingressos: R$40,00 \/ R$20,00*<\/p>\n\n\n\n<p>Vendas: <a href=\"https:\/\/www.sympla.com.br\/produtor\/guigga\">https:\/\/www.sympla.com.br\/produtor\/guigga<\/a><\/p>\n\n\n\n<p><em>*Ingressos limitados respeitando o protocolo de funcionamento das atividades para eventos culturais e art\u00edsticos do DECRETO n\u00ba\u00a0 34.424, de 10 de setembro de 2021 e<\/em> <em>altera\u00e7\u00f5es posteriores<\/em>.<br><\/p>\n\n\n\n<p><strong>Siga Guigga nas redes sociais:<\/strong><\/p>\n\n\n\n<p>Facebook: <a href=\"https:\/\/www.facebook.com\/eusouguigga\">https:\/\/www.facebook.com\/eusouguigga<\/a>&nbsp;<\/p>\n\n\n\n<p>Instagram: <a href=\"https:\/\/www.instagram.com\/eusouguigga\/\">https:\/\/www.instagram.com\/eusouguigga\/<\/a>&nbsp;<\/p>\n\n\n\n<p>YouTube: <a href=\"https:\/\/www.youtube.com\/c\/Guigga\">https:\/\/www.youtube.com\/c\/Guigga<\/a>&nbsp;<br><\/p>\n","protected":false},"excerpt":{"rendered":"<p>O artista baiano Guigga volta a Salvador na pr\u00f3xima quinta feira, 28 de outubro com o bloco Me Leva,na Arena Sesc-Senac Pelourinho, a partir das 20h. [&hellip;]<\/p>\n","protected":false},"author":1,"featured_media":23135,"comment_status":"open","ping_status":"open","sticky":false,"template":"","format":"standard","meta":{"footnotes":""},"categories":[80],"tags":[],"class_list":["post-23134","post","type-post","status-publish","format-standard","has-post-thumbnail","hentry","category-home"],"_links":{"self":[{"href":"https:\/\/blogs.correio24horas.com.br\/mesalte\/wp-json\/wp\/v2\/posts\/23134","targetHints":{"allow":["GET"]}}],"collection":[{"href":"https:\/\/blogs.correio24horas.com.br\/mesalte\/wp-json\/wp\/v2\/posts"}],"about":[{"href":"https:\/\/blogs.correio24horas.com.br\/mesalte\/wp-json\/wp\/v2\/types\/post"}],"author":[{"embeddable":true,"href":"https:\/\/blogs.correio24horas.com.br\/mesalte\/wp-json\/wp\/v2\/users\/1"}],"replies":[{"embeddable":true,"href":"https:\/\/blogs.correio24horas.com.br\/mesalte\/wp-json\/wp\/v2\/comments?post=23134"}],"version-history":[{"count":1,"href":"https:\/\/blogs.correio24horas.com.br\/mesalte\/wp-json\/wp\/v2\/posts\/23134\/revisions"}],"predecessor-version":[{"id":23136,"href":"https:\/\/blogs.correio24horas.com.br\/mesalte\/wp-json\/wp\/v2\/posts\/23134\/revisions\/23136"}],"wp:featuredmedia":[{"embeddable":true,"href":"https:\/\/blogs.correio24horas.com.br\/mesalte\/wp-json\/wp\/v2\/media\/23135"}],"wp:attachment":[{"href":"https:\/\/blogs.correio24horas.com.br\/mesalte\/wp-json\/wp\/v2\/media?parent=23134"}],"wp:term":[{"taxonomy":"category","embeddable":true,"href":"https:\/\/blogs.correio24horas.com.br\/mesalte\/wp-json\/wp\/v2\/categories?post=23134"},{"taxonomy":"post_tag","embeddable":true,"href":"https:\/\/blogs.correio24horas.com.br\/mesalte\/wp-json\/wp\/v2\/tags?post=23134"}],"curies":[{"name":"wp","href":"https:\/\/api.w.org\/{rel}","templated":true}]}}