{"id":23131,"date":"2021-10-27T19:27:39","date_gmt":"2021-10-27T22:27:39","guid":{"rendered":"https:\/\/blogs.correio24horas.com.br\/mesalte\/?p=23131"},"modified":"2021-10-27T19:27:41","modified_gmt":"2021-10-27T22:27:41","slug":"sou-jogador-de-futebol-e-sou-gay-afirma-atleta-australiano","status":"publish","type":"post","link":"https:\/\/blogs.correio24horas.com.br\/mesalte\/sou-jogador-de-futebol-e-sou-gay-afirma-atleta-australiano\/","title":{"rendered":"&#8216;Sou jogador de futebol e sou gay&#8217;, afirma atleta australiano"},"content":{"rendered":"\n<p>Josh Cavallo, jogador que atua na primeira divis\u00e3o da Austr\u00e1lia, deu um passo importante contra o preconceito no futebol. O lateral-esquerdo de 21 anos, do Adelaide United, publicou um v\u00eddeo emocionante nesta quarta-feira (27) no qual rompe o tabu e se declara homossexual. A atitude foi aplaudida e ganhou o apoio de jogadores da elite europeia.<\/p>\n\n\n\n<blockquote class=\"wp-block-quote is-layout-flow wp-block-quote-is-layout-flow\"><p><strong>&#8220;H\u00e1 algo pessoal que preciso compartilhar com todos. Sou jogador de futebol e sou gay. Desde crian\u00e7a, sentia necessidade de me esconder, pois estava envergonhado. Envergonhado de que pudesse nunca fazer o que amo e ser gay. Tudo o que eu quero \u00e9 jogar futebol e ser tratado como todos&#8221;.<\/strong><\/p><\/blockquote>\n\n\n\n<p>&#8220;Foi uma jornada chegar a este ponto da minha vida, mas n\u00e3o poderia estar mais feliz com a minha decis\u00e3o de sair do arm\u00e1rio. Tenho lutado com a minha sexualidade h\u00e1 mais de seis anos e estou feliz por poder revel\u00e1-la&#8221;, disse Cavallo no v\u00eddeo, publicado na conta oficial do pr\u00f3prio Adelaide United.<\/p>\n\n\n\n<p>O jovem contou como ser um jogador de futebol gay no arm\u00e1rio o fez aprender a esconder seus sentimentos &#8220;para se encaixar no molde do jogador de futebol profissional&#8221; e descreveu como &#8220;crescer gay e jogar futebol foram dois mundos cujos caminhos nunca se cruzaram&#8221;. Cavallo afirmou que queria mudar o sil\u00eancio com que outros jogadores vivem sua sexualidade, tornando-se o primeiro jogador de futebol de alto escal\u00e3o a se declarar publicamente gay. &#8220;Eu vivi com a suposi\u00e7\u00e3o de que esse era um assunto sobre o qual eu nunca poderia falar&#8221;, disse.<br><\/p>\n","protected":false},"excerpt":{"rendered":"<p>Josh Cavallo, jogador que atua na primeira divis\u00e3o da Austr\u00e1lia, deu um passo importante contra o preconceito no futebol. O lateral-esquerdo de 21 anos, do Adelaide [&hellip;]<\/p>\n","protected":false},"author":1,"featured_media":23132,"comment_status":"open","ping_status":"open","sticky":false,"template":"","format":"standard","meta":{"footnotes":""},"categories":[80,9],"tags":[33,2235],"class_list":["post-23131","post","type-post","status-publish","format-standard","has-post-thumbnail","hentry","category-home","category-me-orgulho","tag-gay","tag-jogador"],"_links":{"self":[{"href":"https:\/\/blogs.correio24horas.com.br\/mesalte\/wp-json\/wp\/v2\/posts\/23131","targetHints":{"allow":["GET"]}}],"collection":[{"href":"https:\/\/blogs.correio24horas.com.br\/mesalte\/wp-json\/wp\/v2\/posts"}],"about":[{"href":"https:\/\/blogs.correio24horas.com.br\/mesalte\/wp-json\/wp\/v2\/types\/post"}],"author":[{"embeddable":true,"href":"https:\/\/blogs.correio24horas.com.br\/mesalte\/wp-json\/wp\/v2\/users\/1"}],"replies":[{"embeddable":true,"href":"https:\/\/blogs.correio24horas.com.br\/mesalte\/wp-json\/wp\/v2\/comments?post=23131"}],"version-history":[{"count":1,"href":"https:\/\/blogs.correio24horas.com.br\/mesalte\/wp-json\/wp\/v2\/posts\/23131\/revisions"}],"predecessor-version":[{"id":23133,"href":"https:\/\/blogs.correio24horas.com.br\/mesalte\/wp-json\/wp\/v2\/posts\/23131\/revisions\/23133"}],"wp:featuredmedia":[{"embeddable":true,"href":"https:\/\/blogs.correio24horas.com.br\/mesalte\/wp-json\/wp\/v2\/media\/23132"}],"wp:attachment":[{"href":"https:\/\/blogs.correio24horas.com.br\/mesalte\/wp-json\/wp\/v2\/media?parent=23131"}],"wp:term":[{"taxonomy":"category","embeddable":true,"href":"https:\/\/blogs.correio24horas.com.br\/mesalte\/wp-json\/wp\/v2\/categories?post=23131"},{"taxonomy":"post_tag","embeddable":true,"href":"https:\/\/blogs.correio24horas.com.br\/mesalte\/wp-json\/wp\/v2\/tags?post=23131"}],"curies":[{"name":"wp","href":"https:\/\/api.w.org\/{rel}","templated":true}]}}