{"id":23125,"date":"2021-10-27T19:14:42","date_gmt":"2021-10-27T22:14:42","guid":{"rendered":"https:\/\/blogs.correio24horas.com.br\/mesalte\/?p=23125"},"modified":"2021-10-27T19:15:38","modified_gmt":"2021-10-27T22:15:38","slug":"apos-falas-homofobicas-e-pressao-das-redes-sociais-jogador-de-volei-e-demitido-de-clube-mineiro","status":"publish","type":"post","link":"https:\/\/blogs.correio24horas.com.br\/mesalte\/apos-falas-homofobicas-e-pressao-das-redes-sociais-jogador-de-volei-e-demitido-de-clube-mineiro\/","title":{"rendered":"Ap\u00f3s falas homof\u00f3bicas e press\u00e3o das redes sociais, jogador de v\u00f4lei \u00e9 demitido de clube mineiro"},"content":{"rendered":"\n<p> Maur\u00edcio Souza n\u00e3o \u00e9 mais jogador do\u00a0Minas T\u00eanis Clube. Nesta quarta-feira (27), o clube divulgou um comunicado e confirmou\u00a0a rescis\u00e3o de contrato com o atleta, de 33 anos. A decis\u00e3o foi tomada ap\u00f3s as mensagens de\u00a0teor homof\u00f3bico publicadas pelo central nas redes sociais. <\/p>\n\n\n\n<figure class=\"wp-block-image\"><img loading=\"lazy\" decoding=\"async\" width=\"740\" height=\"728\" src=\"https:\/\/blogs.correio24h.com.br\/mesalte\/wp-content\/uploads\/2021\/10\/mauricio-souza-1.jpg\" alt=\"\" class=\"wp-image-23128\" srcset=\"https:\/\/blogs.correio24h.com.br\/mesalte\/wp-content\/uploads\/2021\/10\/mauricio-souza-1.jpg 740w, https:\/\/blogs.correio24h.com.br\/mesalte\/wp-content\/uploads\/2021\/10\/mauricio-souza-1-300x295.jpg 300w, https:\/\/blogs.correio24h.com.br\/mesalte\/wp-content\/uploads\/2021\/10\/mauricio-souza-1-148x146.jpg 148w, https:\/\/blogs.correio24h.com.br\/mesalte\/wp-content\/uploads\/2021\/10\/mauricio-souza-1-50x50.jpg 50w, https:\/\/blogs.correio24h.com.br\/mesalte\/wp-content\/uploads\/2021\/10\/mauricio-souza-1-80x80.jpg 80w, https:\/\/blogs.correio24h.com.br\/mesalte\/wp-content\/uploads\/2021\/10\/mauricio-souza-1-76x75.jpg 76w, https:\/\/blogs.correio24h.com.br\/mesalte\/wp-content\/uploads\/2021\/10\/mauricio-souza-1-85x85.jpg 85w\" sizes=\"auto, (max-width: 740px) 100vw, 740px\" \/><\/figure>\n\n\n\n<p>O clube&nbsp;oficializou a sa\u00edda do jogador&nbsp;minutos depois de Maur\u00edcio postar um v\u00eddeo&nbsp;<strong><a href=\"t3:\/\/record?identifier=tx_news&amp;uid=859512\"><strong>pedindo desculpas por &#8220;defender o que acredita&#8221;<\/strong><\/a><\/strong>. O atleta&nbsp;n\u00e3o se mostrou arrependido pelas declara\u00e7\u00f5es homof\u00f3bicas e&nbsp;refor\u00e7ou que seguir\u00e1 defendendo sua &#8220;opini\u00e3o&#8221; &#8211; lembrando que homofobia j\u00e1 \u00e9 tipificado como crime no Brasil e n\u00e3o \u00e9 opini\u00e3o! <\/p>\n\n\n\n<p>&#8220;Infelizmente a gente n\u00e3o pode mais dar opini\u00e3o, n\u00e3o pode mais colocar os valores acima de tudo, os valores de fam\u00edlia, os valores do que a gente acredita. Mas os valores de voc\u00eas a gente tem que respeitar a qualquer custo, ou a gente \u00e9 taxado como homof\u00f3bicos ou preconceituosos. Eu n\u00e3o concordo com isso&#8221;, afirmou.<\/p>\n\n\n\n<p>Maur\u00edcio Souza estava afastado das atividades do&nbsp;Minas desde ter\u00e7a-feira (26), e tamb\u00e9m foi multado. O jogador postou uma mensagem de despedida do clube no Instagram&nbsp;e falou que o &#8216;legado continua&#8217;.<\/p>\n\n\n\n<p>&#8220;N\u00e3o sou mais jogar do Minas!&nbsp;Agrade\u00e7o aos meus companheiros, comiss\u00e3o t\u00e9cnica, meu Fisio, ao meu diretor, presid\u00eancia e s\u00f3cios por tudo!&nbsp;Sigo meu caminho plantando o que acredito, meu legado continua!&nbsp;O que deixarei para meus filhos e netos \u00e9 o que conta no final&#8221;.<\/p>\n\n\n\n<p>As puni\u00e7\u00f5es aconteceram ap\u00f3s&nbsp;press\u00e3o&nbsp;dos dois principais patrocinadores da equipe de v\u00f4lei masculino do Minas, a montadora Fiat e&nbsp;a&nbsp;produtora de a\u00e7o&nbsp;Gerdau, que pediram que&nbsp;&#8220;medidas cab\u00edveis&#8221; fossem tomadas&nbsp;em rela\u00e7\u00e3o \u00e0s postagens do central.<\/p>\n\n\n\n<p>Ainda na ter\u00e7a, o atleta usou uma rede social diferente para fazer&nbsp;uma retrata\u00e7\u00e3o. Ele usou seu perfil no Twitter, no qual tinha menos de 50 seguidores na hora da publica\u00e7\u00e3o, para se desculpar. J\u00e1 as mensagens de teor homof\u00f3bico haviam sido postadas no Instagram, onde Maur\u00edcio tem mais de 320 mil seguidores.<\/p>\n\n\n\n<p>Por isso,&nbsp;houve insatisfa\u00e7\u00e3o de uma das patrocinadoras, que queria que ele se retratasse&nbsp;no mesmo espa\u00e7o que realizou os posts. Nesta quarta, veio o v\u00eddeo no Instagram, que incomodou as empresas e o pr\u00f3prio clube.<\/p>\n\n\n\n<p>T\u00e9cnico da sele\u00e7\u00e3o brasileira masculina de v\u00f4lei,&nbsp;Renan dal Zotto tamb\u00e9m se posicionou de forma contundente e&nbsp;<strong><a href=\"t3:\/\/record?identifier=tx_news&amp;uid=859519\"><strong>fechou as portas&nbsp;para Maur\u00edcio<\/strong><\/a><\/strong>.<\/p>\n\n\n\n<blockquote class=\"wp-block-quote is-layout-flow wp-block-quote-is-layout-flow\"><p>&#8220;Fiquei decepcionado.&nbsp; \u00c9 inadmiss\u00edvel este tipo de conduta do Maur\u00edcio e eu sou radicalmente contra qualquer tipo de preconceito, homofobia, racismo. Em se tratando de sele\u00e7\u00e3o brasileira, n\u00e3o tem espa\u00e7o para profissionais homof\u00f3bicos. Acima de tudo preciso ter um time e n\u00e3o posso ter este tipo de pol\u00eamica no grupo. N\u00e3o me refiro apenas ao elenco dos atletas. \u00c9 geral, para todos os profissionais&#8221;, disse Renan, em entrevista ao jornal O Globo.<\/p><\/blockquote>\n\n\n\n<p>Vale lembrar que outros jogadores do Minas criticaram o jogador.&nbsp;O&nbsp;l\u00edbero Maique, o levantador William e o ponteiro Henrique Honorato usaram suas redes sociais para se posicionar contra as opini\u00f5es do colega.<\/p>\n\n\n\n<p>&#8220;N\u00e3o compactuo com o posicionamento do Maur\u00edcio Souza, sou contr\u00e1rio \u00e0 [sic] manifesta\u00e7\u00f5es preconceituosos, homof\u00f3bicas ou racistas.&nbsp;Constru\u00ed minha carreira nesses trinta anos com muita disciplina e suor, sempre respeitando as diferen\u00e7as. Nunca me envolvi em pol\u00eamicas, por preservar meus filhos e minha fam\u00edlia, que \u00e9 o bem mais precioso que conquistei&#8221;, escreveu&nbsp;William,&nbsp;campe\u00e3o ol\u00edmpico na Rio 2016 junto com Maur\u00edcio Souza.<\/p>\n\n\n\n<p>&#8220;Est\u00e1 aqui meu posicionamento, em rela\u00e7\u00e3o ao clube e nosso companheiro de equipe, isso \u00e9 algo que eles tem que resolver. N\u00e3o h\u00e1 nada que eu possa fazer. E passar o pano tamb\u00e9m n\u00e3o vou porque&nbsp;\u00e9 algo grave! Homofobia n\u00e3o \u00e9 opini\u00e3o&#8221;, postou o&nbsp;l\u00edbero Maique,&nbsp;que \u00e9 gay.<\/p>\n\n\n\n<p>&#8220;Eu n\u00e3o compactuo com homofobia ou qualquer tipo de preconceito, acredito na igualdade&#8221;, disse Henrique Honorato.<\/p>\n\n\n\n<p><br><\/p>\n","protected":false},"excerpt":{"rendered":"<p>Maur\u00edcio Souza n\u00e3o \u00e9 mais jogador do\u00a0Minas T\u00eanis Clube. Nesta quarta-feira (27), o clube divulgou um comunicado e confirmou\u00a0a rescis\u00e3o de contrato com o atleta, de [&hellip;]<\/p>\n","protected":false},"author":1,"featured_media":0,"comment_status":"open","ping_status":"open","sticky":false,"template":"","format":"standard","meta":{"footnotes":""},"categories":[80],"tags":[],"class_list":["post-23125","post","type-post","status-publish","format-standard","hentry","category-home"],"_links":{"self":[{"href":"https:\/\/blogs.correio24horas.com.br\/mesalte\/wp-json\/wp\/v2\/posts\/23125","targetHints":{"allow":["GET"]}}],"collection":[{"href":"https:\/\/blogs.correio24horas.com.br\/mesalte\/wp-json\/wp\/v2\/posts"}],"about":[{"href":"https:\/\/blogs.correio24horas.com.br\/mesalte\/wp-json\/wp\/v2\/types\/post"}],"author":[{"embeddable":true,"href":"https:\/\/blogs.correio24horas.com.br\/mesalte\/wp-json\/wp\/v2\/users\/1"}],"replies":[{"embeddable":true,"href":"https:\/\/blogs.correio24horas.com.br\/mesalte\/wp-json\/wp\/v2\/comments?post=23125"}],"version-history":[{"count":3,"href":"https:\/\/blogs.correio24horas.com.br\/mesalte\/wp-json\/wp\/v2\/posts\/23125\/revisions"}],"predecessor-version":[{"id":23129,"href":"https:\/\/blogs.correio24horas.com.br\/mesalte\/wp-json\/wp\/v2\/posts\/23125\/revisions\/23129"}],"wp:attachment":[{"href":"https:\/\/blogs.correio24horas.com.br\/mesalte\/wp-json\/wp\/v2\/media?parent=23125"}],"wp:term":[{"taxonomy":"category","embeddable":true,"href":"https:\/\/blogs.correio24horas.com.br\/mesalte\/wp-json\/wp\/v2\/categories?post=23125"},{"taxonomy":"post_tag","embeddable":true,"href":"https:\/\/blogs.correio24horas.com.br\/mesalte\/wp-json\/wp\/v2\/tags?post=23125"}],"curies":[{"name":"wp","href":"https:\/\/api.w.org\/{rel}","templated":true}]}}