{"id":23112,"date":"2021-10-23T13:59:25","date_gmt":"2021-10-23T16:59:25","guid":{"rendered":"https:\/\/blogs.correio24horas.com.br\/mesalte\/?p=23112"},"modified":"2021-10-23T13:59:27","modified_gmt":"2021-10-23T16:59:27","slug":"startup-cria-movimento-para-conectar-empresas-brasileiras-e-estimular-culturas-mais-diversas-e-inclusivas","status":"publish","type":"post","link":"https:\/\/blogs.correio24horas.com.br\/mesalte\/startup-cria-movimento-para-conectar-empresas-brasileiras-e-estimular-culturas-mais-diversas-e-inclusivas\/","title":{"rendered":"Startup cria movimento para conectar empresas brasileiras e estimular culturas mais diversas e inclusivas"},"content":{"rendered":"\n<p> Incentivar a troca entre as organiza\u00e7\u00f5es, cada vez em maior n\u00famero engajadas na promo\u00e7\u00e3o da diversidade e inclus\u00e3o, \u00e9 o que a startup de inova\u00e7\u00e3o social em diversidade Blend Edu quer potencializar com o movimento #DiversidadeEmPr\u00e1tica. A ideia \u00e9 estimular as marcas comprometidas com a pauta de D&amp;I a divulgarem suas pr\u00e1ticas nas redes sociais, de modo a mobilizar aquelas que ainda v\u00eaem dificuldade na implementa\u00e7\u00e3o de a\u00e7\u00f5es. <\/p>\n\n\n\n<p>O passo seguinte, ap\u00f3s o compartilhamento de cases de sucesso, ser\u00e1 criar um banco de boas pr\u00e1ticas e um podcast com o detalhamento das propostas mais inovadoras. A Blend Edu ainda premiar\u00e1 os melhores cases em evento previsto para 2022.<\/p>\n\n\n\n<p>Para marcar o lan\u00e7amento do movimento, a startup vai realizar o Diversidade em Pr\u00e1tica Summit, evento online e gratuito, de 26 a 28 de outubro, que envolver\u00e1 palestras, apresenta\u00e7\u00f5es de cases, Master Classes e interven\u00e7\u00f5es art\u00edsticas. O evento ser\u00e1 voltado a lideran\u00e7as e profissionais de RH, de responsabilidade social, sustentabilidade e de comunica\u00e7\u00e3o interna, al\u00e9m de grupos de afinidade, e pessoas que acreditam em um mundo inclusivo. Daiane dos Santos ser\u00e1 uma das convidadas especiais, e far\u00e1 a palestra de abertura. Tamb\u00e9m conduzir\u00e3o Master Classes Theo Van der Loo, CEO da NatuScience SA; Daniele Botaro, head de diversidade e inclus\u00e3o da Oracle para a Am\u00e9rica Latina; Mattheus Felippe, especialista em D&amp;I; e Vivi Duarte, fundadora do Plano Feminino. O evento contar\u00e1 ainda com a apresenta\u00e7\u00e3o dos cases de empresas como Magalu, 99Jobs, Shell, Telecine, Cielo, OLX e Skol. <\/p>\n\n\n\n<p>Projeto social<\/p>\n\n\n\n<p>Para garantir que o movimento torne a sociedade mais inclusiva e diversa, como um desdobramento do movimento, a Blend Edu vai garantir a doa\u00e7\u00e3o de 15 mil reais a tr\u00eas institui\u00e7\u00f5es indicadas por influenciadores e palestrantes do evento. Poder\u00e3o ser contempladas organiza\u00e7\u00f5es que colocam a diversidade em pr\u00e1tica trabalhando com: acolhimento de pessoas LGBTQIA+, mulheres em situa\u00e7\u00e3o de viol\u00eancia dom\u00e9stica, projetos que atuam para a forma\u00e7\u00e3o e capacita\u00e7\u00e3o de pessoas com defici\u00eancia, que trabalham com empoderamento e gera\u00e7\u00e3o de renda para pessoas negras e que promovam a diversidade em geral.<\/p>\n\n\n\n<p>Entre os crit\u00e9rios de sele\u00e7\u00e3o, ser\u00e3o analisados como aspectos: n\u00famero de indica\u00e7\u00f5es, dimens\u00e3o do impacto da doa\u00e7\u00e3o na atua\u00e7\u00e3o da institui\u00e7\u00e3o e diversidade regional.<\/p>\n\n\n\n<p>As institui\u00e7\u00f5es selecionadas ser\u00e3o divulgadas durante o Diversidade em Pr\u00e1tica Summit, com uma exposi\u00e7\u00e3o dos projetos e breve contextualiza\u00e7\u00e3o do trabalho realizado por elas. Os valores ser\u00e3o doados ao final do evento e os resultados ser\u00e3o divulgados nas redes sociais e na newsletter do evento.<\/p>\n\n\n\n<p>Fundada em 2018 por Thalita Gelenske, a Blend Edu j\u00e1 impactou mais de 20.000 pessoas e 58 empresas. Em decorr\u00eancia da relev\u00e2ncia do trabalho, Thalita esteve presente na lista da Forbes Under 30 de 2019 como uma das seis jovens destaques na categoria Terceiro Setor e Empreendedorismo Social. Em 2021, foi inclu\u00edda no Top 25 HR Influencers, importante ranking de l\u00edderes de Recursos Humanos do Brasil. Desde que teve in\u00edcio at\u00e9 2020, a startup viu sua receita crescer nove vezes, prova de que disseminar diversidade e inclus\u00e3o \u00e9 um neg\u00f3cio que traz impacto positivo e lucro.<\/p>\n\n\n\n<p><\/p>\n\n\n\n<p>Servi\u00e7o:<\/p>\n\n\n\n<p>Diversidade em Pr\u00e1tica Summit<\/p>\n\n\n\n<p>26 a 28 de outubro<\/p>\n\n\n\n<p>Inscri\u00e7\u00f5es pelo site: https:\/\/bit.ly\/DiversidadeEmPr\u00e1tica<\/p>\n\n\n\n<p>Participantes confirmados: Daiane dos Santos, Theo Van der Loo (NatuScience SA), Daniele Botaro (Oracle), lideran\u00e7as da Skol, 99 Jobs, Telecine e Cielo.<\/p>\n\n\n\n<p>Apoiadores confirmados: ABRH Brasil, Movimento Capitalismo Consciente, Revista HSM, Conectar360, Sopro, Hand Talk, 99jobs e Endeavor.<\/p>\n","protected":false},"excerpt":{"rendered":"<p>Incentivar a troca entre as organiza\u00e7\u00f5es, cada vez em maior n\u00famero engajadas na promo\u00e7\u00e3o da diversidade e inclus\u00e3o, \u00e9 o que a startup de inova\u00e7\u00e3o social [&hellip;]<\/p>\n","protected":false},"author":1,"featured_media":0,"comment_status":"open","ping_status":"open","sticky":false,"template":"","format":"standard","meta":{"footnotes":""},"categories":[80],"tags":[],"class_list":["post-23112","post","type-post","status-publish","format-standard","hentry","category-home"],"_links":{"self":[{"href":"https:\/\/blogs.correio24horas.com.br\/mesalte\/wp-json\/wp\/v2\/posts\/23112","targetHints":{"allow":["GET"]}}],"collection":[{"href":"https:\/\/blogs.correio24horas.com.br\/mesalte\/wp-json\/wp\/v2\/posts"}],"about":[{"href":"https:\/\/blogs.correio24horas.com.br\/mesalte\/wp-json\/wp\/v2\/types\/post"}],"author":[{"embeddable":true,"href":"https:\/\/blogs.correio24horas.com.br\/mesalte\/wp-json\/wp\/v2\/users\/1"}],"replies":[{"embeddable":true,"href":"https:\/\/blogs.correio24horas.com.br\/mesalte\/wp-json\/wp\/v2\/comments?post=23112"}],"version-history":[{"count":2,"href":"https:\/\/blogs.correio24horas.com.br\/mesalte\/wp-json\/wp\/v2\/posts\/23112\/revisions"}],"predecessor-version":[{"id":23114,"href":"https:\/\/blogs.correio24horas.com.br\/mesalte\/wp-json\/wp\/v2\/posts\/23112\/revisions\/23114"}],"wp:attachment":[{"href":"https:\/\/blogs.correio24horas.com.br\/mesalte\/wp-json\/wp\/v2\/media?parent=23112"}],"wp:term":[{"taxonomy":"category","embeddable":true,"href":"https:\/\/blogs.correio24horas.com.br\/mesalte\/wp-json\/wp\/v2\/categories?post=23112"},{"taxonomy":"post_tag","embeddable":true,"href":"https:\/\/blogs.correio24horas.com.br\/mesalte\/wp-json\/wp\/v2\/tags?post=23112"}],"curies":[{"name":"wp","href":"https:\/\/api.w.org\/{rel}","templated":true}]}}