{"id":23109,"date":"2021-10-12T11:41:28","date_gmt":"2021-10-12T14:41:28","guid":{"rendered":"https:\/\/blogs.correio24horas.com.br\/mesalte\/?p=23109"},"modified":"2021-10-12T11:41:30","modified_gmt":"2021-10-12T14:41:30","slug":"do-rio-a-natal-grupo-san-sebastian-promove-festas-de-final-de-ano-com-grandes-estrelas","status":"publish","type":"post","link":"https:\/\/blogs.correio24horas.com.br\/mesalte\/do-rio-a-natal-grupo-san-sebastian-promove-festas-de-final-de-ano-com-grandes-estrelas\/","title":{"rendered":"Do Rio \u00e0 Natal: grupo San Sebastian promove festas de final de ano com grandes estrelas"},"content":{"rendered":"\n<p>O\u00a0Grupo San Sebastian, especializado em eventos com base em Salvador, \u00a0volta a celebrar o fim do ano no\u00a0Rio de Janeiro, com uma programa\u00e7\u00e3o de tr\u00eas dias,\u00a0de 27 a 29 de dezembro, no Jockey Club. Al\u00e9m de 12 DJs nacionais e internacionais, a programa\u00e7\u00e3o contar\u00e1 com tr\u00eas selos diferentes. <\/p>\n\n\n\n<p>No dia 28,\u00a0Claudia Leitte\u00a0comanda a festa\u00a0<em>Blow Out White Party<\/em>; na v\u00e9spera, no dia 27,\u00a0Luisa Sonza\u00a0e\u00a0Alinne Rosa\u00a0agitam o\u00a0<em>R\u00e9veillon do Vale<\/em>; e\u00a0Lumilla\u00a0e\u00a0Gloria Groove\u00a0fazem a festa do p\u00fablico na\u00a0<em>Rainha da Favela<\/em>, no dia 29. A programa\u00e7\u00e3o di\u00e1ria completa pode ser encontrada no\u00a0<a rel=\"noreferrer noopener\" href=\"http:\/\/www.sanfolia.com\/\" target=\"_blank\">site do San Folia<\/a>, plataforma de vendas da produtora de eventos.<\/p>\n\n\n\n<p>O simbolismo de recome\u00e7o da virada do ano traz o clima de retomada dos eventos tamb\u00e9m a\u00a0Natal\u00a0(RN), respeitando as flexibiliza\u00e7\u00f5es de cada destino. No Rio Grande do Norte, o\u00a0<em>R\u00e9veillon Sant\u00e9 2022<\/em>\u00a0acontecer\u00e1\u00a0de 29 de dezembro a 2 de janeiro, reunindo uma grade de atra\u00e7\u00f5es especial com\u00a0Ivete Sangalo, Claudia Leitte, Lu\u00edsa Sonza, Alinne Rosa,\u00a0\u00c9 O Tchan\u00a0e mais de 10 DJs nacionais e internacionais, como Anne Louise, Aron (ISR) e Dani Touro (ESP). A programa\u00e7\u00e3o acontecer\u00e1 no Aram Imir\u00e1 Plaza Hotel, na melhor localiza\u00e7\u00e3o da cidade. Mais detalhes no\u00a0<a rel=\"noreferrer noopener\" href=\"http:\/\/www.reveillonsantenatal.com\/\" target=\"_blank\">site do evento<\/a>.<\/p>\n","protected":false},"excerpt":{"rendered":"<p>O\u00a0Grupo San Sebastian, especializado em eventos com base em Salvador, \u00a0volta a celebrar o fim do ano no\u00a0Rio de Janeiro, com uma programa\u00e7\u00e3o de tr\u00eas dias,\u00a0de [&hellip;]<\/p>\n","protected":false},"author":1,"featured_media":23110,"comment_status":"open","ping_status":"open","sticky":false,"template":"","format":"standard","meta":{"footnotes":""},"categories":[28,80],"tags":[],"class_list":["post-23109","post","type-post","status-publish","format-standard","has-post-thumbnail","hentry","category-farofa-digital","category-home"],"_links":{"self":[{"href":"https:\/\/blogs.correio24horas.com.br\/mesalte\/wp-json\/wp\/v2\/posts\/23109","targetHints":{"allow":["GET"]}}],"collection":[{"href":"https:\/\/blogs.correio24horas.com.br\/mesalte\/wp-json\/wp\/v2\/posts"}],"about":[{"href":"https:\/\/blogs.correio24horas.com.br\/mesalte\/wp-json\/wp\/v2\/types\/post"}],"author":[{"embeddable":true,"href":"https:\/\/blogs.correio24horas.com.br\/mesalte\/wp-json\/wp\/v2\/users\/1"}],"replies":[{"embeddable":true,"href":"https:\/\/blogs.correio24horas.com.br\/mesalte\/wp-json\/wp\/v2\/comments?post=23109"}],"version-history":[{"count":1,"href":"https:\/\/blogs.correio24horas.com.br\/mesalte\/wp-json\/wp\/v2\/posts\/23109\/revisions"}],"predecessor-version":[{"id":23111,"href":"https:\/\/blogs.correio24horas.com.br\/mesalte\/wp-json\/wp\/v2\/posts\/23109\/revisions\/23111"}],"wp:featuredmedia":[{"embeddable":true,"href":"https:\/\/blogs.correio24horas.com.br\/mesalte\/wp-json\/wp\/v2\/media\/23110"}],"wp:attachment":[{"href":"https:\/\/blogs.correio24horas.com.br\/mesalte\/wp-json\/wp\/v2\/media?parent=23109"}],"wp:term":[{"taxonomy":"category","embeddable":true,"href":"https:\/\/blogs.correio24horas.com.br\/mesalte\/wp-json\/wp\/v2\/categories?post=23109"},{"taxonomy":"post_tag","embeddable":true,"href":"https:\/\/blogs.correio24horas.com.br\/mesalte\/wp-json\/wp\/v2\/tags?post=23109"}],"curies":[{"name":"wp","href":"https:\/\/api.w.org\/{rel}","templated":true}]}}