{"id":23096,"date":"2021-10-06T19:19:41","date_gmt":"2021-10-06T22:19:41","guid":{"rendered":"https:\/\/blogs.correio24horas.com.br\/mesalte\/?p=23096"},"modified":"2021-10-06T19:19:51","modified_gmt":"2021-10-06T22:19:51","slug":"apos-polemica-xuxa-apresentara-ao-lado-de-ikaro-kadoshi-reality-de-drags-na-amazon-prime","status":"publish","type":"post","link":"https:\/\/blogs.correio24horas.com.br\/mesalte\/apos-polemica-xuxa-apresentara-ao-lado-de-ikaro-kadoshi-reality-de-drags-na-amazon-prime\/","title":{"rendered":"Ap\u00f3s pol\u00eamica, Xuxa apresentar\u00e1 ao lado de Ikaro Kadoshi reality de drags na Amazon Prime"},"content":{"rendered":"\n<p>Xuxa Meneghel, 58, se vestiu de drag queen para anunciar que \u00e9 a nova apresentadora do reality Caravana das Drags, ainda sem data definida para estrear no Amazon Prime Video, que contou a novidade pelo Twitter destacando que Xuxa n\u00e3o estar\u00e1 sozinha. \u201cJ\u00e1 que voc\u00eas adoram uma fofoca, vim aqui trazer a real: Xuxa e Ikaro Kadoshi v\u00e3o apresentar meu novo reality show. #CaravanaDasDrags vem muito a\u00ed\u201d, diz a publica\u00e7\u00e3o da plataforma. <\/p>\n\n\n\n<p>Em agosto, ela teve de conviver com cr\u00edticas de parte do p\u00fablico quando foi especulado que ela comandaria a vers\u00e3o brasileira do RuPaul\u2019s Drag Race Brasil. F\u00e3s na internet diziam preferir que uma drag estivesse \u00e0 frente do programa.<\/p>\n\n\n\n<p>Na ocasi\u00e3o, a drag Paulette Pink, amiga pr\u00f3xima de Xuxa, disse por meio de um v\u00eddeo que a Rainha dos Baixinhos estava chateada com a rejei\u00e7\u00e3o. Agora, com uma nova parceria firmada, Xuxa fez quest\u00e3o de falar que est\u00e1 muito feliz. \u201cPara muitos que torceram o nariz, aviso que vou me divertir muito. Beijos a toda a comunidade LGBTQIA+ e para quem os respeitam. E beijinho, beijinho, tchau, tchau aos preconceituosos\u201d, escreveu Xuxa no Instagram.<\/p>\n\n\n\n<p>Esse ser\u00e1 o primeiro programa comandado por ela ap\u00f3s a sua sa\u00edda da Record, em 2020. A s\u00e9rie acompanhar\u00e1 a competi\u00e7\u00e3o entre artistas drag em uma viagem pelo Brasil em um \u00f4nibus extravagantemente decorado.<\/p>\n\n\n\n<p>A competi\u00e7\u00e3o contar\u00e1 com artistas drag de todo o pa\u00eds, que far\u00e3o um tour por diferentes cidades do Brasil e v\u00e3o enfrentar diferentes desafios inspirados nas tradi\u00e7\u00f5es culturais de cada local. <\/p>\n\n\n\n<p>O show ter\u00e1 um grupo de jurados composto pelas apresentadoras e convidados especiais que representar\u00e3o a cultura local de cada cidade. Ao final de todos os epis\u00f3dios, uma drag ser\u00e1 eliminada, at\u00e9 que restem as finalistas.<\/p>\n","protected":false},"excerpt":{"rendered":"<p>Xuxa Meneghel, 58, se vestiu de drag queen para anunciar que \u00e9 a nova apresentadora do reality Caravana das Drags, ainda sem data definida para estrear [&hellip;]<\/p>\n","protected":false},"author":2,"featured_media":23097,"comment_status":"open","ping_status":"open","sticky":false,"template":"","format":"standard","meta":{"footnotes":""},"categories":[80,25],"tags":[72,416],"class_list":["post-23096","post","type-post","status-publish","format-standard","has-post-thumbnail","hentry","category-home","category-me-transformo","tag-drag","tag-xuxa"],"_links":{"self":[{"href":"https:\/\/blogs.correio24horas.com.br\/mesalte\/wp-json\/wp\/v2\/posts\/23096","targetHints":{"allow":["GET"]}}],"collection":[{"href":"https:\/\/blogs.correio24horas.com.br\/mesalte\/wp-json\/wp\/v2\/posts"}],"about":[{"href":"https:\/\/blogs.correio24horas.com.br\/mesalte\/wp-json\/wp\/v2\/types\/post"}],"author":[{"embeddable":true,"href":"https:\/\/blogs.correio24horas.com.br\/mesalte\/wp-json\/wp\/v2\/users\/2"}],"replies":[{"embeddable":true,"href":"https:\/\/blogs.correio24horas.com.br\/mesalte\/wp-json\/wp\/v2\/comments?post=23096"}],"version-history":[{"count":1,"href":"https:\/\/blogs.correio24horas.com.br\/mesalte\/wp-json\/wp\/v2\/posts\/23096\/revisions"}],"predecessor-version":[{"id":23098,"href":"https:\/\/blogs.correio24horas.com.br\/mesalte\/wp-json\/wp\/v2\/posts\/23096\/revisions\/23098"}],"wp:featuredmedia":[{"embeddable":true,"href":"https:\/\/blogs.correio24horas.com.br\/mesalte\/wp-json\/wp\/v2\/media\/23097"}],"wp:attachment":[{"href":"https:\/\/blogs.correio24horas.com.br\/mesalte\/wp-json\/wp\/v2\/media?parent=23096"}],"wp:term":[{"taxonomy":"category","embeddable":true,"href":"https:\/\/blogs.correio24horas.com.br\/mesalte\/wp-json\/wp\/v2\/categories?post=23096"},{"taxonomy":"post_tag","embeddable":true,"href":"https:\/\/blogs.correio24horas.com.br\/mesalte\/wp-json\/wp\/v2\/tags?post=23096"}],"curies":[{"name":"wp","href":"https:\/\/api.w.org\/{rel}","templated":true}]}}