{"id":23094,"date":"2021-10-03T13:03:24","date_gmt":"2021-10-03T16:03:24","guid":{"rendered":"https:\/\/blogs.correio24horas.com.br\/mesalte\/?p=23094"},"modified":"2021-10-03T13:03:27","modified_gmt":"2021-10-03T16:03:27","slug":"genard-melo-faz-temporada-de-shows-na-la-bouche-creperia-e-bar-na-barra","status":"publish","type":"post","link":"https:\/\/blogs.correio24horas.com.br\/mesalte\/genard-melo-faz-temporada-de-shows-na-la-bouche-creperia-e-bar-na-barra\/","title":{"rendered":"Genard Melo faz temporada de shows na La Bouche Creperia e Bar, na Barra"},"content":{"rendered":"\n<p>O som da sanfona misturado aos batuques da ax\u00e9 music para animar as tardes de s\u00e1bado na La Bouche Creperia e Bar, na Barra. Essa \u00e9 a proposta do cantor Genard Melo que est\u00e1, nas apresenta\u00e7\u00f5es, passeando por todos os ritmos em um show super ecl\u00e9tico que agrada baianos e turistas.<\/p>\n\n\n\n<p>A apresenta\u00e7\u00e3o come\u00e7a \u00e0s 16h e sempre ter\u00e1 no repert\u00f3rio m\u00fasicas da atualidade al\u00e9m da can\u00e7\u00e3o \u201cO controle\u201d, que \u00e9 uma das m\u00fasicas in\u00e9ditas do novo EP. A can\u00e7\u00e3o foi composta por Pollyanna Maria e Tonho Mat\u00e9ria.<\/p>\n\n\n\n<p>Genard Melo foi cantor revela\u00e7\u00e3o do S\u00e3o Jo\u00e3o do Pelourinho 2018, foi destaque no carnaval de Salvador, passou pelas bandas Cavaleiros do Forr\u00f3 e Claudia Leitte \u2013 incluiu no report\u00f3rio m\u00fasicas como Prefixo de Ver\u00e3o (Banda Mel), Me usa (Magn\u00edficos) e Baby me atende (Matheus Fernandes). \u201cEu gosto da mistura. M\u00fasica boa que as pessoas chamam de \u2018antiga\u2019 ao atual, da moda. Imposs\u00edvel \u00e9 ficar sem dan\u00e7ar\u201d, afirma o cantor.<\/p>\n\n\n\n<p>SERVI\u00c7O<br>\nAtra\u00e7\u00e3o: Genard<br>\nData: Todos os s\u00e1bados<br>\nLocal: La Bouche Creperia e Bar (Rua Dias D\u2019\u00e1vila, 25 \u2013 Barra)<br>\nHor\u00e1rio: 16h<br>\nCouvert: R$ 8<br>\nClassifica\u00e7\u00e3o livre<br>\nMais informa\u00e7\u00f5es: 99228-6793<\/p>\n","protected":false},"excerpt":{"rendered":"<p>O som da sanfona misturado aos batuques da ax\u00e9 music para animar as tardes de s\u00e1bado na La Bouche Creperia e Bar, na Barra. Essa \u00e9 [&hellip;]<\/p>\n","protected":false},"author":1,"featured_media":0,"comment_status":"open","ping_status":"open","sticky":false,"template":"","format":"standard","meta":{"footnotes":""},"categories":[80,16],"tags":[],"class_list":["post-23094","post","type-post","status-publish","format-standard","hentry","category-home","category-me-jogo"],"_links":{"self":[{"href":"https:\/\/blogs.correio24horas.com.br\/mesalte\/wp-json\/wp\/v2\/posts\/23094","targetHints":{"allow":["GET"]}}],"collection":[{"href":"https:\/\/blogs.correio24horas.com.br\/mesalte\/wp-json\/wp\/v2\/posts"}],"about":[{"href":"https:\/\/blogs.correio24horas.com.br\/mesalte\/wp-json\/wp\/v2\/types\/post"}],"author":[{"embeddable":true,"href":"https:\/\/blogs.correio24horas.com.br\/mesalte\/wp-json\/wp\/v2\/users\/1"}],"replies":[{"embeddable":true,"href":"https:\/\/blogs.correio24horas.com.br\/mesalte\/wp-json\/wp\/v2\/comments?post=23094"}],"version-history":[{"count":1,"href":"https:\/\/blogs.correio24horas.com.br\/mesalte\/wp-json\/wp\/v2\/posts\/23094\/revisions"}],"predecessor-version":[{"id":23095,"href":"https:\/\/blogs.correio24horas.com.br\/mesalte\/wp-json\/wp\/v2\/posts\/23094\/revisions\/23095"}],"wp:attachment":[{"href":"https:\/\/blogs.correio24horas.com.br\/mesalte\/wp-json\/wp\/v2\/media?parent=23094"}],"wp:term":[{"taxonomy":"category","embeddable":true,"href":"https:\/\/blogs.correio24horas.com.br\/mesalte\/wp-json\/wp\/v2\/categories?post=23094"},{"taxonomy":"post_tag","embeddable":true,"href":"https:\/\/blogs.correio24horas.com.br\/mesalte\/wp-json\/wp\/v2\/tags?post=23094"}],"curies":[{"name":"wp","href":"https:\/\/api.w.org\/{rel}","templated":true}]}}