{"id":23080,"date":"2021-09-24T16:42:54","date_gmt":"2021-09-24T19:42:54","guid":{"rendered":"https:\/\/blogs.correio24horas.com.br\/mesalte\/?p=23080"},"modified":"2021-09-24T16:42:56","modified_gmt":"2021-09-24T19:42:56","slug":"balcao-para-mudanca-de-nome-e-disponibilizado-por-shopping-na-semana-lgbtqia","status":"publish","type":"post","link":"https:\/\/blogs.correio24horas.com.br\/mesalte\/balcao-para-mudanca-de-nome-e-disponibilizado-por-shopping-na-semana-lgbtqia\/","title":{"rendered":"Balc\u00e3o para mudan\u00e7a de nome \u00e9 disponibilizado por shopping na Semana LGBTQIA+"},"content":{"rendered":"\n<p>Entre os dias 24 de setembro e 03 de outubro, o Shopping da Bahia recebe a Semana LGBTQIA+, e traz, este ano, um balc\u00e3o para altera\u00e7\u00e3o de registro de nascimento pelo nome social para residentes de Salvador e Regi\u00e3o Metropolitana. O espa\u00e7o foi disponibilizado atrav\u00e9s de uma parceria com o Minist\u00e9rio P\u00fablico do Estado da Bahia (MP-BA).     <\/p>\n\n\n\n<p>A programa\u00e7\u00e3o tamb\u00e9m inclui a realiza\u00e7\u00e3o de bate-papos e palestras sobre ado\u00e7\u00e3o homoafetiva, acesso e fomento das pessoas LGBTQIAP+ no mercado de trabalho, o que fazer em casos de lgbtfobia, dentre outros temas. O evento \u00e9 gratuito, aberto ao p\u00fablico e acontecer\u00e1 na Pra\u00e7a Menininha do Gantois, no 3\u00ba piso. <\/p>\n\n\n\n<p>Sobre a possibilidade de alterar o nome de nascimento sem a exig\u00eancia de uma a\u00e7\u00e3o judicial, M\u00e1rcia Teixeira, promotora de Justi\u00e7a do MP-BA, afirma que \u201cessa \u00e9 uma quest\u00e3o de dignidade para a pessoa humana. Ter seu nome no documento, de acordo com sua identidade de g\u00eanero, repercute em todas as \u00e1reas da vida\u201d. Ela explica que, para a mudan\u00e7a de nome ocorrer, uma das etapas \u00e9 a retirada de 26 documentos, o que gera um custo de cerca de R$ 300. Pensando nisso, foi firmada parceria com o Shopping da Bahia, que vai custear 30 retifica\u00e7\u00f5es. A sele\u00e7\u00e3o ser\u00e1 feita ap\u00f3s an\u00e1lise socioecon\u00f4mica. <\/p>\n\n\n\n<p>Em parceria com o IRIS \u2013 Instituto de Responsabilidade Social e a Abreu e Bittencourt Advocacia e Consultoria Jur\u00eddica, al\u00e9m dos ciclos de di\u00e1logo e troca de experi\u00eancia, o evento tamb\u00e9m vai contar com  interven\u00e7\u00f5es visuais e outras a\u00e7\u00f5es, como a plotagem da escada fixa, que liga a Pra\u00e7a Divaldo Franco, no 2\u00ba piso, \u00e0 loja Camicado, no 3\u00ba piso, que receber\u00e1 as cores da Bandeira Arco-\u00edris, um s\u00edmbolo da Comunidade Gay e do Movimento LGBT, al\u00e9m da exibi\u00e7\u00e3o de diversas pe\u00e7as de comunica\u00e7\u00e3o por todo o empreendimento, incluindo banheiros, totens e estacionamentos.  <\/p>\n\n\n\n<p>Superintendente do shopping, Wilton Oliveira acredita que \u201co debate e a troca de experi\u00eancias e conhecimentos \u00e9 um dos maiores triunfos que as semanas da Diversidade e LGBTQIA+ est\u00e3o obtendo\u201d. Ele arremata: \u201cpara n\u00f3s, do Shopping da Bahia, um espa\u00e7o pluralizado, \u00e9 de extrema import\u00e2ncia promover e participar de momentos como este\u201d. <\/p>\n\n\n\n<p>Confira a programa\u00e7\u00e3o (com in\u00edcio sempre \u00e0s 17h): <\/p>\n\n\n\n<p>26\/09 \u2013 Bate-papo: Identidade Queer, com Sued Hosan\u00e1, travesti, poeta e perfomer; Jenny Muller, artvista, roteirista colaboradora do projeto N\u00facleo de Mulheres Roteiristas; e Spadina Banks (mediadora), drag queen e apresentadora. <\/p>\n\n\n\n<p>27\/09 &#8211; Bate-papo: Artvismo e Representatividade, com Petra Per\u00f3n, drag queen e associada do M\u00eddia Ninja; Bia Mathieu, drag queen e mestre com pesquisa sobre &#8216;Resgate da Arte Drag e Milit\u00e2ncia&#8217;, e Spadina Banks (mediadora), drag queen e apresentadora. <\/p>\n\n\n\n<p>28\/09 &#8211; Bate-papo: Fam\u00edlia a Acolhimento \u00e0s Pessoas LGBTQIAP+, com Beth Dantas, professora e integrante do grupo M\u00e3es Pela Diversidade; Jo\u00e3o Hugo, homem trans, comunicador social e ex-coordenador da Casa Aurora &#8211; Casa de Acolhimento \u00e0 Pessoas Trans de Salvador, e Spadina Banks (mediadora), drag queen e apresentadora. <\/p>\n\n\n\n<p>29\/09 &#8211; Palestra: Acesso e Fomento \u00e0 Pessoas LGBTQIAP+ no Mercado de Trabalho, com \u00c2ngelo Biset, gestor de RH e administrador do @entreelesdois; Chris Gurgel, advogada e presidente da Comiss\u00e3o de Direitos Humanos do Instituto de Advogados da Bahia (IAB-BA), e Ives Bittencourt (mediador), advogado humanista e membro da Comiss\u00e3o de Diversidade Sexual e Enfrentamento \u00e0 Homofobia da OAB-BA. <\/p>\n\n\n\n<p>30\/09 &#8211; Palestra: Combate ao Racismo a \u00e0 Gordofobia dentro da Comunidade LGBTQIAP+, com Naiana Ribeiro, gordoativista e digital influencer; Arthur Igor Lima, dentista, CEO da plataforma AfroSa\u00fade e Forbes  Under 30, e Gabriel Leal (mediador), psic\u00f3logo e CEO da Redes Vivas &#8211; Sa\u00fade das Popula\u00e7\u00f5es Negra e LGBT. <\/p>\n\n\n\n<p>01\/10 &#8211; Workshop: Em Casos de LGBTFOBIA, o Que Fazer?, com major Fl\u00e1via Barreto, porta-voz da Policial Militar da Bahia (PMBA); Daniela Portugal, advogada e professora de Direito Penal (UFBA), e Roberto Ney (mediador), jurista e pesquisador. <\/p>\n\n\n\n<p>Servi\u00e7o: <\/p>\n\n\n\n<p>O que? Semana LGBTQIA+ <\/p>\n\n\n\n<p>Quando? De 24 de setembro e 03 de outubro  <\/p>\n\n\n\n<p>Onde? No Shopping da Bahia<\/p>\n","protected":false},"excerpt":{"rendered":"<p>Entre os dias 24 de setembro e 03 de outubro, o Shopping da Bahia recebe a Semana LGBTQIA+, e traz, este ano, um balc\u00e3o para altera\u00e7\u00e3o [&hellip;]<\/p>\n","protected":false},"author":1,"featured_media":3249,"comment_status":"open","ping_status":"open","sticky":false,"template":"","format":"standard","meta":{"footnotes":""},"categories":[80,11],"tags":[],"class_list":["post-23080","post","type-post","status-publish","format-standard","has-post-thumbnail","hentry","category-home","category-me-informo"],"_links":{"self":[{"href":"https:\/\/blogs.correio24horas.com.br\/mesalte\/wp-json\/wp\/v2\/posts\/23080","targetHints":{"allow":["GET"]}}],"collection":[{"href":"https:\/\/blogs.correio24horas.com.br\/mesalte\/wp-json\/wp\/v2\/posts"}],"about":[{"href":"https:\/\/blogs.correio24horas.com.br\/mesalte\/wp-json\/wp\/v2\/types\/post"}],"author":[{"embeddable":true,"href":"https:\/\/blogs.correio24horas.com.br\/mesalte\/wp-json\/wp\/v2\/users\/1"}],"replies":[{"embeddable":true,"href":"https:\/\/blogs.correio24horas.com.br\/mesalte\/wp-json\/wp\/v2\/comments?post=23080"}],"version-history":[{"count":1,"href":"https:\/\/blogs.correio24horas.com.br\/mesalte\/wp-json\/wp\/v2\/posts\/23080\/revisions"}],"predecessor-version":[{"id":23081,"href":"https:\/\/blogs.correio24horas.com.br\/mesalte\/wp-json\/wp\/v2\/posts\/23080\/revisions\/23081"}],"wp:featuredmedia":[{"embeddable":true,"href":"https:\/\/blogs.correio24horas.com.br\/mesalte\/wp-json\/wp\/v2\/media\/3249"}],"wp:attachment":[{"href":"https:\/\/blogs.correio24horas.com.br\/mesalte\/wp-json\/wp\/v2\/media?parent=23080"}],"wp:term":[{"taxonomy":"category","embeddable":true,"href":"https:\/\/blogs.correio24horas.com.br\/mesalte\/wp-json\/wp\/v2\/categories?post=23080"},{"taxonomy":"post_tag","embeddable":true,"href":"https:\/\/blogs.correio24horas.com.br\/mesalte\/wp-json\/wp\/v2\/tags?post=23080"}],"curies":[{"name":"wp","href":"https:\/\/api.w.org\/{rel}","templated":true}]}}