{"id":23076,"date":"2021-09-24T15:03:13","date_gmt":"2021-09-24T18:03:13","guid":{"rendered":"https:\/\/blogs.correio24horas.com.br\/mesalte\/?p=23076"},"modified":"2021-09-24T15:03:27","modified_gmt":"2021-09-24T18:03:27","slug":"atriz-da-globo-mostra-hematomas-e-denuncia-transfobia-em-caraiva-na-bahia-preconceito","status":"publish","type":"post","link":"https:\/\/blogs.correio24horas.com.br\/mesalte\/atriz-da-globo-mostra-hematomas-e-denuncia-transfobia-em-caraiva-na-bahia-preconceito\/","title":{"rendered":"Atriz da Globo mostra hematomas e denuncia transfobia em Cara\u00edva, na Bahia: &#8216;preconceito&#8217;"},"content":{"rendered":"\n<p>A atriz Marcella Maia denunciou em postagens em uma rede social que foi v\u00edtima de transfobia em Cara\u00edva, na cidade de&nbsp;Porto Seguro, no sul da Bahia. Ela mostrou imagens em que aparece com hematomas na regi\u00e3o do pesco\u00e7o e ombros.<\/p>\n\n\n\n<p>&#8220;Preconceito existe. Se cuidem. Sem ch\u00e3o, sem for\u00e7as. T\u00f4 viva&#8221;, escreveu. &#8220;Meu corpo n\u00e3o merece isso&#8221;, acrescentou, usando a hashtag &#8220;transfobia&#8221;. A agress\u00e3o aconteceu na madrugada da quarta-feira (22), mas a atriz n\u00e3o postou detalhes sobre como foi a situa\u00e7\u00e3o, nem quem a agrediu.<\/p>\n\n\n\n<figure class=\"wp-block-image\"><img loading=\"lazy\" decoding=\"async\" width=\"1000\" height=\"563\" src=\"https:\/\/blogs.correio24h.com.br\/mesalte\/wp-content\/uploads\/2021\/09\/csm_marcellamaia_a38eb6865d.png\" alt=\"\" class=\"wp-image-23077\" srcset=\"https:\/\/blogs.correio24h.com.br\/mesalte\/wp-content\/uploads\/2021\/09\/csm_marcellamaia_a38eb6865d.png 1000w, https:\/\/blogs.correio24h.com.br\/mesalte\/wp-content\/uploads\/2021\/09\/csm_marcellamaia_a38eb6865d-300x169.png 300w, https:\/\/blogs.correio24h.com.br\/mesalte\/wp-content\/uploads\/2021\/09\/csm_marcellamaia_a38eb6865d-768x432.png 768w, https:\/\/blogs.correio24h.com.br\/mesalte\/wp-content\/uploads\/2021\/09\/csm_marcellamaia_a38eb6865d-260x146.png 260w, https:\/\/blogs.correio24h.com.br\/mesalte\/wp-content\/uploads\/2021\/09\/csm_marcellamaia_a38eb6865d-50x28.png 50w, https:\/\/blogs.correio24h.com.br\/mesalte\/wp-content\/uploads\/2021\/09\/csm_marcellamaia_a38eb6865d-133x75.png 133w\" sizes=\"auto, (max-width: 1000px) 100vw, 1000px\" \/><\/figure>\n\n\n\n<p>Depois, Marcella fez um post em que aparecia na Delegacia Especial de Atendimento \u00e0 Mulher (Deam) da cidade, onde foi registrar a ocorr\u00eancia.&nbsp; Em nota, a Pol\u00edcia Civil diz que a Deam est\u00e1 apurando a den\u00fancia. \u00c0 pol\u00edcia, a atriz disse que foi agredida ao sair da casa de amigos. Ela identificou o suspeito, que n\u00e3o teve nome divulgado, e atribuiu a motiva\u00e7\u00e3o \u00e0 transfobia. A unidade expeguiu guias para que ela passe por exames periciais.<\/p>\n\n\n\n<p>A equipe da atriz divulgou uma nota nas redes sociais sobre o caso. &#8220;Maia registrou um boletim de ocorr\u00eancia na delegacia de Porto Seguro, Bahia. O advogado da atriz foi contatado e o caso ser\u00e1 levado a ju\u00edzo. Em breve publicaremos uma nota p\u00fablica com detalhes sobre o ocorrido.Equipe de Marcella Maia&#8221;, diz a mensagem. &#8220;A atriz est\u00e1 segura no momento e todas as medidas legais est\u00e3o sendo providenciadas&#8221;, diz tamb\u00e9m o texto.<\/p>\n\n\n\n<p>Marcella vai participar da pr\u00f3xima novela das 19h da Globo, &#8220;Quanto Mais vida Melhor&#8221;. No ano passado, em entrevista \u00e0 colunista Patricia Kogut, ela afirmou que no in\u00edcio escondia que era uma mulher trans. &#8220;Ningu\u00e9m sabia que eu era uma mulher trans. Acho que \u00e9 uma coisa \u00edntima. N\u00e3o saio perguntando o que as pessoas t\u00eam no meio das pernas. Tenho que provar que sou suficiente sem dizer que sou trans. Mas, h\u00e1 cinco anos, sa\u00ed do arm\u00e1rio. Falei publicamente pela primeira vez. Hoje em dia falo com orgulho&#8221;.<\/p>\n","protected":false},"excerpt":{"rendered":"<p>A atriz Marcella Maia denunciou em postagens em uma rede social que foi v\u00edtima de transfobia em Cara\u00edva, na cidade de&nbsp;Porto Seguro, no sul da Bahia. [&hellip;]<\/p>\n","protected":false},"author":2,"featured_media":23078,"comment_status":"open","ping_status":"open","sticky":false,"template":"","format":"standard","meta":{"footnotes":""},"categories":[80,11],"tags":[],"class_list":["post-23076","post","type-post","status-publish","format-standard","has-post-thumbnail","hentry","category-home","category-me-informo"],"_links":{"self":[{"href":"https:\/\/blogs.correio24horas.com.br\/mesalte\/wp-json\/wp\/v2\/posts\/23076","targetHints":{"allow":["GET"]}}],"collection":[{"href":"https:\/\/blogs.correio24horas.com.br\/mesalte\/wp-json\/wp\/v2\/posts"}],"about":[{"href":"https:\/\/blogs.correio24horas.com.br\/mesalte\/wp-json\/wp\/v2\/types\/post"}],"author":[{"embeddable":true,"href":"https:\/\/blogs.correio24horas.com.br\/mesalte\/wp-json\/wp\/v2\/users\/2"}],"replies":[{"embeddable":true,"href":"https:\/\/blogs.correio24horas.com.br\/mesalte\/wp-json\/wp\/v2\/comments?post=23076"}],"version-history":[{"count":1,"href":"https:\/\/blogs.correio24horas.com.br\/mesalte\/wp-json\/wp\/v2\/posts\/23076\/revisions"}],"predecessor-version":[{"id":23079,"href":"https:\/\/blogs.correio24horas.com.br\/mesalte\/wp-json\/wp\/v2\/posts\/23076\/revisions\/23079"}],"wp:featuredmedia":[{"embeddable":true,"href":"https:\/\/blogs.correio24horas.com.br\/mesalte\/wp-json\/wp\/v2\/media\/23078"}],"wp:attachment":[{"href":"https:\/\/blogs.correio24horas.com.br\/mesalte\/wp-json\/wp\/v2\/media?parent=23076"}],"wp:term":[{"taxonomy":"category","embeddable":true,"href":"https:\/\/blogs.correio24horas.com.br\/mesalte\/wp-json\/wp\/v2\/categories?post=23076"},{"taxonomy":"post_tag","embeddable":true,"href":"https:\/\/blogs.correio24horas.com.br\/mesalte\/wp-json\/wp\/v2\/tags?post=23076"}],"curies":[{"name":"wp","href":"https:\/\/api.w.org\/{rel}","templated":true}]}}