{"id":23073,"date":"2021-09-23T12:03:09","date_gmt":"2021-09-23T15:03:09","guid":{"rendered":"https:\/\/blogs.correio24horas.com.br\/mesalte\/?p=23073"},"modified":"2021-09-23T12:03:11","modified_gmt":"2021-09-23T15:03:11","slug":"junior-e-mainha-finalizam-gravacao-de-longa-metragem-e-anunciam-retorno-da-webserie","status":"publish","type":"post","link":"https:\/\/blogs.correio24horas.com.br\/mesalte\/junior-e-mainha-finalizam-gravacao-de-longa-metragem-e-anunciam-retorno-da-webserie\/","title":{"rendered":"&#8216;Junior&#8217; e &#8216;Mainha&#8217; finalizam grava\u00e7\u00e3o de longa-metragem  e anunciam retorno da webs\u00e9rie"},"content":{"rendered":"\n<p>O talento dos atores baianos Suliv\u00e3 Bispo e Thiago Almasy ganhou as vitrines da Bahia e do Brasil com os personagens Junior e Mainha da webs\u00e9rie Na R\u00e9dea Curta, mas o potencial criativo da dupla tem impulsionado ambos, juntos ou separados, para novos e not\u00e1veis voos. Levar os hil\u00e1rios m\u00e3e e filho para o cinema j\u00e1 renderia assunto bastante, mas outros projetos v\u00eam revelando as m\u00faltiplas compet\u00eancias dos dois artistas e o desejo infind\u00e1vel de se desafiarem.<\/p>\n\n\n\n<p>Com grava\u00e7\u00f5es rec\u00e9m finalizadas nas cidades de Cachoeira, Muritiba e S\u00e3o F\u00e9lix, Na R\u00e9dea Curta \u2013 O Filme tem estreia prevista para o primeiro semestre de 2022. O longa-metragem tem produ\u00e7\u00e3o assinada pela Rosza Filmes e ULTIMA Plataforma \u2013 selo criado pela dupla de atores -, e se aprofunda na hist\u00f3ria da paternidade de Junior a partir do momento em que ele descobre que vai ser pai aos 20 e poucos anos. Como sempre, as aventuras dos dois s\u00e3o repletas de confus\u00f5es. A dire\u00e7\u00e3o \u00e9 de Ary Rosa e Glenda Nic\u00e1cio, da Rosza Filmes.<\/p>\n\n\n\n<p>\u201cAgora que finalizamos a grava\u00e7\u00e3o do filme, voltaremos a gravar epis\u00f3dios para a webs\u00e9rie, para qual pretendemos dedicar uma produ\u00e7\u00e3o mais arrojada. Estamos trabalhando muito, fazendo publicidade, nos agenciando, atuando juntos e separados, na perspectiva de captar grana para projetos futuros\u201d, comenta Thiago Almasy.<\/p>\n\n\n\n<p>A nova temporada webs\u00e9rie Na R\u00e9dea Curta tem previs\u00e3o de ser lan\u00e7ada no pr\u00f3ximo m\u00eas de novembro, depois de um per\u00edodo de mais de um ano sem presentear seus f\u00e3s com novos epis\u00f3dios, e o hiato tem sido sentido pelo p\u00fablico, que volta e meia pergunta quando haver\u00e1 novas hist\u00f3rias protagonizadas por Junior e Mainha. A dupla adianta que as novas hist\u00f3rias ir\u00e3o contar com participa\u00e7\u00f5es, um n\u00facleo de artistas mais robusto e situa\u00e7\u00f5es que v\u00e3o garantir o riso nesses tempos de pandemia, em que o humor tem sido t\u00e3o necess\u00e1rio.<\/p>\n\n\n\n<p>Para enfrentar a pandemia, por exemplo, Suliv\u00e3 deu as m\u00e3os a Koanza, personagem criada por ele que d\u00e1 vida a uma senhora riqu\u00edssima senegalesa e Makota (cargo feminino de grande valor no Candombl\u00e9) que luta contra o racismo e soma cerca de 500 mil visualiza\u00e7\u00f5es em v\u00eddeos curtos que o ator passou a postar no Instagram. A atua\u00e7\u00e3o rendeu a micross\u00e9rie \u201cBux\u00ea Bux\u00ea\u201d na AFRO.TV (@afrotvbr), onde Koanza passa uma rasteira no racismo, ressalta sua f\u00e9 nas religi\u00f5es de matriz africana e entret\u00e9m o p\u00fablico com bastidores dos famosos e temas importantes nas redes sociais.<\/p>\n\n\n\n<p>Tamb\u00e9m na pandemia, Suliv\u00e3 estreou Do\u00fa Alab\u00e1, lan\u00e7ado no \u00faltimo m\u00eas junho, onde ele e a atriz Natalyne Santos interpretam divindades infantis das religi\u00f5es de matriz africana e falam sobre intoler\u00e2ncia religiosa e a preserva\u00e7\u00e3o dos costumes ancestrais afro-brasileiros. J\u00e1 o parceiro Thiago lan\u00e7ou em julho Via L\u00e1ctea, curta-metragem marca sua estreia como diretor de cinema. Ambos os projetos tiveram financiamento atrav\u00e9s da Lei Aldir Blanc e tamb\u00e9m levam o selo da empresa da qual s\u00e3o s\u00f3cios, a ULTIMA Plataforma. (Abaixo, mais informa\u00e7\u00f5es sobre as produ\u00e7\u00f5es)<\/p>\n\n\n\n<p>Roteirista de Na R\u00e9dea Curta, Thiago comemora o momento atual da sua carreira. Al\u00e9m de ter assinado as temporadas 3 e 4 da s\u00e9rie de humor T\u00f4 de Gra\u00e7a, do Multishow, aceitou recentemente o convite do Amazon Prime Video para atuar como roteirista e produtor de hist\u00f3rias da vers\u00e3o brasileira da s\u00e9rie Lol \u2013 Se Rir, J\u00e1 Era, que tem lan\u00e7amento ainda esse ano. O ator ainda est\u00e1 prestando consultoria para um longa-metragem da Netflix, e gravando como ator a s\u00e9rie Balada com dire\u00e7\u00e3o de Andr\u00e9 F\u00e9lix.<\/p>\n\n\n\n<p>\u201cEu e Thiago temos vis\u00f5es que se complementam, eu mais atento \u00e0 preserva\u00e7\u00e3o das tradi\u00e7\u00f5es culturais de matriz africana, ele com um olhar mais tecnol\u00f3gico e globalizado. Em comum, temos o desejo de militar pela diversidade e pelas minorias e de valorizar o potencial de artistas negros da periferia de Salvador. Outra coisa que j\u00e1 decidimos \u00e9 que podemos rodar o mundo trabalhando, mas Salvador sempre ser\u00e1 nossa morada, e a Bahia nossa inspira\u00e7\u00e3o\u201d, comenta Suliv\u00e3.<\/p>\n\n\n\n<p><strong>Do\u00fa Alab\u00e1<br><\/strong>Do\u00fa Alab\u00e1 esteve em cartaz de 5 a 11 de julho no canal do Il\u00ea Aiy\u00ea no YouTube. O espet\u00e1culo evidencia conflitos nascidos das facilidades tecnol\u00f3gicas do mundo contempor\u00e2neo, onde muitas crian\u00e7as negras se afastam de suas tradi\u00e7\u00f5es afro-brasileiras, para imergir boa parte do tempo em culturas virtuais e midi\u00e1ticas que em nada se assemelham com suas pot\u00eancias identit\u00e1rias em di\u00e1spora, sobretudo desde 2020, quando as aulas tamb\u00e9m passaram a ser virtuais.<\/p>\n\n\n\n<p>No palco, ele e a atriz Natalyne Santos interpretam divindades infantis das religi\u00f5es de matriz africana e falam sobre intoler\u00e2ncia religiosa e a preserva\u00e7\u00e3o dos costumes ancestrais afro-brasileiros. O p\u00fablico vai conhecer as hist\u00f3rias dos personagens Edileusa e Claudionor, atrav\u00e9s do olhar ficcional de dois Er\u00eas, que v\u00e3o falar da sua saudade do tempo de \u201cvir em terra\u201d, comer caruru e brincar no terreiro.<\/p>\n\n\n\n<p><strong>Via L\u00e1ctea<br><\/strong>O curta metragem \u00e9 o primeiro trabalho de Thiago Almasy como diretor de cinema e contempla sua pesquisa sobre narrativas decoloniais. A estreia foi no dia 25 de junho, seguindo por uma temporada curta de sete dias no YouTube, quando foi visto por mais de 3 mil pessoas. Agora, no que depender dele, a produ\u00e7\u00e3o segue para festivais de cinema pelo mundo.<\/p>\n\n\n\n<p>O filme \u00e9 uma fic\u00e7\u00e3o cient\u00edfica gravada no sub\u00farbio ferrovi\u00e1rio de Salvador, com elenco majoritariamente negro. Na trama, um grupo de alien\u00edgenas tem seus planos de domina\u00e7\u00e3o planet\u00e1ria interrompidos pela chegada da Covid-19. Os alien\u00edgenas se instalam no corpo dos hospedeiros humanos, mas passam a ter acesso \u00e0 viol\u00eancia e limita\u00e7\u00e3o que esses corpos est\u00e3o submetidos.<\/p>\n","protected":false},"excerpt":{"rendered":"<p>O talento dos atores baianos Suliv\u00e3 Bispo e Thiago Almasy ganhou as vitrines da Bahia e do Brasil com os personagens Junior e Mainha da webs\u00e9rie [&hellip;]<\/p>\n","protected":false},"author":1,"featured_media":23074,"comment_status":"open","ping_status":"open","sticky":false,"template":"","format":"standard","meta":{"footnotes":""},"categories":[80,11],"tags":[],"class_list":["post-23073","post","type-post","status-publish","format-standard","has-post-thumbnail","hentry","category-home","category-me-informo"],"_links":{"self":[{"href":"https:\/\/blogs.correio24horas.com.br\/mesalte\/wp-json\/wp\/v2\/posts\/23073","targetHints":{"allow":["GET"]}}],"collection":[{"href":"https:\/\/blogs.correio24horas.com.br\/mesalte\/wp-json\/wp\/v2\/posts"}],"about":[{"href":"https:\/\/blogs.correio24horas.com.br\/mesalte\/wp-json\/wp\/v2\/types\/post"}],"author":[{"embeddable":true,"href":"https:\/\/blogs.correio24horas.com.br\/mesalte\/wp-json\/wp\/v2\/users\/1"}],"replies":[{"embeddable":true,"href":"https:\/\/blogs.correio24horas.com.br\/mesalte\/wp-json\/wp\/v2\/comments?post=23073"}],"version-history":[{"count":1,"href":"https:\/\/blogs.correio24horas.com.br\/mesalte\/wp-json\/wp\/v2\/posts\/23073\/revisions"}],"predecessor-version":[{"id":23075,"href":"https:\/\/blogs.correio24horas.com.br\/mesalte\/wp-json\/wp\/v2\/posts\/23073\/revisions\/23075"}],"wp:featuredmedia":[{"embeddable":true,"href":"https:\/\/blogs.correio24horas.com.br\/mesalte\/wp-json\/wp\/v2\/media\/23074"}],"wp:attachment":[{"href":"https:\/\/blogs.correio24horas.com.br\/mesalte\/wp-json\/wp\/v2\/media?parent=23073"}],"wp:term":[{"taxonomy":"category","embeddable":true,"href":"https:\/\/blogs.correio24horas.com.br\/mesalte\/wp-json\/wp\/v2\/categories?post=23073"},{"taxonomy":"post_tag","embeddable":true,"href":"https:\/\/blogs.correio24horas.com.br\/mesalte\/wp-json\/wp\/v2\/tags?post=23073"}],"curies":[{"name":"wp","href":"https:\/\/api.w.org\/{rel}","templated":true}]}}