{"id":23071,"date":"2021-09-21T19:43:58","date_gmt":"2021-09-21T22:43:58","guid":{"rendered":"https:\/\/blogs.correio24horas.com.br\/mesalte\/?p=23071"},"modified":"2021-09-21T19:44:00","modified_gmt":"2021-09-21T22:44:00","slug":"ivete-claudia-alinne-e-luiza-sonza-tocam-em-festa-de-final-de-ano-no-rio-grande-do-norte","status":"publish","type":"post","link":"https:\/\/blogs.correio24horas.com.br\/mesalte\/ivete-claudia-alinne-e-luiza-sonza-tocam-em-festa-de-final-de-ano-no-rio-grande-do-norte\/","title":{"rendered":"Ivete, Claudia, Alinne e Lu\u00edza Sonza tocam em festa de final de ano no Rio Grande do Norte"},"content":{"rendered":"\n<p>Depois de muita expectativa, o Grupo San Sebastian anunciou nos \u00faltimos dias o line up completo do Sant\u00e9 Natal, r\u00e9veillon promovido no Rio Grande do Norte. A \u00faltima atra\u00e7\u00e3o divulgada foi a cantora Ivete Sangalo, que animar\u00e1 j\u00e1 o primeiro dia de festa, no dia 29 de dezembro. At\u00e9 o dia 2 de janeiro, Claudia Leitte, Luiza Sonza, Alinne Rosa e \u00c9 O Tchan se juntam ainda a 12 DJs, em 5 dias de festa, no Aram Imir\u00e1 Plaza. Vendas e informa\u00e7\u00f5es: https:\/\/www.reveillonsantenatal.com\/.<\/p>\n","protected":false},"excerpt":{"rendered":"<p>Depois de muita expectativa, o Grupo San Sebastian anunciou nos \u00faltimos dias o line up completo do Sant\u00e9 Natal, r\u00e9veillon promovido no Rio Grande do Norte. [&hellip;]<\/p>\n","protected":false},"author":1,"featured_media":15579,"comment_status":"open","ping_status":"open","sticky":false,"template":"","format":"standard","meta":{"footnotes":""},"categories":[28,80],"tags":[],"class_list":["post-23071","post","type-post","status-publish","format-standard","has-post-thumbnail","hentry","category-farofa-digital","category-home"],"_links":{"self":[{"href":"https:\/\/blogs.correio24horas.com.br\/mesalte\/wp-json\/wp\/v2\/posts\/23071","targetHints":{"allow":["GET"]}}],"collection":[{"href":"https:\/\/blogs.correio24horas.com.br\/mesalte\/wp-json\/wp\/v2\/posts"}],"about":[{"href":"https:\/\/blogs.correio24horas.com.br\/mesalte\/wp-json\/wp\/v2\/types\/post"}],"author":[{"embeddable":true,"href":"https:\/\/blogs.correio24horas.com.br\/mesalte\/wp-json\/wp\/v2\/users\/1"}],"replies":[{"embeddable":true,"href":"https:\/\/blogs.correio24horas.com.br\/mesalte\/wp-json\/wp\/v2\/comments?post=23071"}],"version-history":[{"count":1,"href":"https:\/\/blogs.correio24horas.com.br\/mesalte\/wp-json\/wp\/v2\/posts\/23071\/revisions"}],"predecessor-version":[{"id":23072,"href":"https:\/\/blogs.correio24horas.com.br\/mesalte\/wp-json\/wp\/v2\/posts\/23071\/revisions\/23072"}],"wp:featuredmedia":[{"embeddable":true,"href":"https:\/\/blogs.correio24horas.com.br\/mesalte\/wp-json\/wp\/v2\/media\/15579"}],"wp:attachment":[{"href":"https:\/\/blogs.correio24horas.com.br\/mesalte\/wp-json\/wp\/v2\/media?parent=23071"}],"wp:term":[{"taxonomy":"category","embeddable":true,"href":"https:\/\/blogs.correio24horas.com.br\/mesalte\/wp-json\/wp\/v2\/categories?post=23071"},{"taxonomy":"post_tag","embeddable":true,"href":"https:\/\/blogs.correio24horas.com.br\/mesalte\/wp-json\/wp\/v2\/tags?post=23071"}],"curies":[{"name":"wp","href":"https:\/\/api.w.org\/{rel}","templated":true}]}}