{"id":23068,"date":"2021-09-16T11:24:42","date_gmt":"2021-09-16T14:24:42","guid":{"rendered":"https:\/\/blogs.correio24horas.com.br\/mesalte\/?p=23068"},"modified":"2021-09-16T11:24:46","modified_gmt":"2021-09-16T14:24:46","slug":"itau-anuncia-que-vai-fechar-cine-glauber-rocha-na-castro-alves","status":"publish","type":"post","link":"https:\/\/blogs.correio24horas.com.br\/mesalte\/itau-anuncia-que-vai-fechar-cine-glauber-rocha-na-castro-alves\/","title":{"rendered":"Ita\u00fa anuncia que vai fechar Cine Glauber Rocha, na Castro Alves"},"content":{"rendered":"\n<p>Uma triste not\u00edcia para a cena cultural de Salvador foi anunciada nesta quinta-feira (6). O Espa\u00e7o Ita\u00fa de Cinema &#8211; Glauber Rocha, na Pra\u00e7a Castro Alves, vai fechar. O complexo, com quatro salas de exibi\u00e7\u00e3o, restaurante rec\u00e9m-inaugurado, livraria e lanchonete, mantido pelo Banco Ita\u00fa, entrou na lista vermelha da institui\u00e7\u00e3o financeira juntamente com as salas de Curitiba e Porto Alegre, que tamb\u00e9m ser\u00e3o fechadas. As unidades do Rio de Janeiro, Bras\u00edlia e S\u00e3o Paulo ser\u00e3o as \u00fanicas poupadas. <\/p>\n\n\n\n<p>Em nota, o Ita\u00fa diz que as salas fechadas vinham operando com taxa de ocupa\u00e7\u00e3o inferior a 20% desde 2019.  Fontes do setor de audiovisual ouvidas pelo CORREIO, estimam que at\u00e9 o final deste ano, cerca de 300 salas de cinema das mais diversas bandeiras devem ser fechadas no Brasil at\u00e9 o final do ano gerando uma situa\u00e7\u00e3o dram\u00e1tica para o setor.<\/p>\n\n\n\n<p>Procurado, Claudio Marques, gestor do Glauber Rocha, diz que ele e o s\u00f3cio Adhemar Oliveira v\u00e3o continuar acreditando nos empreendimentos culturais no Centro de Salvador. <\/p>\n\n\n\n<p>&#8220;O Cine Glauber vai renascer depois dessa pandemia, desse momento terr\u00edvel, ainda com mais for\u00e7a. Espero realmente poder contar com o apoio de toda a nossa sociedade&#8221;, afirmou.<\/p>\n\n\n\n<p>O empres\u00e1rio aproveitou para agradecer ao Ita\u00fa pelos anos de parceria. &#8220;Eu agrade\u00e7o ao Unibanco-Ita\u00fa pela parceria que viabilizou a constru\u00e7\u00e3o e manuten\u00e7\u00e3o dessa sala de exibi\u00e7\u00e3o que \u00e9 t\u00e3o importante para a nossa cidade. Esse pr\u00e9dio funciona como cinema desde 1919. N\u00e3o \u00e9 pouco&#8221;, disse. &#8220;Constru\u00edmos um empreendimento que foi capaz de transformar uma regi\u00e3o preciosa e que estava abandonada. Hoje, h\u00e1 um novo cen\u00e1rio&#8221;.<\/p>\n\n\n\n<p>O Ita\u00fa afirma que vai investir mais em streaming. &#8220;A redu\u00e7\u00e3o da opera\u00e7\u00e3o f\u00edsica n\u00e3o representar\u00e1 diminui\u00e7\u00e3o de alcance das a\u00e7\u00f5es do Espa\u00e7o Ita\u00fa de Cinema. Ao contr\u00e1rio, a rede est\u00e1 intensificando a atividade de difus\u00e3o digital por meio de parceria com a plataforma de streaming Ita\u00fa Cultural Play, que oferece ampla programa\u00e7\u00e3o gratuita de filmes e audiovisuais brasileiros na web&#8221;, diz o texto.<\/p>\n\n\n\n<p><strong>Leia a nota completa divulgada pelo Ita\u00fa<\/strong><\/p>\n\n\n\n<p>O Espa\u00e7o Ita\u00fa de Cinema est\u00e1 reorganizando sua estrat\u00e9gia de difus\u00e3o de audiovisual no pa\u00eds. A nova diretriz prev\u00ea a intensifica\u00e7\u00e3o de atua\u00e7\u00e3o em plataforma digital, para ampliar o alcance e acesso, e a revis\u00e3o da rede f\u00edsica de salas de exibi\u00e7\u00e3o.<\/p>\n\n\n\n<p>Com a nova diretriz, a partir desta quinta-feira, dia 16, as salas das pra\u00e7as de Salvador, Curitiba e Porto Alegre, que vinham operando com taxa de ocupa\u00e7\u00e3o inferior a 20% desde 2019, ter\u00e3o as suas atividades encerradas. As tr\u00eas unidades de S\u00e3o Paulo (Augusta, Frei Caneca e Shopping Bourbon), Rio de Janeiro e Bras\u00edlia permanecem funcionando.<\/p>\n\n\n\n<p>Com a nova configura\u00e7\u00e3o, a rede passa a contar com cinco complexos e 40 salas. S\u00e3o 25 em S\u00e3o Paulo (cinco na unidade Augusta, nove na unidade Frei Caneca e 11 na unidade Shopping Bourbon), nove em Bras\u00edlia e seis no Rio de Janeiro. Deixam de integrar a rede 17 salas: quatro em Salvador, cinco em Curitiba e oito em Porto Alegre. <\/p>\n\n\n\n<p>A redu\u00e7\u00e3o da opera\u00e7\u00e3o f\u00edsica n\u00e3o representar\u00e1 diminui\u00e7\u00e3o de alcance das a\u00e7\u00f5es do Espa\u00e7o Ita\u00fa de Cinema. Ao contr\u00e1rio, a rede est\u00e1 intensificando a atividade de difus\u00e3o digital por meio de parceria com a plataforma de streaming Ita\u00fa Cultural Play, que oferece ampla programa\u00e7\u00e3o gratuita de filmes e audiovisuais brasileiros na web. Hoje a plataforma contempla 175 t\u00edtulos dos 26 estados brasileiros e do Distrito Federal.<\/p>\n\n\n\n<p>Com a sinergia entre a rede f\u00edsica e a plataforma digital, o Espa\u00e7o Ita\u00fa de Cinema exibir\u00e1 projetos curatoriais no Ita\u00fa Cultural Play, iniciativa inaugurada em agosto com a exibi\u00e7\u00e3o da Mostra Ugo Giorgetti, que fica em cartaz at\u00e9 outubro. Novos filmes com esta assinatura ser\u00e3o exibidos a cada dois meses. <\/p>\n\n\n\n<p>A participa\u00e7\u00e3o do Espa\u00e7o Ita\u00fa de Cinema no mundo digital dever\u00e1 ser intensificada com o tempo, ampliando a oferta tanto de filmes quanto de mostras e festivais para todos os cantos do pa\u00eds. <\/p>\n","protected":false},"excerpt":{"rendered":"<p>Uma triste not\u00edcia para a cena cultural de Salvador foi anunciada nesta quinta-feira (6). O Espa\u00e7o Ita\u00fa de Cinema &#8211; Glauber Rocha, na Pra\u00e7a Castro Alves, [&hellip;]<\/p>\n","protected":false},"author":1,"featured_media":23069,"comment_status":"open","ping_status":"open","sticky":false,"template":"","format":"standard","meta":{"footnotes":""},"categories":[80,26],"tags":[2232],"class_list":["post-23068","post","type-post","status-publish","format-standard","has-post-thumbnail","hentry","category-home","category-me-inspiro","tag-glauber"],"_links":{"self":[{"href":"https:\/\/blogs.correio24horas.com.br\/mesalte\/wp-json\/wp\/v2\/posts\/23068","targetHints":{"allow":["GET"]}}],"collection":[{"href":"https:\/\/blogs.correio24horas.com.br\/mesalte\/wp-json\/wp\/v2\/posts"}],"about":[{"href":"https:\/\/blogs.correio24horas.com.br\/mesalte\/wp-json\/wp\/v2\/types\/post"}],"author":[{"embeddable":true,"href":"https:\/\/blogs.correio24horas.com.br\/mesalte\/wp-json\/wp\/v2\/users\/1"}],"replies":[{"embeddable":true,"href":"https:\/\/blogs.correio24horas.com.br\/mesalte\/wp-json\/wp\/v2\/comments?post=23068"}],"version-history":[{"count":1,"href":"https:\/\/blogs.correio24horas.com.br\/mesalte\/wp-json\/wp\/v2\/posts\/23068\/revisions"}],"predecessor-version":[{"id":23070,"href":"https:\/\/blogs.correio24horas.com.br\/mesalte\/wp-json\/wp\/v2\/posts\/23068\/revisions\/23070"}],"wp:featuredmedia":[{"embeddable":true,"href":"https:\/\/blogs.correio24horas.com.br\/mesalte\/wp-json\/wp\/v2\/media\/23069"}],"wp:attachment":[{"href":"https:\/\/blogs.correio24horas.com.br\/mesalte\/wp-json\/wp\/v2\/media?parent=23068"}],"wp:term":[{"taxonomy":"category","embeddable":true,"href":"https:\/\/blogs.correio24horas.com.br\/mesalte\/wp-json\/wp\/v2\/categories?post=23068"},{"taxonomy":"post_tag","embeddable":true,"href":"https:\/\/blogs.correio24horas.com.br\/mesalte\/wp-json\/wp\/v2\/tags?post=23068"}],"curies":[{"name":"wp","href":"https:\/\/api.w.org\/{rel}","templated":true}]}}