{"id":23065,"date":"2021-09-08T18:17:43","date_gmt":"2021-09-08T21:17:43","guid":{"rendered":"https:\/\/blogs.correio24horas.com.br\/mesalte\/?p=23065"},"modified":"2021-09-08T18:17:46","modified_gmt":"2021-09-08T21:17:46","slug":"ao-lado-do-namorado-jogador-de-volei-douglas-e-vitima-de-homofobia-em-aeroporto-dificil","status":"publish","type":"post","link":"https:\/\/blogs.correio24horas.com.br\/mesalte\/ao-lado-do-namorado-jogador-de-volei-douglas-e-vitima-de-homofobia-em-aeroporto-dificil\/","title":{"rendered":"Ao lado do namorado, jogador de v\u00f4lei Douglas \u00e9 v\u00edtima de homofobia em aeroporto: &#8216;dif\u00edcil&#8217;"},"content":{"rendered":"\n<p>Jogador da sele\u00e7\u00e3o brasileira de v\u00f4lei e sensa\u00e7\u00e3o na Olimp\u00edada de T\u00f3quio, o ponteiro&nbsp;Douglas Souza fez um desabafo nas redes sociais nesta quarta-feira (8). O atleta contou que foi&nbsp;v\u00edtima de homofobia no aeroporto de Amsterd\u00e3, na Holanda. Ele estava em deslocamento para&nbsp;Vibo Valentia, na It\u00e1lia, onde defender\u00e1 o clube&nbsp;Tonno Callipo.<\/p>\n\n\n\n<blockquote class=\"wp-block-quote is-layout-flow wp-block-quote-is-layout-flow\"><p>&#8220;Eu&nbsp;e Gabriel, meu namorado, pegamos um voo de S\u00e3o Paulo&nbsp;at\u00e9 Amsterd\u00e3, onde ter\u00edamos que passar pelo controle de passaporte para ir para Roma &#8211; e depois pegar outro voo para Vibo Valentia.&nbsp;Na hora de passar pelo controle de passaporte, o cara [agente de seguran\u00e7a do aeroporto]&nbsp;conversou comigo de boa, perguntou o que eu ia fazer na It\u00e1lia, enfim. Expliquei que era jogador de v\u00f4lei, que tinha sido contratado. A\u00ed ele perguntou quem era o Gabriel. E quando falei que era meu namorado, a fisionomia dele mudou na hora. E o tratamento dele tamb\u00e9m&#8221;, contou Douglas.<\/p><\/blockquote>\n\n\n\n<p>O jogador informou&nbsp;que tinha um documento&nbsp;de uni\u00e3o est\u00e1vel com Gabriel, e que o namorado iria acompanh\u00e1-lo na It\u00e1lia e trabalhar de l\u00e1. Ent\u00e3o, um outro agente de seguran\u00e7a foi chamado, e escoltou os dois para um outro lugar, ao lado&nbsp;da fila do controle de passaporte.<\/p>\n\n\n\n<p>&#8220;Ele largou a gente ali, durante umas 5h mais ou menos. N\u00e3o dava nenhum tipo de explica\u00e7\u00e3o. Eu chegava para perguntar o que aconteceu, se precisava de ajuda, se a gente podia ajudar de alguma forma, se eu podia passar o telefone do meu clube. N\u00e3o quiseram nem me escutar&#8221;, lembrou o ponteiro.<\/p>\n\n\n\n<p>Depois de 5h de espera, Douglas contou que foi levado para uma sala, onde passou por uma entrevista. E, mais uma vez, questionaram quem era Gabriel. &#8220;Eu tentava explicar que era meu namorado, e eles tinham muita dificuldade de entender esse termo. Eles insistiam no termo &#8216;companheiro&#8217;, e n\u00e3o queriam deixar de jeito nenhum o Gabi passar&#8221;.<\/p>\n\n\n\n<p>&#8220;Comecei a perceber um certo padr\u00e3o no tratamento deles. A&nbsp;gente foi colocado com mais 20 pessoas e, dessas, 18 eram pretas ou latinas &#8211; as outras duas, eu e o Gabi. Uma dessas pessoas&nbsp;se revoltou muito com a situa\u00e7\u00e3o. Quando uma mo\u00e7a loira, de olho azul, passou na frente dele, ele come\u00e7ou a gritar e perguntar o porqu\u00ea de&nbsp;estarem atendendo&nbsp;ela e n\u00e3o a gente,&nbsp;se era porque ela era branca. A menina ficou at\u00e9 sem gra\u00e7a, constrangida. Eu j\u00e1 tinha pensado nisso, mas falei &#8216;n\u00e3o, ser\u00e1 que \u00e9 coisa da minha cabe\u00e7a?&#8217;. Mas foi o que aconteceu&#8221;, continua o jogador.<\/p>\n\n\n\n<p>Segundo o&nbsp;relato do campe\u00e3o ol\u00edmpico no&nbsp;Rio-2016, ele e o namorado s\u00f3 foram liberados quando o aeroporto estava fechando.<\/p>\n\n\n\n<p>&#8220;A gente ficou, literalmente, o dia todo l\u00e1, sentados, esperando. Quando deu 23h, que j\u00e1 tinha fechado o aeroporto, que n\u00e3o tinha mais voo para Roma, eles nos liberaram.&nbsp;A gente teve que ficar dormindo dentro do aeroporto, n\u00e3o tinha como ir para o hotel. Tivemos que ficar, literalmente, jogados, sentados no ch\u00e3o, at\u00e9 7h do outro dia, que era o pr\u00f3ximo voo para Roma&#8221;.<\/p>\n\n\n\n<p>Douglas lamentou toda a situa\u00e7\u00e3o, e explicou que resolveu falar sobre o tema para ajudar no combate \u00e0 homofobia.<\/p>\n\n\n\n<p>&#8220;A gente se sente fragilizado, n\u00e3o podia fazer nada.&nbsp;Infelizmente, foi o que aconteceu. Eu n\u00e3o achei normal. As pessoas v\u00e3o falar &#8216;ah, mas Amsterd\u00e3 \u00e9 super liberal&#8217;. Mas n\u00e3o \u00e9 assim que funciona. Eu vivi aquilo, eu sei o que eu vivi. Eu sei o olhar, o jeito que nos trataram na frente de todo mundo. Foi muito constrangedor&#8221;, falou.<\/p>\n\n\n\n<blockquote class=\"wp-block-quote is-layout-flow wp-block-quote-is-layout-flow\"><p>&#8220;\u00c9&nbsp;importante a gente falar e mostrar que isso existe. \u00c9 importante a gente ter voz e expor esse tipo de situa\u00e7\u00e3o, porque \u00e9 real. As pessoas tentam colocar para debaixo do tapete, dizer que n\u00e3o aconteceu, que \u00e9 coisa da nossa cabe\u00e7a, mas tinham mais pessoas que perceberam esse padr\u00e3o de tratamento diferente. Foi uma bosta. Espero que ningu\u00e9m passe por isso &#8211;&nbsp;mas eu sei que vai passar, infelizmente. Mas a gente tem que lutar contra isso&#8221;, finalizou.<\/p><\/blockquote>\n","protected":false},"excerpt":{"rendered":"<p>Jogador da sele\u00e7\u00e3o brasileira de v\u00f4lei e sensa\u00e7\u00e3o na Olimp\u00edada de T\u00f3quio, o ponteiro&nbsp;Douglas Souza fez um desabafo nas redes sociais nesta quarta-feira (8). O atleta [&hellip;]<\/p>\n","protected":false},"author":1,"featured_media":23066,"comment_status":"open","ping_status":"open","sticky":false,"template":"","format":"standard","meta":{"footnotes":""},"categories":[80,11],"tags":[],"class_list":["post-23065","post","type-post","status-publish","format-standard","has-post-thumbnail","hentry","category-home","category-me-informo"],"_links":{"self":[{"href":"https:\/\/blogs.correio24horas.com.br\/mesalte\/wp-json\/wp\/v2\/posts\/23065","targetHints":{"allow":["GET"]}}],"collection":[{"href":"https:\/\/blogs.correio24horas.com.br\/mesalte\/wp-json\/wp\/v2\/posts"}],"about":[{"href":"https:\/\/blogs.correio24horas.com.br\/mesalte\/wp-json\/wp\/v2\/types\/post"}],"author":[{"embeddable":true,"href":"https:\/\/blogs.correio24horas.com.br\/mesalte\/wp-json\/wp\/v2\/users\/1"}],"replies":[{"embeddable":true,"href":"https:\/\/blogs.correio24horas.com.br\/mesalte\/wp-json\/wp\/v2\/comments?post=23065"}],"version-history":[{"count":1,"href":"https:\/\/blogs.correio24horas.com.br\/mesalte\/wp-json\/wp\/v2\/posts\/23065\/revisions"}],"predecessor-version":[{"id":23067,"href":"https:\/\/blogs.correio24horas.com.br\/mesalte\/wp-json\/wp\/v2\/posts\/23065\/revisions\/23067"}],"wp:featuredmedia":[{"embeddable":true,"href":"https:\/\/blogs.correio24horas.com.br\/mesalte\/wp-json\/wp\/v2\/media\/23066"}],"wp:attachment":[{"href":"https:\/\/blogs.correio24horas.com.br\/mesalte\/wp-json\/wp\/v2\/media?parent=23065"}],"wp:term":[{"taxonomy":"category","embeddable":true,"href":"https:\/\/blogs.correio24horas.com.br\/mesalte\/wp-json\/wp\/v2\/categories?post=23065"},{"taxonomy":"post_tag","embeddable":true,"href":"https:\/\/blogs.correio24horas.com.br\/mesalte\/wp-json\/wp\/v2\/tags?post=23065"}],"curies":[{"name":"wp","href":"https:\/\/api.w.org\/{rel}","templated":true}]}}