{"id":23034,"date":"2021-09-04T13:04:34","date_gmt":"2021-09-04T16:04:34","guid":{"rendered":"https:\/\/blogs.correio24horas.com.br\/mesalte\/?p=23034"},"modified":"2021-09-04T13:05:16","modified_gmt":"2021-09-04T16:05:16","slug":"ariane-senna-psicologa-defende-mestrado-sobre-solidao-da-mulher-trans-negra-e-periferica","status":"publish","type":"post","link":"https:\/\/blogs.correio24horas.com.br\/mesalte\/ariane-senna-psicologa-defende-mestrado-sobre-solidao-da-mulher-trans-negra-e-periferica\/","title":{"rendered":"Ariane Senna: psic\u00f3loga defende mestrado sobre solid\u00e3o da mulher trans, negra e perif\u00e9rica"},"content":{"rendered":"\n<p>A psic\u00f3loga e pesquisadora Ariane Senna,\u00a0aluna do Programa de P\u00f3s-Gradua\u00e7\u00e3o Multidisciplinar em Estudos \u00c9tnicos e Africanos (POSAFRO\/UFBA), \u00e9 um s\u00edmbolo de resist\u00eancia na comunidade LGBTQIAP+. Na pr\u00f3xima quarta-feira (08) ela d\u00e1 mais um passo simb\u00f3lico na sua trajet\u00f3ria quando defende\u00a0sua disserta\u00e7\u00e3o de mestrado sobre a \u201csolid\u00e3o da mulher trans, negra e perif\u00e9rica: uma (auto) etnografia sobre rela\u00e7\u00f5es s\u00f3cioafetivas em uma sociedade cisheteropatriarcal\u201d. <\/p>\n\n\n\n<p>A defesa p\u00fablica acontecer\u00e1 no dia 8 de setembro, \u00e0s 9h.  Para acompanhar a defesa, os interessados dever\u00e3o realizar o cadastro por meio do<strong><a href=\"https:\/\/docs.google.com\/forms\/d\/e\/1FAIpQLSfIceSLkcajkiLH8dtdGm2xbBKMbKPkHACq2BhycPF64qEqEg\/viewform\">\u00a0link:<\/a><\/strong>\u00a0. O trabalho\u00a0tem\u00a0orienta\u00e7\u00e3o da  Prof\u00aa. Dra.  Suzana Moura Maia, da Universidade Federal do Rec\u00f4ncavo da Bahia (UFRB).\u00a0<\/p>\n\n\n\n<p>A banca examinadora \u00e9 formada pela Prof\u00aa. Dra. Suzana Moura Maia (orientadora) \u2013 Universidade Federal do Rec\u00f4ncavo da Bahia (UFRB); Prof. Dr. Felipe Bruno Martins Fernandes (coorientador) \u2013 Universidade Federal de Pernambuco (UFBA); Prof\u00aa. Dra. Cristiane Santos Souza \u2013 Universidade Federal da Integra\u00e7\u00e3o da Lusofonia Afro-Brasileira (UNILAB) e Prof\u00aa. Dra. Anna Paula Uziel \u2013\u00a0Universidade Estadual do Rio de Janeiro (UERJ).<br><\/p>\n","protected":false},"excerpt":{"rendered":"<p>A psic\u00f3loga e pesquisadora Ariane Senna,\u00a0aluna do Programa de P\u00f3s-Gradua\u00e7\u00e3o Multidisciplinar em Estudos \u00c9tnicos e Africanos (POSAFRO\/UFBA), \u00e9 um s\u00edmbolo de resist\u00eancia na comunidade LGBTQIAP+. Na [&hellip;]<\/p>\n","protected":false},"author":1,"featured_media":21950,"comment_status":"open","ping_status":"open","sticky":false,"template":"","format":"standard","meta":{"footnotes":""},"categories":[80,9],"tags":[],"class_list":["post-23034","post","type-post","status-publish","format-standard","has-post-thumbnail","hentry","category-home","category-me-orgulho"],"_links":{"self":[{"href":"https:\/\/blogs.correio24horas.com.br\/mesalte\/wp-json\/wp\/v2\/posts\/23034","targetHints":{"allow":["GET"]}}],"collection":[{"href":"https:\/\/blogs.correio24horas.com.br\/mesalte\/wp-json\/wp\/v2\/posts"}],"about":[{"href":"https:\/\/blogs.correio24horas.com.br\/mesalte\/wp-json\/wp\/v2\/types\/post"}],"author":[{"embeddable":true,"href":"https:\/\/blogs.correio24horas.com.br\/mesalte\/wp-json\/wp\/v2\/users\/1"}],"replies":[{"embeddable":true,"href":"https:\/\/blogs.correio24horas.com.br\/mesalte\/wp-json\/wp\/v2\/comments?post=23034"}],"version-history":[{"count":1,"href":"https:\/\/blogs.correio24horas.com.br\/mesalte\/wp-json\/wp\/v2\/posts\/23034\/revisions"}],"predecessor-version":[{"id":23035,"href":"https:\/\/blogs.correio24horas.com.br\/mesalte\/wp-json\/wp\/v2\/posts\/23034\/revisions\/23035"}],"wp:featuredmedia":[{"embeddable":true,"href":"https:\/\/blogs.correio24horas.com.br\/mesalte\/wp-json\/wp\/v2\/media\/21950"}],"wp:attachment":[{"href":"https:\/\/blogs.correio24horas.com.br\/mesalte\/wp-json\/wp\/v2\/media?parent=23034"}],"wp:term":[{"taxonomy":"category","embeddable":true,"href":"https:\/\/blogs.correio24horas.com.br\/mesalte\/wp-json\/wp\/v2\/categories?post=23034"},{"taxonomy":"post_tag","embeddable":true,"href":"https:\/\/blogs.correio24horas.com.br\/mesalte\/wp-json\/wp\/v2\/tags?post=23034"}],"curies":[{"name":"wp","href":"https:\/\/api.w.org\/{rel}","templated":true}]}}