{"id":23031,"date":"2021-09-04T12:58:23","date_gmt":"2021-09-04T15:58:23","guid":{"rendered":"https:\/\/blogs.correio24horas.com.br\/mesalte\/?p=23031"},"modified":"2021-09-04T12:58:38","modified_gmt":"2021-09-04T15:58:38","slug":"edoux-artista-baiano-fala-sobre-a-importancia-de-ser-voz-ativa-para-a-comunidade-lgbtqia-na-arte","status":"publish","type":"post","link":"https:\/\/blogs.correio24horas.com.br\/mesalte\/edoux-artista-baiano-fala-sobre-a-importancia-de-ser-voz-ativa-para-a-comunidade-lgbtqia-na-arte\/","title":{"rendered":"Edoux: artista baiano fala sobre a import\u00e2ncia de ser voz ativa para a comunidade LGBTQIA+ na arte"},"content":{"rendered":"\n<p>Ao longo dos anos a arte tem oferecido possibilidades diversas de express\u00e3o, representatividade, inclus\u00e3o e ressignifica\u00e7\u00e3o. Os espa\u00e7os, hoje ocupados por representantes art\u00edsticos da comunidade, precisou ampliar-se para a manifesta\u00e7\u00e3o de novas vozes e viv\u00eancias, criando locais de reconhecimento e decis\u00e3o no cen\u00e1rio musical brasileiro.  <\/p>\n\n\n\n<p>Em meio a esse contexto, artistas LGBTQIA+, negros e jovens de origem perif\u00e9rica est\u00e3o cada vez mais pertencentes aos espa\u00e7os de transforma\u00e7\u00e3o, tornando-se refer\u00eancias de supera\u00e7\u00e3o, inova\u00e7\u00e3o e criatividade.<\/p>\n\n\n\n<p>Mais do que o pertencimento a qualquer grupo, a nova gera\u00e7\u00e3o art\u00edstica foca em ser voz de representatividade para os demais, onde, por meio das suas m\u00fasicas, indagam estigmas e preconceitos acerca de identidades de g\u00eanero e orienta\u00e7\u00f5es sexuais, dissolvendo as demarca\u00e7\u00f5es e contrapondo os estere\u00f3tipos sociais j\u00e1 inaceit\u00e1veis.<\/p>\n\n\n\n<p>\u00c9 neste cen\u00e1rio musical que surge novos nomes na arte, a exemplo do baiano Edoux, cantor e compositor soteropolitano, parte dessa nova gera\u00e7\u00e3o art\u00edstica que sabe a import\u00e2ncia do seu posicionamento e representatividade para jovens, mulheres, negros e LGBTQIA+.<\/p>\n\n\n\n<p>Enquanto homem gay, preto e com ra\u00edzes na comunidade, Edoux (@edouxoficial ) sabe das dificuldades para conseguir alcan\u00e7ar lugares importantes. \u201cPara muitos, \u00e9 um cen\u00e1rio quase que irreal pensar na possibilidade de sair da periferia para trilhar um caminho de autoconhecimento, arte e principalmente possibilidade de ser quem \u00e9\u201d, fala. <\/p>\n\n\n\n<p>Com sua arte, m\u00fasica, roupas, conhecimento e personalidade, Edoux mostra que seguir o caminho da autenticidade \u00e9 poss\u00edvel. \u201cEu busco sempre ressignificar o que o p\u00fablico j\u00e1 espera conhecer, seja em vestu\u00e1rio, na maquiagem, na abordagem sobre temas espec\u00edficos e na desconstru\u00e7\u00e3o da binaridade nesses aspectos. Cada pessoa LGBTQIA+ tem uma viv\u00eancia espec\u00edfica, eu trago a minha viv\u00eancia. S\u00f3 eu posso cont\u00e1-la\u201d, ressalta.<\/p>\n\n\n\n<p>Para o compositor, a arte conta de forma fidedigna a sua hist\u00f3ria, afirmando que pertencer a comunidade LGBTQIA+ faz parte de toda a sua constru\u00e7\u00e3o de vida. \u201cEssa comunica\u00e7\u00e3o e conex\u00e3o com os meus iguais me fortalece e nos une. Acredito que o meu \u201ctrampo\u201d desperta essa energia de pertencimento e quero que essa seja a percep\u00e7\u00e3o dos meus, sobre mim. Algu\u00e9m que est\u00e1 ali pra compartilhar experi\u00eancias e criar pontes\u201d, frisa Edoux.<\/p>\n\n\n\n<p>Compreendendo desde cedo a sua sexualidade, o artista conta que entendeu que sentia atra\u00e7\u00e3o pelo mesmo sexo, por\u00e9m, n\u00e3o somente, e no decorrer de sua adolesc\u00eancia foi se encontrando cada vez mais no G da sigla. \u201cHoje entendo com muito mais clareza que a sexualidade \u00e9 algo fluido, eu posso ser quem eu quiser, quando eu quiser e n\u00e3o preciso me colocar dentro de outra caixa\u201d, declara.<\/p>\n\n\n\n<p>Como parte significativa para o artista, os pontos importantes de sua carreira ressaltados e exaltados para o p\u00fablico LGBTQIA+, s\u00e3o o amor, uni\u00e3o, respeito consigo mesmo e com quem difere do outro, por menor que seja a diferen\u00e7a. \u201cA sigla \u00e9 imensa e diversa, j\u00e1 existe exclus\u00e3o e preconceito demais vindo daqueles que n\u00e3o fazem parte dela. Precisamos nos enxergar como uma unidade plural de apoio e troca de experi\u00eancias e, acima de tudo, resist\u00eancia\u201d, destaca.<\/p>\n\n\n\n<p>Edoux ainda fala que sua arte musical e express\u00e3o art\u00edstica s\u00e3o sin\u00f4nimos de liberdade, como forma de mostrar a sua ess\u00eancia. \u201cNos meus trabalhos eu trago exatamente a minha experi\u00eancia em me desvincular do que me impedia de ser quem eu sou na minha totalidade. Al\u00e9m disso, a quest\u00e3o visual tem sido outro ponto libertador para me reconhecer em diversas possibilidades de express\u00f5es\u201d, finaliza.<\/p>\n\n\n\n<p><\/p>\n","protected":false},"excerpt":{"rendered":"<p>Ao longo dos anos a arte tem oferecido possibilidades diversas de express\u00e3o, representatividade, inclus\u00e3o e ressignifica\u00e7\u00e3o. Os espa\u00e7os, hoje ocupados por representantes art\u00edsticos da comunidade, precisou [&hellip;]<\/p>\n","protected":false},"author":2,"featured_media":23032,"comment_status":"open","ping_status":"open","sticky":false,"template":"","format":"standard","meta":{"footnotes":""},"categories":[28,80],"tags":[],"class_list":["post-23031","post","type-post","status-publish","format-standard","has-post-thumbnail","hentry","category-farofa-digital","category-home"],"_links":{"self":[{"href":"https:\/\/blogs.correio24horas.com.br\/mesalte\/wp-json\/wp\/v2\/posts\/23031","targetHints":{"allow":["GET"]}}],"collection":[{"href":"https:\/\/blogs.correio24horas.com.br\/mesalte\/wp-json\/wp\/v2\/posts"}],"about":[{"href":"https:\/\/blogs.correio24horas.com.br\/mesalte\/wp-json\/wp\/v2\/types\/post"}],"author":[{"embeddable":true,"href":"https:\/\/blogs.correio24horas.com.br\/mesalte\/wp-json\/wp\/v2\/users\/2"}],"replies":[{"embeddable":true,"href":"https:\/\/blogs.correio24horas.com.br\/mesalte\/wp-json\/wp\/v2\/comments?post=23031"}],"version-history":[{"count":1,"href":"https:\/\/blogs.correio24horas.com.br\/mesalte\/wp-json\/wp\/v2\/posts\/23031\/revisions"}],"predecessor-version":[{"id":23033,"href":"https:\/\/blogs.correio24horas.com.br\/mesalte\/wp-json\/wp\/v2\/posts\/23031\/revisions\/23033"}],"wp:featuredmedia":[{"embeddable":true,"href":"https:\/\/blogs.correio24horas.com.br\/mesalte\/wp-json\/wp\/v2\/media\/23032"}],"wp:attachment":[{"href":"https:\/\/blogs.correio24horas.com.br\/mesalte\/wp-json\/wp\/v2\/media?parent=23031"}],"wp:term":[{"taxonomy":"category","embeddable":true,"href":"https:\/\/blogs.correio24horas.com.br\/mesalte\/wp-json\/wp\/v2\/categories?post=23031"},{"taxonomy":"post_tag","embeddable":true,"href":"https:\/\/blogs.correio24horas.com.br\/mesalte\/wp-json\/wp\/v2\/tags?post=23031"}],"curies":[{"name":"wp","href":"https:\/\/api.w.org\/{rel}","templated":true}]}}