{"id":22937,"date":"2021-06-28T18:06:18","date_gmt":"2021-06-28T21:06:18","guid":{"rendered":"https:\/\/blogs.correio24horas.com.br\/mesalte\/?p=22937"},"modified":"2021-06-28T18:16:28","modified_gmt":"2021-06-28T21:16:28","slug":"com-lancamento-do-comite-lgbtqiap-artistas-e-politicos-pedem-aprovacao-da-lei-paulo-gustavo","status":"publish","type":"post","link":"https:\/\/blogs.correio24horas.com.br\/mesalte\/com-lancamento-do-comite-lgbtqiap-artistas-e-politicos-pedem-aprovacao-da-lei-paulo-gustavo\/","title":{"rendered":"Com lan\u00e7amento do Comit\u00ea LGBTQIAP+, artistas e pol\u00edticos pedem aprova\u00e7\u00e3o da Lei Paulo Gustavo"},"content":{"rendered":"\n<p>A mobiliza\u00e7\u00e3o coletiva de artistas, pol\u00edticos e formadores de opini\u00e3o pela aprova\u00e7\u00e3o da Lei Paulo Gustavo vai ganhar mais aliados a partir de segunda-feira (28), com o lan\u00e7amento do Comit\u00ea LGBTQIAP+ Paulo Gustavo. Os atores Silvero Pereira, Suliv\u00e3 Bispo e Catarina Abdalla, o senador Fabiano Contaratto (Rede-ES), a deputada federal Jandira Feghalli (PCdoB-RJ) e o jornalista e cientista pol\u00edtico Jean Willys s\u00e3o algumas presen\u00e7as confirmadas no ato virtual, a partir das 19h.<\/p>\n\n\n\n<p>Juntos para a cultura resistir em tempos de pandemia e conseguir a t\u00e3o esperada aprova\u00e7\u00e3o do PLP 73\/2021, o Comit\u00ea LGBTQIAP+ Paulo Gustavo ser\u00e1 lan\u00e7ado justo no Dia Internacional do Orgulho LGBTQ+ (28 de junho) e tamb\u00e9m contar\u00e1 com as presen\u00e7as de Katiuscia Canoro (atriz), Robeyonc\u00e9 (co-deputada estadual de PE), Coletivo Afro Bapho, Driade Aguiar (M\u00eddia Ninja), advogada e vereadora Thainara Faria (Araraquara-RJ), Ruth Venceremos (drag queen e ativista), coletivos e movimentos sociais.<\/p>\n\n\n\n<p>O Projeto de Lei Complementar 73\/2021 que tramita no Senado prev\u00ea R$ 4,3 bilh\u00f5es para a cultura at\u00e9 o final de 2022, valor que ser\u00e1 repassado do Fundo Nacional de Cultura (FNC) e do Fundo Setorial do Audiovisual (FSA) para estados e munic\u00edpios, a fim de estimular todas as linguagens art\u00edsticas e garantir renda dos artistas, produtores, t\u00e9cnicos, grupos e espa\u00e7os culturais de todo o pa\u00eds.<\/p>\n\n\n\n<p>Segundo os artistas e produtores culturais, a lei surge para trazer solidariedade &#8220;em tempos de pandemia e pandem\u00f4nio, face ao projeto genocida do atual desgoverno&#8221;. \u00c9 tamb\u00e9m uma homenagem ao grande ator e humorista Paulo Gustavo, que morreu no dia 4 de maio, aos 42 anos, em decorr\u00eancia da Covid-19.<\/p>\n\n\n\n<p> &#x1f4c6; DIA: 28 de junho (segunda-feira)<br> &#x231a; HORA: 19h<br> &#x1f4f1; ZOOM: <br> &#x25b6;&#xfe0f; YOUTUBE: <\/p>\n","protected":false},"excerpt":{"rendered":"<p>A mobiliza\u00e7\u00e3o coletiva de artistas, pol\u00edticos e formadores de opini\u00e3o pela aprova\u00e7\u00e3o da Lei Paulo Gustavo vai ganhar mais aliados a partir de segunda-feira (28), com [&hellip;]<\/p>\n","protected":false},"author":2,"featured_media":22939,"comment_status":"open","ping_status":"open","sticky":false,"template":"","format":"image","meta":{"footnotes":""},"categories":[80,9],"tags":[2229,1287,2228,1566,807],"class_list":["post-22937","post","type-post","status-publish","format-image","has-post-thumbnail","hentry","category-home","category-me-orgulho","tag-catarina-abdalla","tag-dia-do-orgulho-lgbt","tag-lei-paulo-gustavo","tag-silvero-pereira","tag-suliva-bispo","post_format-post-format-image"],"_links":{"self":[{"href":"https:\/\/blogs.correio24horas.com.br\/mesalte\/wp-json\/wp\/v2\/posts\/22937","targetHints":{"allow":["GET"]}}],"collection":[{"href":"https:\/\/blogs.correio24horas.com.br\/mesalte\/wp-json\/wp\/v2\/posts"}],"about":[{"href":"https:\/\/blogs.correio24horas.com.br\/mesalte\/wp-json\/wp\/v2\/types\/post"}],"author":[{"embeddable":true,"href":"https:\/\/blogs.correio24horas.com.br\/mesalte\/wp-json\/wp\/v2\/users\/2"}],"replies":[{"embeddable":true,"href":"https:\/\/blogs.correio24horas.com.br\/mesalte\/wp-json\/wp\/v2\/comments?post=22937"}],"version-history":[{"count":2,"href":"https:\/\/blogs.correio24horas.com.br\/mesalte\/wp-json\/wp\/v2\/posts\/22937\/revisions"}],"predecessor-version":[{"id":22940,"href":"https:\/\/blogs.correio24horas.com.br\/mesalte\/wp-json\/wp\/v2\/posts\/22937\/revisions\/22940"}],"wp:featuredmedia":[{"embeddable":true,"href":"https:\/\/blogs.correio24horas.com.br\/mesalte\/wp-json\/wp\/v2\/media\/22939"}],"wp:attachment":[{"href":"https:\/\/blogs.correio24horas.com.br\/mesalte\/wp-json\/wp\/v2\/media?parent=22937"}],"wp:term":[{"taxonomy":"category","embeddable":true,"href":"https:\/\/blogs.correio24horas.com.br\/mesalte\/wp-json\/wp\/v2\/categories?post=22937"},{"taxonomy":"post_tag","embeddable":true,"href":"https:\/\/blogs.correio24horas.com.br\/mesalte\/wp-json\/wp\/v2\/tags?post=22937"}],"curies":[{"name":"wp","href":"https:\/\/api.w.org\/{rel}","templated":true}]}}