{"id":22926,"date":"2021-06-28T09:50:17","date_gmt":"2021-06-28T12:50:17","guid":{"rendered":"https:\/\/blogs.correio24horas.com.br\/mesalte\/?p=22926"},"modified":"2021-06-28T10:05:42","modified_gmt":"2021-06-28T13:05:42","slug":"tv-globo-exibe-especial-sobre-orgulho-lgbtqia-apos-a-novela-das-9","status":"publish","type":"post","link":"https:\/\/blogs.correio24horas.com.br\/mesalte\/tv-globo-exibe-especial-sobre-orgulho-lgbtqia-apos-a-novela-das-9\/","title":{"rendered":"TV Globo exibe especial sobre orgulho LGBTQIA+ ap\u00f3s a novela das 9"},"content":{"rendered":"\n<p>Nesta segunda-feira (28), data \u00a0em que se celebra o Dia Internacional do Orgulho LGBTQIA+, a TV Globo apresenta a trajet\u00f3ria de uma comunidade plural, pessoas completamente diferentes entre si mas que se reconhecem em um ponto em comum: o orgulho de \u00a0se relacionar sem preconceitos, de existir e de ter voz. O especial \u00a0Falas de Orgulho vai ao ar depois de Imp\u00e9rio. Na quarta, o especial ser\u00e1 exibido no GNT e, na sexta, no Canal Brasil.<br>\u00a0<br>O programa \u00a0mostra as jornadas de oito personagens de diferentes idades, regi\u00f5es, trajet\u00f3rias de vida e religi\u00f5es \u2013 e por tr\u00e1s delas, hist\u00f3rias de supera\u00e7\u00e3o, preconceito e auto aceita\u00e7\u00e3o, passando por temas transversais \u00e0s letras que formam a sigla LGBTQIA+.\u00a0<\/p>\n\n\n\n<p>S\u00e3o eles: o homem trans Richard Alc\u00e2ntara; a mulher trans Ariadne Ribeiro; a empres\u00e1ria l\u00e9sbica Geisa Garibaldi; a aposentada \u00c2ngela Fontes; a drag Sasha Zimmer; o delegado gay M\u00e1rio Leony; o barraqueiro bissexual Maycon Douglas; e a m\u00e9dica bissexual Mariana Ferreira.<br>&nbsp;<br>Para contar essas hist\u00f3rias, a equipe do Falas de Orgulho percorreu diversos estados e acompanhou essas pessoas em seu cotidiano: na intimidade de suas casas, no trabalho e no dia a dia com os amigos. A diversidade tamb\u00e9m \u00e9 mostrada atrav\u00e9s da equipe majoritariamente LGBT.<\/p>\n","protected":false},"excerpt":{"rendered":"<p>Nesta segunda-feira (28), data \u00a0em que se celebra o Dia Internacional do Orgulho LGBTQIA+, a TV Globo apresenta a trajet\u00f3ria de uma comunidade plural, pessoas completamente [&hellip;]<\/p>\n","protected":false},"author":2,"featured_media":22927,"comment_status":"open","ping_status":"open","sticky":false,"template":"","format":"standard","meta":{"footnotes":""},"categories":[80,9],"tags":[],"class_list":["post-22926","post","type-post","status-publish","format-standard","has-post-thumbnail","hentry","category-home","category-me-orgulho"],"_links":{"self":[{"href":"https:\/\/blogs.correio24horas.com.br\/mesalte\/wp-json\/wp\/v2\/posts\/22926","targetHints":{"allow":["GET"]}}],"collection":[{"href":"https:\/\/blogs.correio24horas.com.br\/mesalte\/wp-json\/wp\/v2\/posts"}],"about":[{"href":"https:\/\/blogs.correio24horas.com.br\/mesalte\/wp-json\/wp\/v2\/types\/post"}],"author":[{"embeddable":true,"href":"https:\/\/blogs.correio24horas.com.br\/mesalte\/wp-json\/wp\/v2\/users\/2"}],"replies":[{"embeddable":true,"href":"https:\/\/blogs.correio24horas.com.br\/mesalte\/wp-json\/wp\/v2\/comments?post=22926"}],"version-history":[{"count":1,"href":"https:\/\/blogs.correio24horas.com.br\/mesalte\/wp-json\/wp\/v2\/posts\/22926\/revisions"}],"predecessor-version":[{"id":22928,"href":"https:\/\/blogs.correio24horas.com.br\/mesalte\/wp-json\/wp\/v2\/posts\/22926\/revisions\/22928"}],"wp:featuredmedia":[{"embeddable":true,"href":"https:\/\/blogs.correio24horas.com.br\/mesalte\/wp-json\/wp\/v2\/media\/22927"}],"wp:attachment":[{"href":"https:\/\/blogs.correio24horas.com.br\/mesalte\/wp-json\/wp\/v2\/media?parent=22926"}],"wp:term":[{"taxonomy":"category","embeddable":true,"href":"https:\/\/blogs.correio24horas.com.br\/mesalte\/wp-json\/wp\/v2\/categories?post=22926"},{"taxonomy":"post_tag","embeddable":true,"href":"https:\/\/blogs.correio24horas.com.br\/mesalte\/wp-json\/wp\/v2\/tags?post=22926"}],"curies":[{"name":"wp","href":"https:\/\/api.w.org\/{rel}","templated":true}]}}