{"id":22897,"date":"2021-06-28T05:34:28","date_gmt":"2021-06-28T08:34:28","guid":{"rendered":"https:\/\/blogs.correio24horas.com.br\/mesalte\/?p=22897"},"modified":"2021-06-25T20:28:19","modified_gmt":"2021-06-25T23:28:19","slug":"das-artes-a-medicina-8-personalidades-que-mudaram-a-historia-do-movimento-lgbtqia","status":"publish","type":"post","link":"https:\/\/blogs.correio24horas.com.br\/mesalte\/das-artes-a-medicina-8-personalidades-que-mudaram-a-historia-do-movimento-lgbtqia\/","title":{"rendered":"Das artes \u00e0 medicina: 8 personalidades que mudaram a hist\u00f3ria do movimento LGBTQIA+"},"content":{"rendered":"\n<p>O movimento LGBTQIA+ que conhecemos nos dias de hoje \u00e9 resultado de um processo de evolu\u00e7\u00e3o hist\u00f3rica e resultado da luta de muitos que vieram antes de n\u00f3s. Por isso, neste dia 28 de junho, o Me Salte homenageia 8  personalidades que mudaram a hist\u00f3ria do nosso movimento. Obviamente, a lista \u00e9 infinitamente maior, mas reverenciamos aqui algumas dessas personalidades que dedicaram\/ou ainda dedicam suas vidas pela luta por direitos igualit\u00e1rios. Importante destacar que o dia do Orgulho LGBT foi criado e \u00e9 celebrado em 28 de junho em homenagem a um dos epis\u00f3dios mais marcantes na luta da comunidade gay pelos seus direitos: a Rebeli\u00e3o de Stonewall Inn, nos Estados Unidos, quando a pol\u00edcia intensificou ataques \u00e0 comunidade LGBTQIA+. <\/p>\n\n\n\n<ol class=\"wp-block-list\"><li><strong>Marsha P . Johnson (EUA)<\/strong> &#8211; 1945\/1992<\/li><\/ol>\n\n\n\n<figure class=\"wp-block-image\"><img loading=\"lazy\" decoding=\"async\" width=\"1024\" height=\"1024\" src=\"https:\/\/blogs.correio24h.com.br\/mesalte\/wp-content\/uploads\/2021\/06\/PERSONALIDADES2-1024x1024.jpg\" alt=\"\" class=\"wp-image-22906\" srcset=\"https:\/\/blogs.correio24h.com.br\/mesalte\/wp-content\/uploads\/2021\/06\/PERSONALIDADES2-1024x1024.jpg 1024w, https:\/\/blogs.correio24h.com.br\/mesalte\/wp-content\/uploads\/2021\/06\/PERSONALIDADES2-150x150.jpg 150w, https:\/\/blogs.correio24h.com.br\/mesalte\/wp-content\/uploads\/2021\/06\/PERSONALIDADES2-300x300.jpg 300w, https:\/\/blogs.correio24h.com.br\/mesalte\/wp-content\/uploads\/2021\/06\/PERSONALIDADES2-768x768.jpg 768w, https:\/\/blogs.correio24h.com.br\/mesalte\/wp-content\/uploads\/2021\/06\/PERSONALIDADES2-146x146.jpg 146w, https:\/\/blogs.correio24h.com.br\/mesalte\/wp-content\/uploads\/2021\/06\/PERSONALIDADES2-50x50.jpg 50w, https:\/\/blogs.correio24h.com.br\/mesalte\/wp-content\/uploads\/2021\/06\/PERSONALIDADES2.jpg 1200w, https:\/\/blogs.correio24h.com.br\/mesalte\/wp-content\/uploads\/2021\/06\/PERSONALIDADES2-80x80.jpg 80w, https:\/\/blogs.correio24h.com.br\/mesalte\/wp-content\/uploads\/2021\/06\/PERSONALIDADES2-75x75.jpg 75w, https:\/\/blogs.correio24h.com.br\/mesalte\/wp-content\/uploads\/2021\/06\/PERSONALIDADES2-85x85.jpg 85w\" sizes=\"auto, (max-width: 1024px) 100vw, 1024px\" \/><\/figure>\n\n\n\n<p><strong>2.Sylvia Rivera (EUA) &#8211; 1951\/2002<\/strong><\/p>\n\n\n\n<figure class=\"wp-block-image\"><img loading=\"lazy\" decoding=\"async\" width=\"1024\" height=\"1024\" src=\"https:\/\/blogs.correio24h.com.br\/mesalte\/wp-content\/uploads\/2021\/06\/PERSONALIDADES3-1024x1024.jpg\" alt=\"\" class=\"wp-image-22905\" srcset=\"https:\/\/blogs.correio24h.com.br\/mesalte\/wp-content\/uploads\/2021\/06\/PERSONALIDADES3-1024x1024.jpg 1024w, https:\/\/blogs.correio24h.com.br\/mesalte\/wp-content\/uploads\/2021\/06\/PERSONALIDADES3-150x150.jpg 150w, https:\/\/blogs.correio24h.com.br\/mesalte\/wp-content\/uploads\/2021\/06\/PERSONALIDADES3-300x300.jpg 300w, https:\/\/blogs.correio24h.com.br\/mesalte\/wp-content\/uploads\/2021\/06\/PERSONALIDADES3-768x768.jpg 768w, https:\/\/blogs.correio24h.com.br\/mesalte\/wp-content\/uploads\/2021\/06\/PERSONALIDADES3-146x146.jpg 146w, https:\/\/blogs.correio24h.com.br\/mesalte\/wp-content\/uploads\/2021\/06\/PERSONALIDADES3-50x50.jpg 50w, https:\/\/blogs.correio24h.com.br\/mesalte\/wp-content\/uploads\/2021\/06\/PERSONALIDADES3.jpg 1200w, https:\/\/blogs.correio24h.com.br\/mesalte\/wp-content\/uploads\/2021\/06\/PERSONALIDADES3-80x80.jpg 80w, https:\/\/blogs.correio24h.com.br\/mesalte\/wp-content\/uploads\/2021\/06\/PERSONALIDADES3-75x75.jpg 75w, https:\/\/blogs.correio24h.com.br\/mesalte\/wp-content\/uploads\/2021\/06\/PERSONALIDADES3-85x85.jpg 85w\" sizes=\"auto, (max-width: 1024px) 100vw, 1024px\" \/><\/figure>\n\n\n\n<p><strong>3. Frida Kahlo (MEX) &#8211; 1907\/1954<\/strong><\/p>\n\n\n\n<figure class=\"wp-block-image\"><img loading=\"lazy\" decoding=\"async\" width=\"1024\" height=\"1024\" src=\"https:\/\/blogs.correio24h.com.br\/mesalte\/wp-content\/uploads\/2021\/06\/PERSONALIDADES9-1024x1024.jpg\" alt=\"\" class=\"wp-image-22904\" srcset=\"https:\/\/blogs.correio24h.com.br\/mesalte\/wp-content\/uploads\/2021\/06\/PERSONALIDADES9-1024x1024.jpg 1024w, https:\/\/blogs.correio24h.com.br\/mesalte\/wp-content\/uploads\/2021\/06\/PERSONALIDADES9-150x150.jpg 150w, https:\/\/blogs.correio24h.com.br\/mesalte\/wp-content\/uploads\/2021\/06\/PERSONALIDADES9-300x300.jpg 300w, https:\/\/blogs.correio24h.com.br\/mesalte\/wp-content\/uploads\/2021\/06\/PERSONALIDADES9-768x768.jpg 768w, https:\/\/blogs.correio24h.com.br\/mesalte\/wp-content\/uploads\/2021\/06\/PERSONALIDADES9-146x146.jpg 146w, https:\/\/blogs.correio24h.com.br\/mesalte\/wp-content\/uploads\/2021\/06\/PERSONALIDADES9-50x50.jpg 50w, https:\/\/blogs.correio24h.com.br\/mesalte\/wp-content\/uploads\/2021\/06\/PERSONALIDADES9.jpg 1200w, https:\/\/blogs.correio24h.com.br\/mesalte\/wp-content\/uploads\/2021\/06\/PERSONALIDADES9-80x80.jpg 80w, https:\/\/blogs.correio24h.com.br\/mesalte\/wp-content\/uploads\/2021\/06\/PERSONALIDADES9-75x75.jpg 75w, https:\/\/blogs.correio24h.com.br\/mesalte\/wp-content\/uploads\/2021\/06\/PERSONALIDADES9-85x85.jpg 85w\" sizes=\"auto, (max-width: 1024px) 100vw, 1024px\" \/><\/figure>\n\n\n\n<p><strong>4. Simon Nkoli (\u00c1frica do Sul) &#8211; 1957\/1998<\/strong><\/p>\n\n\n\n<figure class=\"wp-block-image\"><img loading=\"lazy\" decoding=\"async\" width=\"1024\" height=\"1024\" src=\"https:\/\/blogs.correio24h.com.br\/mesalte\/wp-content\/uploads\/2021\/06\/PERSONALIDADES8-1024x1024.jpg\" alt=\"\" class=\"wp-image-22903\" srcset=\"https:\/\/blogs.correio24h.com.br\/mesalte\/wp-content\/uploads\/2021\/06\/PERSONALIDADES8-1024x1024.jpg 1024w, https:\/\/blogs.correio24h.com.br\/mesalte\/wp-content\/uploads\/2021\/06\/PERSONALIDADES8-150x150.jpg 150w, https:\/\/blogs.correio24h.com.br\/mesalte\/wp-content\/uploads\/2021\/06\/PERSONALIDADES8-300x300.jpg 300w, https:\/\/blogs.correio24h.com.br\/mesalte\/wp-content\/uploads\/2021\/06\/PERSONALIDADES8-768x768.jpg 768w, https:\/\/blogs.correio24h.com.br\/mesalte\/wp-content\/uploads\/2021\/06\/PERSONALIDADES8-146x146.jpg 146w, https:\/\/blogs.correio24h.com.br\/mesalte\/wp-content\/uploads\/2021\/06\/PERSONALIDADES8-50x50.jpg 50w, https:\/\/blogs.correio24h.com.br\/mesalte\/wp-content\/uploads\/2021\/06\/PERSONALIDADES8.jpg 1200w, https:\/\/blogs.correio24h.com.br\/mesalte\/wp-content\/uploads\/2021\/06\/PERSONALIDADES8-80x80.jpg 80w, https:\/\/blogs.correio24h.com.br\/mesalte\/wp-content\/uploads\/2021\/06\/PERSONALIDADES8-75x75.jpg 75w, https:\/\/blogs.correio24h.com.br\/mesalte\/wp-content\/uploads\/2021\/06\/PERSONALIDADES8-85x85.jpg 85w\" sizes=\"auto, (max-width: 1024px) 100vw, 1024px\" \/><\/figure>\n\n\n\n<p><strong>5. Luiz Mott (S\u00e3o Paulo &#8211; Brasil), 75 anos <\/strong><\/p>\n\n\n\n<figure class=\"wp-block-image\"><img loading=\"lazy\" decoding=\"async\" width=\"1024\" height=\"1024\" src=\"https:\/\/blogs.correio24h.com.br\/mesalte\/wp-content\/uploads\/2021\/06\/PERSONALIDADES6-1024x1024.jpg\" alt=\"\" class=\"wp-image-22902\" srcset=\"https:\/\/blogs.correio24h.com.br\/mesalte\/wp-content\/uploads\/2021\/06\/PERSONALIDADES6-1024x1024.jpg 1024w, https:\/\/blogs.correio24h.com.br\/mesalte\/wp-content\/uploads\/2021\/06\/PERSONALIDADES6-150x150.jpg 150w, https:\/\/blogs.correio24h.com.br\/mesalte\/wp-content\/uploads\/2021\/06\/PERSONALIDADES6-300x300.jpg 300w, https:\/\/blogs.correio24h.com.br\/mesalte\/wp-content\/uploads\/2021\/06\/PERSONALIDADES6-768x768.jpg 768w, https:\/\/blogs.correio24h.com.br\/mesalte\/wp-content\/uploads\/2021\/06\/PERSONALIDADES6-146x146.jpg 146w, https:\/\/blogs.correio24h.com.br\/mesalte\/wp-content\/uploads\/2021\/06\/PERSONALIDADES6-50x50.jpg 50w, https:\/\/blogs.correio24h.com.br\/mesalte\/wp-content\/uploads\/2021\/06\/PERSONALIDADES6.jpg 1200w, https:\/\/blogs.correio24h.com.br\/mesalte\/wp-content\/uploads\/2021\/06\/PERSONALIDADES6-80x80.jpg 80w, https:\/\/blogs.correio24h.com.br\/mesalte\/wp-content\/uploads\/2021\/06\/PERSONALIDADES6-75x75.jpg 75w, https:\/\/blogs.correio24h.com.br\/mesalte\/wp-content\/uploads\/2021\/06\/PERSONALIDADES6-85x85.jpg 85w\" sizes=\"auto, (max-width: 1024px) 100vw, 1024px\" \/><\/figure>\n\n\n\n<p><strong>6. Michael Dillon (ING) -1915\/1962<\/strong><\/p>\n\n\n\n<figure class=\"wp-block-image\"><img loading=\"lazy\" decoding=\"async\" width=\"1024\" height=\"1024\" src=\"https:\/\/blogs.correio24h.com.br\/mesalte\/wp-content\/uploads\/2021\/06\/PERSONALIDADES5-1024x1024.jpg\" alt=\"\" class=\"wp-image-22901\" srcset=\"https:\/\/blogs.correio24h.com.br\/mesalte\/wp-content\/uploads\/2021\/06\/PERSONALIDADES5-1024x1024.jpg 1024w, https:\/\/blogs.correio24h.com.br\/mesalte\/wp-content\/uploads\/2021\/06\/PERSONALIDADES5-150x150.jpg 150w, https:\/\/blogs.correio24h.com.br\/mesalte\/wp-content\/uploads\/2021\/06\/PERSONALIDADES5-300x300.jpg 300w, https:\/\/blogs.correio24h.com.br\/mesalte\/wp-content\/uploads\/2021\/06\/PERSONALIDADES5-768x768.jpg 768w, https:\/\/blogs.correio24h.com.br\/mesalte\/wp-content\/uploads\/2021\/06\/PERSONALIDADES5-146x146.jpg 146w, https:\/\/blogs.correio24h.com.br\/mesalte\/wp-content\/uploads\/2021\/06\/PERSONALIDADES5-50x50.jpg 50w, https:\/\/blogs.correio24h.com.br\/mesalte\/wp-content\/uploads\/2021\/06\/PERSONALIDADES5.jpg 1200w, https:\/\/blogs.correio24h.com.br\/mesalte\/wp-content\/uploads\/2021\/06\/PERSONALIDADES5-80x80.jpg 80w, https:\/\/blogs.correio24h.com.br\/mesalte\/wp-content\/uploads\/2021\/06\/PERSONALIDADES5-75x75.jpg 75w, https:\/\/blogs.correio24h.com.br\/mesalte\/wp-content\/uploads\/2021\/06\/PERSONALIDADES5-85x85.jpg 85w\" sizes=\"auto, (max-width: 1024px) 100vw, 1024px\" \/><\/figure>\n\n\n\n<p><strong>7. Josephine Baker (EUA) &#8211;  1906\/1975<\/strong><\/p>\n\n\n\n<figure class=\"wp-block-image\"><img loading=\"lazy\" decoding=\"async\" width=\"1024\" height=\"1024\" src=\"https:\/\/blogs.correio24h.com.br\/mesalte\/wp-content\/uploads\/2021\/06\/PERSONALIDADES4-1024x1024.jpg\" alt=\"\" class=\"wp-image-22900\" srcset=\"https:\/\/blogs.correio24h.com.br\/mesalte\/wp-content\/uploads\/2021\/06\/PERSONALIDADES4-1024x1024.jpg 1024w, https:\/\/blogs.correio24h.com.br\/mesalte\/wp-content\/uploads\/2021\/06\/PERSONALIDADES4-150x150.jpg 150w, https:\/\/blogs.correio24h.com.br\/mesalte\/wp-content\/uploads\/2021\/06\/PERSONALIDADES4-300x300.jpg 300w, https:\/\/blogs.correio24h.com.br\/mesalte\/wp-content\/uploads\/2021\/06\/PERSONALIDADES4-768x768.jpg 768w, https:\/\/blogs.correio24h.com.br\/mesalte\/wp-content\/uploads\/2021\/06\/PERSONALIDADES4-146x146.jpg 146w, https:\/\/blogs.correio24h.com.br\/mesalte\/wp-content\/uploads\/2021\/06\/PERSONALIDADES4-50x50.jpg 50w, https:\/\/blogs.correio24h.com.br\/mesalte\/wp-content\/uploads\/2021\/06\/PERSONALIDADES4.jpg 1200w, https:\/\/blogs.correio24h.com.br\/mesalte\/wp-content\/uploads\/2021\/06\/PERSONALIDADES4-80x80.jpg 80w, https:\/\/blogs.correio24h.com.br\/mesalte\/wp-content\/uploads\/2021\/06\/PERSONALIDADES4-75x75.jpg 75w, https:\/\/blogs.correio24h.com.br\/mesalte\/wp-content\/uploads\/2021\/06\/PERSONALIDADES4-85x85.jpg 85w\" sizes=\"auto, (max-width: 1024px) 100vw, 1024px\" \/><\/figure>\n\n\n\n<p><strong>8. Ifti Nasin ( Paquist\u00e3o) 1946\/2011)<\/strong><\/p>\n\n\n\n<figure class=\"wp-block-image\"><img loading=\"lazy\" decoding=\"async\" width=\"1024\" height=\"1024\" src=\"https:\/\/blogs.correio24h.com.br\/mesalte\/wp-content\/uploads\/2021\/06\/PERSONALIDADES7-1024x1024.jpg\" alt=\"\" class=\"wp-image-22898\" srcset=\"https:\/\/blogs.correio24h.com.br\/mesalte\/wp-content\/uploads\/2021\/06\/PERSONALIDADES7-1024x1024.jpg 1024w, https:\/\/blogs.correio24h.com.br\/mesalte\/wp-content\/uploads\/2021\/06\/PERSONALIDADES7-150x150.jpg 150w, https:\/\/blogs.correio24h.com.br\/mesalte\/wp-content\/uploads\/2021\/06\/PERSONALIDADES7-300x300.jpg 300w, https:\/\/blogs.correio24h.com.br\/mesalte\/wp-content\/uploads\/2021\/06\/PERSONALIDADES7-768x768.jpg 768w, https:\/\/blogs.correio24h.com.br\/mesalte\/wp-content\/uploads\/2021\/06\/PERSONALIDADES7-146x146.jpg 146w, https:\/\/blogs.correio24h.com.br\/mesalte\/wp-content\/uploads\/2021\/06\/PERSONALIDADES7-50x50.jpg 50w, https:\/\/blogs.correio24h.com.br\/mesalte\/wp-content\/uploads\/2021\/06\/PERSONALIDADES7.jpg 1200w, https:\/\/blogs.correio24h.com.br\/mesalte\/wp-content\/uploads\/2021\/06\/PERSONALIDADES7-80x80.jpg 80w, https:\/\/blogs.correio24h.com.br\/mesalte\/wp-content\/uploads\/2021\/06\/PERSONALIDADES7-75x75.jpg 75w, https:\/\/blogs.correio24h.com.br\/mesalte\/wp-content\/uploads\/2021\/06\/PERSONALIDADES7-85x85.jpg 85w\" sizes=\"auto, (max-width: 1024px) 100vw, 1024px\" \/><\/figure>\n","protected":false},"excerpt":{"rendered":"<p>O movimento LGBTQIA+ que conhecemos nos dias de hoje \u00e9 resultado de um processo de evolu\u00e7\u00e3o hist\u00f3rica e resultado da luta de muitos que vieram antes [&hellip;]<\/p>\n","protected":false},"author":1,"featured_media":22899,"comment_status":"open","ping_status":"open","sticky":false,"template":"","format":"standard","meta":{"footnotes":""},"categories":[80,9],"tags":[2071],"class_list":["post-22897","post","type-post","status-publish","format-standard","has-post-thumbnail","hentry","category-home","category-me-orgulho","tag-pride"],"_links":{"self":[{"href":"https:\/\/blogs.correio24horas.com.br\/mesalte\/wp-json\/wp\/v2\/posts\/22897","targetHints":{"allow":["GET"]}}],"collection":[{"href":"https:\/\/blogs.correio24horas.com.br\/mesalte\/wp-json\/wp\/v2\/posts"}],"about":[{"href":"https:\/\/blogs.correio24horas.com.br\/mesalte\/wp-json\/wp\/v2\/types\/post"}],"author":[{"embeddable":true,"href":"https:\/\/blogs.correio24horas.com.br\/mesalte\/wp-json\/wp\/v2\/users\/1"}],"replies":[{"embeddable":true,"href":"https:\/\/blogs.correio24horas.com.br\/mesalte\/wp-json\/wp\/v2\/comments?post=22897"}],"version-history":[{"count":4,"href":"https:\/\/blogs.correio24horas.com.br\/mesalte\/wp-json\/wp\/v2\/posts\/22897\/revisions"}],"predecessor-version":[{"id":22922,"href":"https:\/\/blogs.correio24horas.com.br\/mesalte\/wp-json\/wp\/v2\/posts\/22897\/revisions\/22922"}],"wp:featuredmedia":[{"embeddable":true,"href":"https:\/\/blogs.correio24horas.com.br\/mesalte\/wp-json\/wp\/v2\/media\/22899"}],"wp:attachment":[{"href":"https:\/\/blogs.correio24horas.com.br\/mesalte\/wp-json\/wp\/v2\/media?parent=22897"}],"wp:term":[{"taxonomy":"category","embeddable":true,"href":"https:\/\/blogs.correio24horas.com.br\/mesalte\/wp-json\/wp\/v2\/categories?post=22897"},{"taxonomy":"post_tag","embeddable":true,"href":"https:\/\/blogs.correio24horas.com.br\/mesalte\/wp-json\/wp\/v2\/tags?post=22897"}],"curies":[{"name":"wp","href":"https:\/\/api.w.org\/{rel}","templated":true}]}}