{"id":22818,"date":"2021-06-03T12:22:04","date_gmt":"2021-06-03T15:22:04","guid":{"rendered":"https:\/\/blogs.correio24horas.com.br\/mesalte\/?p=22818"},"modified":"2021-06-03T12:22:05","modified_gmt":"2021-06-03T15:22:05","slug":"afrodrag-e-cantora-diasporica-barbarie-bundi-lanca-album-aquatika","status":"publish","type":"post","link":"https:\/\/blogs.correio24horas.com.br\/mesalte\/afrodrag-e-cantora-diasporica-barbarie-bundi-lanca-album-aquatika\/","title":{"rendered":"Afrodrag e cantora diasp\u00f3rica Barb\u00e1rie Bundi lan\u00e7a \u00e1lbum AQU\u00c1TIKA"},"content":{"rendered":"\n<p>Correnteza. \u00c1gua atl\u00e2ntica que cura e enfeiti\u00e7a. \u00c1gua que \u00e9 suor, l\u00e1grimas, corpo l\u00edquido e preenchido por mem\u00f3rias profundas. Esse \u00e9 um breve resumo po\u00e9tico de AQU\u00c1TIKA, primeiro \u00e1lbum da afrodrag, cantora e compositora Barb\u00e1rie Bundi, que traz cinco composi\u00e7\u00f5es in\u00e9ditas &#8211; Aqu\u00e1tika, \u00c1gua do Congo, \u00c1gua &#8211; Viva, Pega Eu e Kimbanda -, a ser lan\u00e7ado no pr\u00f3ximo dia 13 de junho, em todas as plataformas digitais de m\u00fasica &#8211; YouTube, Amazon, Spotify, Deezer, entre outros.<\/p>\n\n\n\n<p>Com dire\u00e7\u00e3o art\u00edstica e musical de Caboclo de Cobre, produ\u00e7\u00e3o de Marcelo Sant&#8217;anna da AquaHertz Beats, AQU\u00c1TIKA \u00e9 o primeiro mergulho sonoro de Bundi na reflex\u00e3o sobre afetividade negra, sobre Dengo, palavra de origem kimbudu, que em seu sentido mais profundo e ancestral significa o encontro entre negrxs. &#8220;Nessa sociedade racista, o amor est\u00e1 articulado ao mundo branco. Para n\u00f3s negrxs, ele n\u00e3o funciona. N\u00e3o \u00e9 um disco de baladas rom\u00e2nticas. \u00c9 uma afrofabula\u00e7\u00e3o, um trabalho de cura, de reconex\u00e3o ancestral, de kimbandaria, de amor, de encontro. Aquatika \u00e9 meu corpo abrindo um espa\u00e7o l\u00edquido de mem\u00f3rias.&#8221;, refor\u00e7a a afrodrag, nascida nos bares e esquinas do centro e<br>\nperiferia soteropolitana.<\/p>\n\n\n\n<p>AQU\u00c1TIKA \u00e9 um \u00e1lbum que tem uma linha narrativa que conduz a uma dramaturgia de mergulho, conhecimento, cura, afeto e troca de afetividade entre pretxs, e finaliza com refor\u00e7ando todo o poder\/feiti\u00e7aria que a bixa preta carrega nas m\u00e3os e no corpo. Ap\u00f3s o lan\u00e7amento do EP, Bundi lan\u00e7ar\u00e1 no instagram (@barbariebundi), nos dias 08, 10, 12 e 14 de junho, v\u00eddeos di\u00e1rios a respeito de cada m\u00fasica e trajet\u00f3ria da artista.<\/p>\n\n\n\n<p>Al\u00e9m dos v\u00eddeos, ocorre no dia 28 de junho uma live show desse novo e primeiro trabalho da multiartista, que deve ainda este ano virar uma obra audiovisual. Com m\u00fasicas autorais e de Caboclo de Cobre, Daniel Arcades, ISSA e participa\u00e7\u00e3o de Apenas Herverton e Joker Guiguio na percuss\u00e3o.<\/p>\n","protected":false},"excerpt":{"rendered":"<p>Correnteza. \u00c1gua atl\u00e2ntica que cura e enfeiti\u00e7a. \u00c1gua que \u00e9 suor, l\u00e1grimas, corpo l\u00edquido e preenchido por mem\u00f3rias profundas. Esse \u00e9 um breve resumo po\u00e9tico de [&hellip;]<\/p>\n","protected":false},"author":1,"featured_media":22820,"comment_status":"open","ping_status":"open","sticky":false,"template":"","format":"standard","meta":{"footnotes":""},"categories":[80,25],"tags":[],"class_list":["post-22818","post","type-post","status-publish","format-standard","has-post-thumbnail","hentry","category-home","category-me-transformo"],"_links":{"self":[{"href":"https:\/\/blogs.correio24horas.com.br\/mesalte\/wp-json\/wp\/v2\/posts\/22818","targetHints":{"allow":["GET"]}}],"collection":[{"href":"https:\/\/blogs.correio24horas.com.br\/mesalte\/wp-json\/wp\/v2\/posts"}],"about":[{"href":"https:\/\/blogs.correio24horas.com.br\/mesalte\/wp-json\/wp\/v2\/types\/post"}],"author":[{"embeddable":true,"href":"https:\/\/blogs.correio24horas.com.br\/mesalte\/wp-json\/wp\/v2\/users\/1"}],"replies":[{"embeddable":true,"href":"https:\/\/blogs.correio24horas.com.br\/mesalte\/wp-json\/wp\/v2\/comments?post=22818"}],"version-history":[{"count":2,"href":"https:\/\/blogs.correio24horas.com.br\/mesalte\/wp-json\/wp\/v2\/posts\/22818\/revisions"}],"predecessor-version":[{"id":22821,"href":"https:\/\/blogs.correio24horas.com.br\/mesalte\/wp-json\/wp\/v2\/posts\/22818\/revisions\/22821"}],"wp:featuredmedia":[{"embeddable":true,"href":"https:\/\/blogs.correio24horas.com.br\/mesalte\/wp-json\/wp\/v2\/media\/22820"}],"wp:attachment":[{"href":"https:\/\/blogs.correio24horas.com.br\/mesalte\/wp-json\/wp\/v2\/media?parent=22818"}],"wp:term":[{"taxonomy":"category","embeddable":true,"href":"https:\/\/blogs.correio24horas.com.br\/mesalte\/wp-json\/wp\/v2\/categories?post=22818"},{"taxonomy":"post_tag","embeddable":true,"href":"https:\/\/blogs.correio24horas.com.br\/mesalte\/wp-json\/wp\/v2\/tags?post=22818"}],"curies":[{"name":"wp","href":"https:\/\/api.w.org\/{rel}","templated":true}]}}