{"id":22802,"date":"2021-05-27T12:45:48","date_gmt":"2021-05-27T15:45:48","guid":{"rendered":"https:\/\/blogs.correio24horas.com.br\/mesalte\/?p=22802"},"modified":"2021-05-27T12:45:49","modified_gmt":"2021-05-27T15:45:49","slug":"cantora-urias-lanca-furia-o-primeiro-album-de-sua-carreira","status":"publish","type":"post","link":"https:\/\/blogs.correio24horas.com.br\/mesalte\/cantora-urias-lanca-furia-o-primeiro-album-de-sua-carreira\/","title":{"rendered":"Cantora Urias lan\u00e7a F\u00daRIA, o primeiro \u00e1lbum de sua carreira"},"content":{"rendered":"\n<p>A cantora Urias lan\u00e7a nesta quinta-feira (27) seu \u00e1lbum de estreia <em>F\u00daRIA, que \u00e9 <\/em>um grito de alerta que a artista faz a sociedade\u00a0 no qual n\u00e3o h\u00e1 procura por bandidos e mocinhos, mas a necessidade de transformar o\u00a0 sentimento que d\u00e1 t\u00edtulo ao trabalho em express\u00e3o art\u00edstica.\u00a0<\/p>\n\n\n\n<p>Touro \u00e9 o animal totem que ilustra e simboliza <em>F\u00daRIA<\/em>. \u00c9 ele com sua for\u00e7a f\u00edsica e visceral&nbsp; quem desperta a fertilidade criativa de Urias numa mistura de yin&amp;yang, suavidade e&nbsp; agressividade no percurso das cinco faixas \u2013duas j\u00e1 lan\u00e7adas e tr\u00eas in\u00e9ditas-, que integram o&nbsp; projeto parte I (<em>F\u00daRIA II <\/em>est\u00e1 previsto para o segundo semestre).&nbsp;&nbsp;<\/p>\n\n\n\n<p>Urias n\u00e3o apenas canta, mas participa do processo criativo do \u00e1lbum. Al\u00e9m de assinar as&nbsp; composi\u00e7\u00f5es, ela desenha a atmosfera est\u00e9tica do trabalho em timbres de R&amp;B, hip hop e&nbsp; cinema noir.&nbsp;&nbsp;<\/p>\n\n\n\n<p>\u201c<strong><em>F\u00daRIA n\u00e3o apenas o lan\u00e7amento de um \u00e1lbum, mas um produto musical que conecta \u00e1udio, v\u00eddeo e desejos pessoais. \u00c9 sobre mim e tamb\u00e9m sobre o outro, sobre a rela\u00e7\u00e3o que a&nbsp; sociedade tem com o corpo, o sexo e figura da mulher. Tem ira, mas tamb\u00e9m tem&nbsp; mansid\u00e3o<\/em><\/strong>\u201d, diz Urias.&nbsp;<\/p>\n\n\n\n<p>Marcada pela ousadia, Urias traz j\u00e1 em seu primeiro \u00e1lbum can\u00e7\u00f5es em espanhol. \u201cPeligrosa\u201d&nbsp; avisa: \u201ctu no me toques, soy peligrosa\u201d. A prop\u00f3sito, o single ganha videoclipe preto e branco&nbsp; seguindo a fio condutor iniciado em \u201cRacha\u201d que ser\u00e1 dispon\u00edvel na sexta-feira (28) a partir das&nbsp; 11h na Vevo.&nbsp;&nbsp;<\/p>\n\n\n\n<p><\/p>\n","protected":false},"excerpt":{"rendered":"<p>A cantora Urias lan\u00e7a nesta quinta-feira (27) seu \u00e1lbum de estreia F\u00daRIA, que \u00e9 um grito de alerta que a artista faz a sociedade\u00a0 no qual [&hellip;]<\/p>\n","protected":false},"author":1,"featured_media":22803,"comment_status":"open","ping_status":"open","sticky":false,"template":"","format":"standard","meta":{"footnotes":""},"categories":[28,80],"tags":[1773],"class_list":["post-22802","post","type-post","status-publish","format-standard","has-post-thumbnail","hentry","category-farofa-digital","category-home","tag-urias"],"_links":{"self":[{"href":"https:\/\/blogs.correio24horas.com.br\/mesalte\/wp-json\/wp\/v2\/posts\/22802","targetHints":{"allow":["GET"]}}],"collection":[{"href":"https:\/\/blogs.correio24horas.com.br\/mesalte\/wp-json\/wp\/v2\/posts"}],"about":[{"href":"https:\/\/blogs.correio24horas.com.br\/mesalte\/wp-json\/wp\/v2\/types\/post"}],"author":[{"embeddable":true,"href":"https:\/\/blogs.correio24horas.com.br\/mesalte\/wp-json\/wp\/v2\/users\/1"}],"replies":[{"embeddable":true,"href":"https:\/\/blogs.correio24horas.com.br\/mesalte\/wp-json\/wp\/v2\/comments?post=22802"}],"version-history":[{"count":1,"href":"https:\/\/blogs.correio24horas.com.br\/mesalte\/wp-json\/wp\/v2\/posts\/22802\/revisions"}],"predecessor-version":[{"id":22804,"href":"https:\/\/blogs.correio24horas.com.br\/mesalte\/wp-json\/wp\/v2\/posts\/22802\/revisions\/22804"}],"wp:featuredmedia":[{"embeddable":true,"href":"https:\/\/blogs.correio24horas.com.br\/mesalte\/wp-json\/wp\/v2\/media\/22803"}],"wp:attachment":[{"href":"https:\/\/blogs.correio24horas.com.br\/mesalte\/wp-json\/wp\/v2\/media?parent=22802"}],"wp:term":[{"taxonomy":"category","embeddable":true,"href":"https:\/\/blogs.correio24horas.com.br\/mesalte\/wp-json\/wp\/v2\/categories?post=22802"},{"taxonomy":"post_tag","embeddable":true,"href":"https:\/\/blogs.correio24horas.com.br\/mesalte\/wp-json\/wp\/v2\/tags?post=22802"}],"curies":[{"name":"wp","href":"https:\/\/api.w.org\/{rel}","templated":true}]}}