{"id":22795,"date":"2021-05-25T22:32:01","date_gmt":"2021-05-26T01:32:01","guid":{"rendered":"https:\/\/blogs.correio24horas.com.br\/mesalte\/?p=22795"},"modified":"2021-05-25T22:32:03","modified_gmt":"2021-05-26T01:32:03","slug":"escola-de-drags-encerra-programacao-especial-tca-de-bracos-abertos","status":"publish","type":"post","link":"https:\/\/blogs.correio24horas.com.br\/mesalte\/escola-de-drags-encerra-programacao-especial-tca-de-bracos-abertos\/","title":{"rendered":"\u201cEscola de Drags\u201d encerra programa\u00e7\u00e3o especial \u201cTCA de Bra\u00e7os Abertos\u201d"},"content":{"rendered":"\n<p>Treze artistas mostram suas performances de estreia na arte  drag queen a partir desta quarta-feira, dia 26, no palco virtual do Teatro Castro Alves. Rec\u00e9m formadas pelo projeto Escola  de Drags &#8211; Ano II, as drag queens encerram a janela  digital \u201cTCA de Bra\u00e7os Abertos\u201d, m\u00eas de programa\u00e7\u00e3o especial dedicada \u00e0 diversidade LGBTQ+. O v\u00eddeo ir\u00e1 ao ar \u00e0s 19h, no canal de YouTube do Teatro Castro Alves (www.youtube.com\/teatrocastroalvesoficial)  e ficar\u00e1 dispon\u00edvel at\u00e9 domingo, dia 30 de maio. <\/p>\n\n\n\n<p>Em performances estreladas, criadas e produzidas por cada  uma delas, as Queens Verenna, Razzga Mortalha, Lady F\u00eanix, Myranda c\/ Y, Skarlett La Vich, Calour Absinto, Nathielly Charles, Pyrata, Francesca Allegra, Jayaci, Cellestica, Carmen de Lune e Tallys Mann mostram o resultado de um processo de meses de aulas e  atividades formativas do projeto, que resultaram na cria\u00e7\u00e3o de suas personagens. <\/p>\n\n\n\n<p>A Escola de Drags &#8211; Ano II, projeto desenvolvido pela Dan  Territ\u00f3rio em parceria com as drag queens baianas Aim\u00e9e Lumi\u00e9re e Spadina Banks, que acompanharam  todo o processo ao lado de outros tutores como as artistas Bia Mathieu e Malayka SN, o escritor, diretor e dramaturgo Daniel Arcades e a produtora cultural La\u00edse Castro, ambos gestores da produtora DAN Territ\u00f3rio. Na realiza\u00e7\u00e3o, o projeto contou com parceria  do Escrit\u00f3rio do Pensamento. <\/p>\n\n\n\n<p>O \u201cTCA de Bra\u00e7os Abertos\u201d fez rever\u00eancia ao marco do dia<br> 17 deste m\u00eas, que \u00e9 o Dia Internacional da Luta Contra a LGBTQfobia. Desde 2020, esta iniciativa abriga variadas iniciativas culturais, assim como ocorria na ocupa\u00e7\u00e3o dos palcos do Complexo do TCA, antes da pandemia.<\/p>\n\n\n\n<p>A \u201cEscola de Drags &#8211; Ano II\u201d tem apoio financeiro do Estado<br>\nda Bahia atrav\u00e9s da Secretaria de Cultura e do Centro de Culturas Populares e Identit\u00e1rias (Programa Aldir Blanc Bahia) via Lei Aldir Blanc, direcionada pela Secretaria Especial da Cultural do Minist\u00e9rio do Turismo, Governo Federal.  <\/p>\n\n\n\n<p>Servi\u00e7o:<\/p>\n\n\n\n<p>\u201cTCA de Bra\u00e7os Abertos\u201d &#8211; Mostra<br>\nEscola de Drags<\/p>\n\n\n\n<p>Data: 26<br>\nde maio de 2021 (quarta-feira) <\/p>\n\n\n\n<p>Hor\u00e1rio: 19h<\/p>\n\n\n\n<p>Plataforma:<br>\nYouTube Teatro Castro Alves<br>\n(youtube.com\/teatrocastroalvesoficial)<\/p>\n","protected":false},"excerpt":{"rendered":"<p>Treze artistas mostram suas performances de estreia na arte drag queen a partir desta quarta-feira, dia 26, no palco virtual do Teatro Castro Alves. Rec\u00e9m formadas [&hellip;]<\/p>\n","protected":false},"author":1,"featured_media":22796,"comment_status":"open","ping_status":"open","sticky":false,"template":"","format":"standard","meta":{"footnotes":""},"categories":[80,25],"tags":[],"class_list":["post-22795","post","type-post","status-publish","format-standard","has-post-thumbnail","hentry","category-home","category-me-transformo"],"_links":{"self":[{"href":"https:\/\/blogs.correio24horas.com.br\/mesalte\/wp-json\/wp\/v2\/posts\/22795","targetHints":{"allow":["GET"]}}],"collection":[{"href":"https:\/\/blogs.correio24horas.com.br\/mesalte\/wp-json\/wp\/v2\/posts"}],"about":[{"href":"https:\/\/blogs.correio24horas.com.br\/mesalte\/wp-json\/wp\/v2\/types\/post"}],"author":[{"embeddable":true,"href":"https:\/\/blogs.correio24horas.com.br\/mesalte\/wp-json\/wp\/v2\/users\/1"}],"replies":[{"embeddable":true,"href":"https:\/\/blogs.correio24horas.com.br\/mesalte\/wp-json\/wp\/v2\/comments?post=22795"}],"version-history":[{"count":1,"href":"https:\/\/blogs.correio24horas.com.br\/mesalte\/wp-json\/wp\/v2\/posts\/22795\/revisions"}],"predecessor-version":[{"id":22797,"href":"https:\/\/blogs.correio24horas.com.br\/mesalte\/wp-json\/wp\/v2\/posts\/22795\/revisions\/22797"}],"wp:featuredmedia":[{"embeddable":true,"href":"https:\/\/blogs.correio24horas.com.br\/mesalte\/wp-json\/wp\/v2\/media\/22796"}],"wp:attachment":[{"href":"https:\/\/blogs.correio24horas.com.br\/mesalte\/wp-json\/wp\/v2\/media?parent=22795"}],"wp:term":[{"taxonomy":"category","embeddable":true,"href":"https:\/\/blogs.correio24horas.com.br\/mesalte\/wp-json\/wp\/v2\/categories?post=22795"},{"taxonomy":"post_tag","embeddable":true,"href":"https:\/\/blogs.correio24horas.com.br\/mesalte\/wp-json\/wp\/v2\/tags?post=22795"}],"curies":[{"name":"wp","href":"https:\/\/api.w.org\/{rel}","templated":true}]}}