{"id":22793,"date":"2021-05-25T10:58:25","date_gmt":"2021-05-25T13:58:25","guid":{"rendered":"https:\/\/blogs.correio24horas.com.br\/mesalte\/?p=22793"},"modified":"2021-05-25T10:58:27","modified_gmt":"2021-05-25T13:58:27","slug":"claudia-leitte-pede-desculpas-apos-ser-evasiva-eu-precisava-ter-falado","status":"publish","type":"post","link":"https:\/\/blogs.correio24horas.com.br\/mesalte\/claudia-leitte-pede-desculpas-apos-ser-evasiva-eu-precisava-ter-falado\/","title":{"rendered":"Claudia Leitte pede desculpas ap\u00f3s ser evasiva: &#8216;Eu precisava ter falado&#8217;"},"content":{"rendered":"\n<p>Ap\u00f3s ser criticada na internet, a cantora Claudia Leitte se arrependeu de ter sido isenta em um coment\u00e1rio no programa Altas Horas, no \u00faltimo s\u00e1bado (21). Ela foi questionada pelo apresentador Serginho Groisman sobre o que a deixa indignada, mas foi evasiva na resposta. <\/p>\n\n\n\n<p>Claudinha declarou: \u201cA minha indigna\u00e7\u00e3o? Eu tenho um cora\u00e7\u00e3o pacificador. Eu me indigno, sou capaz de virar tudo pelo avesso, de chutar as barracas, mas acho que todo mundo tem um lugar onde pode brilhar uma luz para desfazer o que est\u00e1 acontecendo e se essa luz se acende, obviamente, n\u00e3o vai ter escurid\u00e3o\u201d. <\/p>\n\n\n\n<p><a href=\"https:\/\/www.instagram.com\/p\/CPTE1ANFKPC\/\">Em um v\u00eddeo postado nas suas redes sociai<\/a>s, ela disse que queria se redimir do posicionamento. &#8220;Mais que um desabafo, esse era um momento eu precisava ter muita consci\u00eancia do meu papel social e eu n\u00e3o tive. N\u00e3o sei porque, cargas d\u2019\u00e1gua, dei uma resposta evasiva naquele momento e, desde que sa\u00ed do programa, estou reflexiva&#8221;, come\u00e7ou a cantora.<\/p>\n\n\n\n<p>Ela refor\u00e7ou que deveria ter falado das suas indigna\u00e7\u00f5es e insatisfa\u00e7\u00f5es. &#8220;Eu acho que um artista tem um papel que precisa ficar muito claro. Eu subo num palco para cantar e eu sirvo o outro atrav\u00e9s da minha m\u00fasica, fa\u00e7o entretenimento, mas fa\u00e7o com uma miss\u00e3o, um prop\u00f3sito. E quando saio do palco, em qualquer situa\u00e7\u00e3o, continuo sendo cidad\u00e3, mas se tenho o microfone ligado, continuo representando aquelas pessoas, servindo aquelas pessoas. Eu precisava ter falado das minhas indigna\u00e7\u00f5es para levantar quest\u00f5es, discuss\u00f5es saud\u00e1veis, conversas a respeito daquilo, mudan\u00e7as de atitudes, comportamentos dentro da sociedade&#8221;, continuou.<\/p>\n\n\n\n<p>Claudia resolveu, ent\u00e3o, listar o que a deixa indignada atualmente, como a falta do uso de m\u00e1scaras e aglomera\u00e7\u00f5es. &#8220;Me indigna o fato das pessoas que n\u00e3o usam m\u00e1scaras, continuam promovendo e incitando aglomera\u00e7\u00f5es. Isso mata, est\u00e1 comprovado. O n\u00famero alarmante de mortos \u00e9 desesperador. O notici\u00e1rio sangra todos os dias. O n\u00famero de pessoas passando fome \u00e9 revoltante, triste, desesperador, sufoca. E eu n\u00e3o falei sobre isso. N\u00e3o falei sobre as mulheres que est\u00e3o sofrendo viol\u00eancia dom\u00e9stica e n\u00e3o t\u00eam abrigo, porque com seus filhos s\u00e3o abusadas dentro de casa. N\u00e3o falei que me indigno com o fato de que n\u00e3o tem vacina para todo mundo no meu pa\u00eds&#8221;, declarou.<\/p>\n","protected":false},"excerpt":{"rendered":"<p>Ap\u00f3s ser criticada na internet, a cantora Claudia Leitte se arrependeu de ter sido isenta em um coment\u00e1rio no programa Altas Horas, no \u00faltimo s\u00e1bado (21). [&hellip;]<\/p>\n","protected":false},"author":1,"featured_media":20655,"comment_status":"open","ping_status":"open","sticky":false,"template":"","format":"standard","meta":{"footnotes":""},"categories":[28,80],"tags":[],"class_list":["post-22793","post","type-post","status-publish","format-standard","has-post-thumbnail","hentry","category-farofa-digital","category-home"],"_links":{"self":[{"href":"https:\/\/blogs.correio24horas.com.br\/mesalte\/wp-json\/wp\/v2\/posts\/22793","targetHints":{"allow":["GET"]}}],"collection":[{"href":"https:\/\/blogs.correio24horas.com.br\/mesalte\/wp-json\/wp\/v2\/posts"}],"about":[{"href":"https:\/\/blogs.correio24horas.com.br\/mesalte\/wp-json\/wp\/v2\/types\/post"}],"author":[{"embeddable":true,"href":"https:\/\/blogs.correio24horas.com.br\/mesalte\/wp-json\/wp\/v2\/users\/1"}],"replies":[{"embeddable":true,"href":"https:\/\/blogs.correio24horas.com.br\/mesalte\/wp-json\/wp\/v2\/comments?post=22793"}],"version-history":[{"count":1,"href":"https:\/\/blogs.correio24horas.com.br\/mesalte\/wp-json\/wp\/v2\/posts\/22793\/revisions"}],"predecessor-version":[{"id":22794,"href":"https:\/\/blogs.correio24horas.com.br\/mesalte\/wp-json\/wp\/v2\/posts\/22793\/revisions\/22794"}],"wp:featuredmedia":[{"embeddable":true,"href":"https:\/\/blogs.correio24horas.com.br\/mesalte\/wp-json\/wp\/v2\/media\/20655"}],"wp:attachment":[{"href":"https:\/\/blogs.correio24horas.com.br\/mesalte\/wp-json\/wp\/v2\/media?parent=22793"}],"wp:term":[{"taxonomy":"category","embeddable":true,"href":"https:\/\/blogs.correio24horas.com.br\/mesalte\/wp-json\/wp\/v2\/categories?post=22793"},{"taxonomy":"post_tag","embeddable":true,"href":"https:\/\/blogs.correio24horas.com.br\/mesalte\/wp-json\/wp\/v2\/tags?post=22793"}],"curies":[{"name":"wp","href":"https:\/\/api.w.org\/{rel}","templated":true}]}}