{"id":22787,"date":"2021-05-24T15:28:34","date_gmt":"2021-05-24T18:28:34","guid":{"rendered":"https:\/\/blogs.correio24horas.com.br\/mesalte\/?p=22787"},"modified":"2021-05-24T15:28:36","modified_gmt":"2021-05-24T18:28:36","slug":"mostra-curta-vazantes-divulga-programacao-virtual-de-filmes","status":"publish","type":"post","link":"https:\/\/blogs.correio24horas.com.br\/mesalte\/mostra-curta-vazantes-divulga-programacao-virtual-de-filmes\/","title":{"rendered":"Mostra Curta Vazantes divulga programa\u00e7\u00e3o virtual de filmes"},"content":{"rendered":"\n<p>A Mostra Curta Vazantes: Cinema em Comunidade chega \u00e0 s\u00e9tima edi\u00e7\u00e3o entre os dias 14 e 30 de junho, com programa\u00e7\u00e3o de filmes e atividades de forma\u00e7\u00e3o abertas ao p\u00fablico. Devido \u00e0s restri\u00e7\u00f5es impostas pela pandemia de Covid-19, o evento ser\u00e1 realizado inteiramente de forma remota para todo o Brasil. As exibi\u00e7\u00f5es acontecer\u00e3o tanto no site oficial do evento (www.curtavazantes.com.br) quanto na Plataforma Cardume (https:\/\/cardume.tv.br\/), especializada em curtas-metragens nacionais. O evento tamb\u00e9m realizar\u00e1 oficinas de forma\u00e7\u00e3o em roteiro e em cr\u00edtica de cinema, al\u00e9m de palestra voltada aos profissionais da rede p\u00fablica de ensino.<\/p>\n\n\n\n<p>A mostra recebeu 631 curtas-metragens, dos quais 23 foram selecionados para a competi\u00e7\u00e3o, entre fic\u00e7\u00f5es, anima\u00e7\u00f5es e document\u00e1rios, realizados em 10 estados brasileiros, al\u00e9m de produ\u00e7\u00f5es da Espanha, M\u00e9xico e Fran\u00e7a. O j\u00fari oficial ser\u00e1 formado por profissionais especializados em cinema, que premiar\u00e1 as obras nas seguintes categorias: Melhor Filme, Dire\u00e7\u00e3o, Roteiro, Fotografia, Interpreta\u00e7\u00e3o e Montagem. Tamb\u00e9m ser\u00e1 concedido o pr\u00eamio de Melhor Filme de acordo com a vota\u00e7\u00e3o on-line do j\u00fari popular.<\/p>\n\n\n\n<p>Para Leo Tabosa, cineasta e produtor da Mostra, o intuito do evento sempre foi aproximar a comunidade de Vazantes e localidades vizinhas, que n\u00e3o possuem circuito exibidor de filmes, da produ\u00e7\u00e3o audiovisual contempor\u00e2nea. As exibi\u00e7\u00f5es aconteciam ao ar livre na pra\u00e7a do distrito e agregavam pessoas de todas as idades. \u201cA Mostra surgiu em 2013 como iniciativa de inclus\u00e3o e capacita\u00e7\u00e3o de moradores do interior cearense no setor cinematogr\u00e1fico. O desafio agora \u00e9 nos adaptar ao formato remoto para dar continuidade \u00e0s atividades que foram interrompidas em 2020 por conta da pandemia\u201d, diz o produtor.<\/p>\n\n\n\n<p>A VII Mostra Curta Vazantes: Cinema em Comunidade \u00e9 uma realiza\u00e7\u00e3o da Pontilhado Cinematogr\u00e1fico, da Universidade Cat\u00f3lica de Pernambuco, atrav\u00e9s da Pr\u00f3-Reitoria Comunit\u00e1ria, e do Instituto Humanitas da Unicap. O evento conta com parcerias da Funda\u00e7\u00e3o Ant\u00f4nio dos Santos Abranches (FASA), da Funda\u00e7\u00e3o F\u00e9 e Alegria Vazantes e do Armaz\u00e9m Coral Acha Aqui, al\u00e9m de diversos volunt\u00e1rios que participam na constru\u00e7\u00e3o e execu\u00e7\u00e3o desse projeto.<\/p>\n\n\n\n<p>SELE\u00c7\u00c3O DE FILMES \u2013 VII EDI\u00c7\u00c3O<\/p>\n\n\n\n<p>4 BILH\u00d5ES DE INFINITOS (Fic\u00e7\u00e3o | 14\u2019 | 2020 | MG) \u2013 dir. Marco Ant\u00f4nio Pereira<\/p>\n\n\n\n<p>A BARCA (Fic\u00e7\u00e3o | 19\u2019 | 2020 | AL) \u2013 dir. Nilton Resende<\/p>\n\n\n\n<p>ANTES DE LA ERUPCI\u00d3N (Fic\u00e7\u00e3o | 10\u2019| Cor | 2021 | Espanha) \u2013 dir. Roberto Toledo<\/p>\n\n\n\n<p>BAILE (Fic\u00e7\u00e3o | 18\u2019| Cor | 2019 | SC) \u2013 dir. C\u00edntia Domit Bittar<\/p>\n\n\n\n<p>CADEIA ALIMENTAR (Fic\u00e7\u00e3o | 15\u2019 | Cor | 2019 | RJ) \u2013 dir. Raphael Medeiros<\/p>\n\n\n\n<p>DE VEZ EM QUANDO EU ARDO (Fic\u00e7\u00e3o | 15\u2019| Cor | 2020 | SP) \u2013 dir. Carlos Segundo<\/p>\n\n\n\n<p>\u00c9COCIDE (Document\u00e1rio | 11\u2019 | Cor | 2020 | Brasil\/Fran\u00e7a) \u2013 dir. Liliane Mutti<\/p>\n\n\n\n<p>ELA QUE MORA NO ANDAR DE CIMA (Fic\u00e7\u00e3o | 14\u2019| Cor | 2020 | PR) \u2013 dir. Amarildo Martins<\/p>\n\n\n\n<p>INABIT\u00c1VEL (Fic\u00e7\u00e3o | 20\u2019 | 2020 | PE) \u2013 dir. Matheus Farias e Enock Carvalho<\/p>\n\n\n\n<p>LA \u00daLTIMA Y NOS VAMOS (Anima\u00e7\u00e3o | 16\u2019| Cor | 2021 | M\u00e9xico) \u2013 dir. Susy L\u00f3pez P.<\/p>\n\n\n\n<p>MANAUS HOT CITY (Fic\u00e7\u00e3o | 13\u2019 | 2020 | AM) \u2013 dir. Rafael Ramos<\/p>\n\n\n\n<p>MARCIANOS (Fic\u00e7\u00e3o | 15\u2019 | 2021 | Espanha) \u2013 dir. David Del Aguila<\/p>\n\n\n\n<p>NEGUINHO (Fic\u00e7\u00e3o | 20\u2019 | 2020 | RJ) \u2013 dir. Mar\u00e7al Vianna<\/p>\n\n\n\n<p>O BARCO E O RIO (Fic\u00e7\u00e3o | 17\u2019 | 2020 | AM) \u2013 dir. Bernardo Ale Abinader<\/p>\n\n\n\n<p>O QUINTAL DE JO\u00c3O (Document\u00e1rio | 8\u2019 | 2020 | CE) \u2013 dir. Jo\u00e3o Marcos Maia<\/p>\n\n\n\n<p>PICCOLINO \u2013 UNA AVENTURA EN LA CIUDAD (Anima\u00e7\u00e3o Fic\u00e7\u00e3o | 12\u2019 | 2020 | Espanha) \u2013 dir. Giovanni Maccelli<\/p>\n\n\n\n<p>POLTER (Fic\u00e7\u00e3o | 11\u2019| Cor | 2020 | Espanha) &#8211; dir: \u00c1lvaro Vicario<\/p>\n\n\n\n<p>REEXISTO (Fic\u00e7\u00e3o | 19\u2019 | 2020 | SP) \u2013 dir. Lethicia Galo e Rodrigo Campos<\/p>\n\n\n\n<p>ROBERTO (Anima\u00e7\u00e3o | 9\u2019 | 2020 | Espanha) \u2013 dir. Carmen C\u00f3rdoba Gonz\u00e1lez<\/p>\n\n\n\n<p>S13p15a (Anima\u00e7\u00e3o | 1\u2019| PB | 2021 | Espanha) \u2013 dir. Jes\u00fas Loniego<\/p>\n\n\n\n<p>SOBRE NOSSAS CABE\u00c7AS (Fic\u00e7\u00e3o | 15\u2019 | 2020 | BA) \u2013 dir. Susan Kalik e Thiago Gomes<\/p>\n\n\n\n<p>TERCEIRO DIA (Fic\u00e7\u00e3o | 11\u2019 | 2020 | CE) \u2013 dir. J\u00e9ssica Queiroz<\/p>\n\n\n\n<p>TRAZO CR\u00cdTICO \u2013 CONTAMINACI\u00d3N (Anima\u00e7\u00e3o | 4\u2019| Cor | 2020 | Espanha) \u2013 dir. Vicente Mallols<\/p>\n\n\n\n<p>Servi\u00e7o<\/p>\n\n\n\n<p>VII Mostra Curta Vazantes: Cinema em Comunidade<\/p>\n\n\n\n<p>De 14 a 30 de junho de 2021.<\/p>\n\n\n\n<p>Programa\u00e7\u00e3o e atividades gratuitas.<\/p>\n\n\n\n<p>Onde assistir: Plataforma Cardume (https:\/\/cardume.tv.br\/) e Site Curta Vazantes (www.curtavazantes.com.br)<\/p>\n","protected":false},"excerpt":{"rendered":"<p>A Mostra Curta Vazantes: Cinema em Comunidade chega \u00e0 s\u00e9tima edi\u00e7\u00e3o entre os dias 14 e 30 de junho, com programa\u00e7\u00e3o de filmes e atividades de [&hellip;]<\/p>\n","protected":false},"author":1,"featured_media":22788,"comment_status":"open","ping_status":"open","sticky":false,"template":"","format":"standard","meta":{"footnotes":""},"categories":[80,16],"tags":[],"class_list":["post-22787","post","type-post","status-publish","format-standard","has-post-thumbnail","hentry","category-home","category-me-jogo"],"_links":{"self":[{"href":"https:\/\/blogs.correio24horas.com.br\/mesalte\/wp-json\/wp\/v2\/posts\/22787","targetHints":{"allow":["GET"]}}],"collection":[{"href":"https:\/\/blogs.correio24horas.com.br\/mesalte\/wp-json\/wp\/v2\/posts"}],"about":[{"href":"https:\/\/blogs.correio24horas.com.br\/mesalte\/wp-json\/wp\/v2\/types\/post"}],"author":[{"embeddable":true,"href":"https:\/\/blogs.correio24horas.com.br\/mesalte\/wp-json\/wp\/v2\/users\/1"}],"replies":[{"embeddable":true,"href":"https:\/\/blogs.correio24horas.com.br\/mesalte\/wp-json\/wp\/v2\/comments?post=22787"}],"version-history":[{"count":1,"href":"https:\/\/blogs.correio24horas.com.br\/mesalte\/wp-json\/wp\/v2\/posts\/22787\/revisions"}],"predecessor-version":[{"id":22789,"href":"https:\/\/blogs.correio24horas.com.br\/mesalte\/wp-json\/wp\/v2\/posts\/22787\/revisions\/22789"}],"wp:featuredmedia":[{"embeddable":true,"href":"https:\/\/blogs.correio24horas.com.br\/mesalte\/wp-json\/wp\/v2\/media\/22788"}],"wp:attachment":[{"href":"https:\/\/blogs.correio24horas.com.br\/mesalte\/wp-json\/wp\/v2\/media?parent=22787"}],"wp:term":[{"taxonomy":"category","embeddable":true,"href":"https:\/\/blogs.correio24horas.com.br\/mesalte\/wp-json\/wp\/v2\/categories?post=22787"},{"taxonomy":"post_tag","embeddable":true,"href":"https:\/\/blogs.correio24horas.com.br\/mesalte\/wp-json\/wp\/v2\/tags?post=22787"}],"curies":[{"name":"wp","href":"https:\/\/api.w.org\/{rel}","templated":true}]}}