{"id":22780,"date":"2021-05-20T11:11:51","date_gmt":"2021-05-20T14:11:51","guid":{"rendered":"https:\/\/blogs.correio24horas.com.br\/mesalte\/?p=22780"},"modified":"2021-05-20T11:11:54","modified_gmt":"2021-05-20T14:11:54","slug":"arquidiocese-de-salvador-realiza-missa-pelas-almas-de-homens-e-mulheres-vitimas-da-transfobia","status":"publish","type":"post","link":"https:\/\/blogs.correio24horas.com.br\/mesalte\/arquidiocese-de-salvador-realiza-missa-pelas-almas-de-homens-e-mulheres-vitimas-da-transfobia\/","title":{"rendered":"Arquidiocese de Salvador realiza missa pelas almas de homens e mulheres v\u00edtimas da transfobia"},"content":{"rendered":"\n<p><br>Diante dos in\u00fameros casos de assassinatos de pessoas transexuais, o Arcebispo de Salvador e Primaz do Brasil, Cardeal Dom Sergio da Rocha, acolheu o pedido do Centro de Promo\u00e7\u00e3o de Direitos Humanos da Bahia (CPDD) e da Institui\u00e7\u00e3o Beneficente Concei\u00e7\u00e3o Macedo (IBCM) e ir\u00e1 celebrar missa em mem\u00f3ria aos homens e mulheres v\u00edtimas de transfobia. A Celebra\u00e7\u00e3o Eucar\u00edstica acontecer\u00e1 na pr\u00f3xima sexta-feira, dia 21 de maio, \u00e0s 17h, na Capela Sagrada Fam\u00edlia (Avenida Leovigildo Filgueiras, 270, Garcia).<\/p>\n\n\n\n<p>Em virtude da pandemia ocasionada pelo novo coronav\u00edrus, a missa contar\u00e1 com o n\u00famero limitado de pessoas, e ser\u00e1 transmitida, ao vivo, pelo canal oficial da Arquidiocese de Salvador: youtube.com\/ArquidiocesedeSalvador e pelo perfil oficial do CPDD no Instagram @cpddbahia<\/p>\n","protected":false},"excerpt":{"rendered":"<p>Diante dos in\u00fameros casos de assassinatos de pessoas transexuais, o Arcebispo de Salvador e Primaz do Brasil, Cardeal Dom Sergio da Rocha, acolheu o pedido do [&hellip;]<\/p>\n","protected":false},"author":1,"featured_media":22781,"comment_status":"open","ping_status":"open","sticky":false,"template":"","format":"standard","meta":{"footnotes":""},"categories":[80,9],"tags":[],"class_list":["post-22780","post","type-post","status-publish","format-standard","has-post-thumbnail","hentry","category-home","category-me-orgulho"],"_links":{"self":[{"href":"https:\/\/blogs.correio24horas.com.br\/mesalte\/wp-json\/wp\/v2\/posts\/22780","targetHints":{"allow":["GET"]}}],"collection":[{"href":"https:\/\/blogs.correio24horas.com.br\/mesalte\/wp-json\/wp\/v2\/posts"}],"about":[{"href":"https:\/\/blogs.correio24horas.com.br\/mesalte\/wp-json\/wp\/v2\/types\/post"}],"author":[{"embeddable":true,"href":"https:\/\/blogs.correio24horas.com.br\/mesalte\/wp-json\/wp\/v2\/users\/1"}],"replies":[{"embeddable":true,"href":"https:\/\/blogs.correio24horas.com.br\/mesalte\/wp-json\/wp\/v2\/comments?post=22780"}],"version-history":[{"count":1,"href":"https:\/\/blogs.correio24horas.com.br\/mesalte\/wp-json\/wp\/v2\/posts\/22780\/revisions"}],"predecessor-version":[{"id":22782,"href":"https:\/\/blogs.correio24horas.com.br\/mesalte\/wp-json\/wp\/v2\/posts\/22780\/revisions\/22782"}],"wp:featuredmedia":[{"embeddable":true,"href":"https:\/\/blogs.correio24horas.com.br\/mesalte\/wp-json\/wp\/v2\/media\/22781"}],"wp:attachment":[{"href":"https:\/\/blogs.correio24horas.com.br\/mesalte\/wp-json\/wp\/v2\/media?parent=22780"}],"wp:term":[{"taxonomy":"category","embeddable":true,"href":"https:\/\/blogs.correio24horas.com.br\/mesalte\/wp-json\/wp\/v2\/categories?post=22780"},{"taxonomy":"post_tag","embeddable":true,"href":"https:\/\/blogs.correio24horas.com.br\/mesalte\/wp-json\/wp\/v2\/tags?post=22780"}],"curies":[{"name":"wp","href":"https:\/\/api.w.org\/{rel}","templated":true}]}}