{"id":22769,"date":"2021-05-17T21:15:09","date_gmt":"2021-05-18T00:15:09","guid":{"rendered":"https:\/\/blogs.correio24horas.com.br\/mesalte\/?p=22769"},"modified":"2021-05-17T21:34:25","modified_gmt":"2021-05-18T00:34:25","slug":"audiencia-publica-virtual-marca-o-dia-internacional-de-combate-a-lgbtfobia","status":"publish","type":"post","link":"https:\/\/blogs.correio24horas.com.br\/mesalte\/audiencia-publica-virtual-marca-o-dia-internacional-de-combate-a-lgbtfobia\/","title":{"rendered":"Audi\u00eancia p\u00fablica virtual marca o Dia Internacional de Combate \u00e0 LGBTfobia"},"content":{"rendered":"\n<p>&#8220;Comida na mesa, vacina para todes, atentas e vivas!\u201d. Este \u00e9 o tema da audi\u00eancia p\u00fablica em formato de ocupa\u00e7\u00e3o que a Assembleia Legislativa da Bahia (ALBA) realiza nesta ter\u00e7a-feira (18), \u00e0s 9h30, para marcar o Dia Internacional de Combate \u00e0 LGBTfobia. A proposta, sugerida pelo deputado estadual Jac\u00f3 (PT) e constru\u00edda coletivamente com o F\u00f3rum Permanente de Promo\u00e7\u00e3o e Defesa dos Direitos LGBT da Alba, \u00e9 debater com o poder p\u00fablico e sociedade civil organizada as problem\u00e1ticas relativas \u00e0s quest\u00f5es envolvendo direitos humanos e a popula\u00e7\u00e3o LGBTQIA+ baiana.<\/p>\n\n\n\n<p>Quais os principais desafios enfrentados pela popula\u00e7\u00e3o LGBTQI+ atualmente e neste contexto de excepcionalidade, por conta da pandemia provocada pelo novo coronav\u00edrus? Quais as respostas que o legislativo estadual deve tomar diante de nossos desafios? <\/p>\n\n\n\n<p>As duas perguntas v\u00e3o orientar as exposi\u00e7\u00f5es dos palestrantes. Presidente da Comiss\u00e3o de Direitos Humanos e Seguran\u00e7a P\u00fablica da Alba, o deputado estadual Jac\u00f3 dividir\u00e1 a mesa com o secret\u00e1rio estadual de Justi\u00e7a e Direitos Humanos (SJDHS), Carlos Martins; a superintendente de Preven\u00e7\u00e3o \u00e0 Viol\u00eancia da Secretaria da Seguran\u00e7a P\u00fablica da Bahia (SSP-BA), Major Denice Santiago; a presidenta da Associa\u00e7\u00e3o Nacional de Travestis e Transexuais (ANTRA), Keila Simpson; representantes do F\u00f3rum Baiano LGBT, M\u00eddia Ninja, Defensoria P\u00fablica do Estado, entre outros.<\/p>\n\n\n\n<p>&#8220;A pandemia nos coloca numa situa\u00e7\u00e3o de extrema vulnerabilidade, e some-se a isto a  situa\u00e7\u00e3o que muitas lgbts j\u00e1 vivem, especialmente a popula\u00e7\u00e3o trans. Ter comida na mesa \u00e9 garantir a seguran\u00e7a alimentar de algumas pessoas, caso contr\u00e1rio elas adoecem e v\u00e3o a \u00f3bito, depois a gente corre atr\u00e1s da vacina. E vacina sem distin\u00e7\u00e3o. S\u00e3o dois temas cruciais que entram nesse debate do 17 de maio&#8221;, diz Keila Simpson. <\/p>\n\n\n\n<p>A audi\u00eancia p\u00fablica, <a href=\"https:\/\/us06web.zoom.us\/j\/83026936590?pwd=ZmxtTmZyYnZiVmJzaE1JT3kxQ0NKUT09\">que ocorrer\u00e1 pela plataforma Zoom com transmiss\u00e3o pela TV ALBA<\/a> (ID da reuni\u00e3o: 830 2693 6590 \/ Senha de acesso: 894604), tamb\u00e9m contar\u00e1 com performances art\u00edsticas e culturais e a presen\u00e7a especial de Rauan Santos, <a href=\"https:\/\/blogs.correio24horas.com.br\/mesalte\/cabelereiro-e-atacado-com-facadas-e-pedradas-em-casa-em-salvador\/\">jovem gay da Cidade Baixa que sobreviveu a um ataque LGBTf\u00f3bico ano passado<\/a> e vai trazer a den\u00fancia do seu caso, bem como contribuir para sugerir dispositivos que rompam com este ciclo de viol\u00eancia. <\/p>\n\n\n\n<figure class=\"wp-block-image\"><img loading=\"lazy\" decoding=\"async\" width=\"790\" height=\"1024\" src=\"https:\/\/blogs.correio24h.com.br\/mesalte\/wp-content\/uploads\/2021\/05\/rauan-790x1024.jpeg\" alt=\"\" class=\"wp-image-22775\" srcset=\"https:\/\/blogs.correio24h.com.br\/mesalte\/wp-content\/uploads\/2021\/05\/rauan-790x1024.jpeg 790w, https:\/\/blogs.correio24h.com.br\/mesalte\/wp-content\/uploads\/2021\/05\/rauan-231x300.jpeg 231w, https:\/\/blogs.correio24h.com.br\/mesalte\/wp-content\/uploads\/2021\/05\/rauan-768x996.jpeg 768w, https:\/\/blogs.correio24h.com.br\/mesalte\/wp-content\/uploads\/2021\/05\/rauan-113x146.jpeg 113w, https:\/\/blogs.correio24h.com.br\/mesalte\/wp-content\/uploads\/2021\/05\/rauan-39x50.jpeg 39w, https:\/\/blogs.correio24h.com.br\/mesalte\/wp-content\/uploads\/2021\/05\/rauan-58x75.jpeg 58w, https:\/\/blogs.correio24h.com.br\/mesalte\/wp-content\/uploads\/2021\/05\/rauan.jpeg 984w\" sizes=\"auto, (max-width: 790px) 100vw, 790px\" \/><figcaption><strong>Cabeleireiro Rauan Pereira dos Santos foi esfaqueado e apedrejado<\/strong><\/figcaption><\/figure>\n","protected":false},"excerpt":{"rendered":"<p>&#8220;Comida na mesa, vacina para todes, atentas e vivas!\u201d. Este \u00e9 o tema da audi\u00eancia p\u00fablica em formato de ocupa\u00e7\u00e3o que a Assembleia Legislativa da Bahia [&hellip;]<\/p>\n","protected":false},"author":2,"featured_media":22770,"comment_status":"open","ping_status":"open","sticky":false,"template":"","format":"image","meta":{"footnotes":""},"categories":[80],"tags":[845],"class_list":["post-22769","post","type-post","status-publish","format-image","has-post-thumbnail","hentry","category-home","tag-lgbtfobia","post_format-post-format-image"],"_links":{"self":[{"href":"https:\/\/blogs.correio24horas.com.br\/mesalte\/wp-json\/wp\/v2\/posts\/22769","targetHints":{"allow":["GET"]}}],"collection":[{"href":"https:\/\/blogs.correio24horas.com.br\/mesalte\/wp-json\/wp\/v2\/posts"}],"about":[{"href":"https:\/\/blogs.correio24horas.com.br\/mesalte\/wp-json\/wp\/v2\/types\/post"}],"author":[{"embeddable":true,"href":"https:\/\/blogs.correio24horas.com.br\/mesalte\/wp-json\/wp\/v2\/users\/2"}],"replies":[{"embeddable":true,"href":"https:\/\/blogs.correio24horas.com.br\/mesalte\/wp-json\/wp\/v2\/comments?post=22769"}],"version-history":[{"count":5,"href":"https:\/\/blogs.correio24horas.com.br\/mesalte\/wp-json\/wp\/v2\/posts\/22769\/revisions"}],"predecessor-version":[{"id":22776,"href":"https:\/\/blogs.correio24horas.com.br\/mesalte\/wp-json\/wp\/v2\/posts\/22769\/revisions\/22776"}],"wp:featuredmedia":[{"embeddable":true,"href":"https:\/\/blogs.correio24horas.com.br\/mesalte\/wp-json\/wp\/v2\/media\/22770"}],"wp:attachment":[{"href":"https:\/\/blogs.correio24horas.com.br\/mesalte\/wp-json\/wp\/v2\/media?parent=22769"}],"wp:term":[{"taxonomy":"category","embeddable":true,"href":"https:\/\/blogs.correio24horas.com.br\/mesalte\/wp-json\/wp\/v2\/categories?post=22769"},{"taxonomy":"post_tag","embeddable":true,"href":"https:\/\/blogs.correio24horas.com.br\/mesalte\/wp-json\/wp\/v2\/tags?post=22769"}],"curies":[{"name":"wp","href":"https:\/\/api.w.org\/{rel}","templated":true}]}}