{"id":22766,"date":"2021-05-17T10:47:21","date_gmt":"2021-05-17T13:47:21","guid":{"rendered":"https:\/\/blogs.correio24horas.com.br\/mesalte\/?p=22766"},"modified":"2021-05-17T10:47:23","modified_gmt":"2021-05-17T13:47:23","slug":"paulett-furacao-comanda-live-pelo-dia-nacional-de-combate-a-lgbtqiafobia","status":"publish","type":"post","link":"https:\/\/blogs.correio24horas.com.br\/mesalte\/paulett-furacao-comanda-live-pelo-dia-nacional-de-combate-a-lgbtqiafobia\/","title":{"rendered":"Paulett Furac\u00e3o comanda live pelo dia nacional de combate \u00e0 LGBTQIAFobia"},"content":{"rendered":"\n<p>A ativista Paulett Furac\u00e3o comanda neste dia 17 de maio, a partir das 19h, uma live especial em alus\u00e3o ao dia Nacional de Combate \u00e0 LGBTQIAFOBIA. Al\u00e9m dela, participam do programa ao vivo outros ativistas do movimento na Bahia: Padre Alfredo Dorea, L\u00e9o Veneza, Tuka P\u00e9rez, Ranella M\u00e1rcia, Jo\u00e3o Hugo, Genilson Coutinho, Ol\u00edvia Santana e Jorge Gauthier, do Me Salte. A transmiss\u00e3o ser\u00e1 pelo instagram @paulettfuracao .<\/p>\n","protected":false},"excerpt":{"rendered":"<p>A ativista Paulett Furac\u00e3o comanda neste dia 17 de maio, a partir das 19h, uma live especial em alus\u00e3o ao dia Nacional de Combate \u00e0 LGBTQIAFOBIA. [&hellip;]<\/p>\n","protected":false},"author":1,"featured_media":22767,"comment_status":"open","ping_status":"open","sticky":false,"template":"","format":"standard","meta":{"footnotes":""},"categories":[80,9],"tags":[],"class_list":["post-22766","post","type-post","status-publish","format-standard","has-post-thumbnail","hentry","category-home","category-me-orgulho"],"_links":{"self":[{"href":"https:\/\/blogs.correio24horas.com.br\/mesalte\/wp-json\/wp\/v2\/posts\/22766","targetHints":{"allow":["GET"]}}],"collection":[{"href":"https:\/\/blogs.correio24horas.com.br\/mesalte\/wp-json\/wp\/v2\/posts"}],"about":[{"href":"https:\/\/blogs.correio24horas.com.br\/mesalte\/wp-json\/wp\/v2\/types\/post"}],"author":[{"embeddable":true,"href":"https:\/\/blogs.correio24horas.com.br\/mesalte\/wp-json\/wp\/v2\/users\/1"}],"replies":[{"embeddable":true,"href":"https:\/\/blogs.correio24horas.com.br\/mesalte\/wp-json\/wp\/v2\/comments?post=22766"}],"version-history":[{"count":1,"href":"https:\/\/blogs.correio24horas.com.br\/mesalte\/wp-json\/wp\/v2\/posts\/22766\/revisions"}],"predecessor-version":[{"id":22768,"href":"https:\/\/blogs.correio24horas.com.br\/mesalte\/wp-json\/wp\/v2\/posts\/22766\/revisions\/22768"}],"wp:featuredmedia":[{"embeddable":true,"href":"https:\/\/blogs.correio24horas.com.br\/mesalte\/wp-json\/wp\/v2\/media\/22767"}],"wp:attachment":[{"href":"https:\/\/blogs.correio24horas.com.br\/mesalte\/wp-json\/wp\/v2\/media?parent=22766"}],"wp:term":[{"taxonomy":"category","embeddable":true,"href":"https:\/\/blogs.correio24horas.com.br\/mesalte\/wp-json\/wp\/v2\/categories?post=22766"},{"taxonomy":"post_tag","embeddable":true,"href":"https:\/\/blogs.correio24horas.com.br\/mesalte\/wp-json\/wp\/v2\/tags?post=22766"}],"curies":[{"name":"wp","href":"https:\/\/api.w.org\/{rel}","templated":true}]}}