{"id":22689,"date":"2021-04-23T12:32:05","date_gmt":"2021-04-23T15:32:05","guid":{"rendered":"https:\/\/blogs.correio24horas.com.br\/mesalte\/?p=22689"},"modified":"2021-04-23T12:32:07","modified_gmt":"2021-04-23T15:32:07","slug":"salvador-tera-treinamento-de-vigilancia-em-saude-lgbt-veja-como-participar","status":"publish","type":"post","link":"https:\/\/blogs.correio24horas.com.br\/mesalte\/salvador-tera-treinamento-de-vigilancia-em-saude-lgbt-veja-como-participar\/","title":{"rendered":"Salvador ter\u00e1 treinamento de vigil\u00e2ncia em sa\u00fade LGBT; veja como participar"},"content":{"rendered":"\n<p>Quantas pessoas&nbsp;LGBT&nbsp;v\u00edtimas de viol\u00eancia deram entrada nas unidades de sa\u00fade do munic\u00edpio nos \u00faltimos meses? Qual \u00e9 o percentual de pessoas desse grupo que apresentam hist\u00f3rico de diabetes ou de HIV? Para responder perguntas como essa \u00e9 muito importante que os campos identidade de g\u00eanero e orienta\u00e7\u00e3o sexual sejam preenchidos na ficha dos pacientes que d\u00e3o entrada nas unidades de sa\u00fade da Prefeitura.<\/p>\n\n\n\n<p>Com o objetivo de sensibilizar os profissionais de sa\u00fade para a import\u00e2ncia do preenchimento correto da ficha de cadastro, a Diretoria de Vigil\u00e2ncia \u00e0 Sa\u00fade, em parceria com o Campo Tem\u00e1tico Sa\u00fade da Popula\u00e7\u00e3o&nbsp;LGBT, ambos vinculados \u00e0 Secretaria Municipal da Sa\u00fade (SMS), est\u00e1 com inscri\u00e7\u00f5es abertas para o treinamento Vigil\u00e2ncia em Sa\u00fade&nbsp;LGBT: Instrumentos e Estrat\u00e9gias para Qualificar a Informa\u00e7\u00e3o em Sa\u00fade de Grupos Vulnerabilizados.&nbsp;<\/p>\n\n\n\n<p>O treinamento \u00e9 voltado para os profissionais da sa\u00fade e ser\u00e1 realizado no pr\u00f3ximo dia 29, das 9h \u00e0s 12h. As inscri\u00e7\u00f5es podem ser feitas at\u00e9 quinta-feira (22), por meio do link forms.gle\/ 3LwKvUDSeqhqTNZu6. Quem tiver d\u00favidas pode ligar para o telefone (71) 3202-1723 ou (71) 3202-1065.<\/p>\n\n\n\n<p>O treinamento ocorre em meio \u00e0 celebra\u00e7\u00e3o dos dez anos de exist\u00eancia da Pol\u00edtica Nacional de Sa\u00fade Integral da Popula\u00e7\u00e3o&nbsp;LGBT. O facilitador da capacita\u00e7\u00e3o e coordenador do Campo Tem\u00e1tico Sa\u00fade&nbsp;LGBT, Erik Abade, destaca que uma das lacunas hoje \u00e9 exatamente a falta de informa\u00e7\u00f5es sobre a sa\u00fade desse grupo, que permita pensar em a\u00e7\u00f5es mais priorit\u00e1rias e estrat\u00e9gicas.<\/p>\n\n\n\n<p>\u201cNem todos os dados hoje do SUS est\u00e3o reportados por identidade de g\u00eanero e por orienta\u00e7\u00e3o sexual. N\u00f3s precisamos desses dados, de informa\u00e7\u00f5es qualificadas para entender o cen\u00e1rio atual. Portanto, o treinamento tem esse objetivo de sensibilizar os profissionais sobre a import\u00e2ncia desses dados\u201d, afirma.<\/p>\n\n\n\n<p><strong>A\u00e7\u00f5es<\/strong>&nbsp;\u2013 Pensando no atendimento qualificado livre de preconceitos e de discrimina\u00e7\u00f5es, a SMS, por meio do Campo Tem\u00e1tico&nbsp;LGBT, vem desenvolvendo uma s\u00e9rie de iniciativas. Dentre elas est\u00e1 a produ\u00e7\u00e3o de panfletos e cartazes com orienta\u00e7\u00f5es importantes sobre os cuidados com a sa\u00fade, sobre os direitos da popula\u00e7\u00e3o&nbsp;LGBT&nbsp;e combate \u00e0&nbsp;LGBTfobia.<\/p>\n\n\n\n<p>A rede de sa\u00fade do Munic\u00edpio tamb\u00e9m possui o projeto Unidade B\u00e1sica Amiga da Sa\u00fade&nbsp;LGBT, que busca qualificar os profissionais da \u00e1rea para o atendimento sem preconceito, respeito ao nome social e aten\u00e7\u00e3o \u00e0s quest\u00f5es espec\u00edficas do segmento. Al\u00e9m disso, eventos diversos para a qualifica\u00e7\u00e3o do atendimento prestado nas unidades de sa\u00fade do munic\u00edpio v\u00eam sendo realizados, como treinamentos, palestra e roda de conversa.<\/p>\n","protected":false},"excerpt":{"rendered":"<p>Quantas pessoas&nbsp;LGBT&nbsp;v\u00edtimas de viol\u00eancia deram entrada nas unidades de sa\u00fade do munic\u00edpio nos \u00faltimos meses? Qual \u00e9 o percentual de pessoas desse grupo que apresentam hist\u00f3rico [&hellip;]<\/p>\n","protected":false},"author":1,"featured_media":5395,"comment_status":"open","ping_status":"open","sticky":false,"template":"","format":"standard","meta":{"footnotes":""},"categories":[80,24],"tags":[],"class_list":["post-22689","post","type-post","status-publish","format-standard","has-post-thumbnail","hentry","category-home","category-me-cuido"],"_links":{"self":[{"href":"https:\/\/blogs.correio24horas.com.br\/mesalte\/wp-json\/wp\/v2\/posts\/22689","targetHints":{"allow":["GET"]}}],"collection":[{"href":"https:\/\/blogs.correio24horas.com.br\/mesalte\/wp-json\/wp\/v2\/posts"}],"about":[{"href":"https:\/\/blogs.correio24horas.com.br\/mesalte\/wp-json\/wp\/v2\/types\/post"}],"author":[{"embeddable":true,"href":"https:\/\/blogs.correio24horas.com.br\/mesalte\/wp-json\/wp\/v2\/users\/1"}],"replies":[{"embeddable":true,"href":"https:\/\/blogs.correio24horas.com.br\/mesalte\/wp-json\/wp\/v2\/comments?post=22689"}],"version-history":[{"count":1,"href":"https:\/\/blogs.correio24horas.com.br\/mesalte\/wp-json\/wp\/v2\/posts\/22689\/revisions"}],"predecessor-version":[{"id":22690,"href":"https:\/\/blogs.correio24horas.com.br\/mesalte\/wp-json\/wp\/v2\/posts\/22689\/revisions\/22690"}],"wp:featuredmedia":[{"embeddable":true,"href":"https:\/\/blogs.correio24horas.com.br\/mesalte\/wp-json\/wp\/v2\/media\/5395"}],"wp:attachment":[{"href":"https:\/\/blogs.correio24horas.com.br\/mesalte\/wp-json\/wp\/v2\/media?parent=22689"}],"wp:term":[{"taxonomy":"category","embeddable":true,"href":"https:\/\/blogs.correio24horas.com.br\/mesalte\/wp-json\/wp\/v2\/categories?post=22689"},{"taxonomy":"post_tag","embeddable":true,"href":"https:\/\/blogs.correio24horas.com.br\/mesalte\/wp-json\/wp\/v2\/tags?post=22689"}],"curies":[{"name":"wp","href":"https:\/\/api.w.org\/{rel}","templated":true}]}}