{"id":22683,"date":"2021-04-22T15:54:44","date_gmt":"2021-04-22T18:54:44","guid":{"rendered":"https:\/\/blogs.correio24horas.com.br\/mesalte\/?p=22683"},"modified":"2021-04-22T15:54:46","modified_gmt":"2021-04-22T18:54:46","slug":"projeto-bufalos-e-borboletas-leva-teatro-ao-youtube","status":"publish","type":"post","link":"https:\/\/blogs.correio24horas.com.br\/mesalte\/projeto-bufalos-e-borboletas-leva-teatro-ao-youtube\/","title":{"rendered":"Projeto B\u00fafalos e Borboletas leva teatro ao Youtube"},"content":{"rendered":"\n<p>A Reforma Cia de Dan\u00e7a comemora 10 anos de atividade em abril, trazendo ao p\u00fablico o projeto B\u00fafalos e Borboletas, composto por duas obras c\u00eanicas, cujos elementos centrais s\u00e3o a for\u00e7a do feminino, as cat\u00e1strofes ambientais e os arqu\u00e9tipos de Iansa\u0303. Voc\u00ea pode ver pelo Youtube: https:\/\/www.youtube.com\/channel\/UCwbLG4PDq0d4dtBE2O1w7QQ.<\/p>\n\n\n\n<p>Na estreia de B\u00fafalos e Borboletas, foi transmitido o espet\u00e1culo Feiti\u00e7os para Mover o Tempo, o qual teve toda a trilha sonora criada exclusivamente para a montagem e resultou em um \u00e1lbum in\u00e9dito a ser lan\u00e7ado na plataforma de m\u00fasicas Spotify, ao fim da temporada de apresenta\u00e7\u00f5es.<\/p>\n\n\n\n<p>Feiti\u00e7os para Mover o Tempo tem dire\u00e7\u00e3o musical assinada pelo m\u00fasico e compositor Paulo Pitta e conta com a voz de Ana Brand\u00e3o, cantora e bailarina na Reforma Cia de Dan\u00e7a. \u201cA trilha sonora foi produzida simultaneamente \u00e0 coreografia, diferente do que acontece normalmente. Ela \u00e9 um grande ritual sonoro que leva o espectador \u00e0 momentos extremamente contrastantes, tais como sons percussivos intensos intercalados com vocais sussurrados. Por isso, essa nos envolve e gera sensa\u00e7\u00f5es de expectativa e surpresa.\u201d, declara o m\u00fasico.<\/p>\n\n\n\n<p>B\u00fafalos e Borboletas conta com dire\u00e7\u00e3o e coreografia de Guego Anunciac\u0327a\u0303o, assist\u00eancia de Flavia Rodrigues, dire\u00e7\u00e3o musical de Paulo Pitta, cenografia de Andressa Mascarenhas, figurino de Aline Carvalho e produ\u00e7\u00e3o de Priscila Barreto. S\u00e3o cerca de 30 profissionais da cultura envolvidos. O projeto tem apoio financeiro do Governo do Estado da Bahia atrav\u00e9s da Secretaria de Cultura e da Funda\u00e7\u00e3o Cultural do Estado da Bahia, via Lei Aldir Blanc, direcionada pela Secretaria Especial da Cultura do Minist\u00e9rio do Turismo\/ Governo Federal.<\/p>\n","protected":false},"excerpt":{"rendered":"<p>A Reforma Cia de Dan\u00e7a comemora 10 anos de atividade em abril, trazendo ao p\u00fablico o projeto B\u00fafalos e Borboletas, composto por duas obras c\u00eanicas, cujos [&hellip;]<\/p>\n","protected":false},"author":1,"featured_media":22684,"comment_status":"open","ping_status":"open","sticky":false,"template":"","format":"standard","meta":{"footnotes":""},"categories":[28,80],"tags":[],"class_list":["post-22683","post","type-post","status-publish","format-standard","has-post-thumbnail","hentry","category-farofa-digital","category-home"],"_links":{"self":[{"href":"https:\/\/blogs.correio24horas.com.br\/mesalte\/wp-json\/wp\/v2\/posts\/22683","targetHints":{"allow":["GET"]}}],"collection":[{"href":"https:\/\/blogs.correio24horas.com.br\/mesalte\/wp-json\/wp\/v2\/posts"}],"about":[{"href":"https:\/\/blogs.correio24horas.com.br\/mesalte\/wp-json\/wp\/v2\/types\/post"}],"author":[{"embeddable":true,"href":"https:\/\/blogs.correio24horas.com.br\/mesalte\/wp-json\/wp\/v2\/users\/1"}],"replies":[{"embeddable":true,"href":"https:\/\/blogs.correio24horas.com.br\/mesalte\/wp-json\/wp\/v2\/comments?post=22683"}],"version-history":[{"count":1,"href":"https:\/\/blogs.correio24horas.com.br\/mesalte\/wp-json\/wp\/v2\/posts\/22683\/revisions"}],"predecessor-version":[{"id":22685,"href":"https:\/\/blogs.correio24horas.com.br\/mesalte\/wp-json\/wp\/v2\/posts\/22683\/revisions\/22685"}],"wp:featuredmedia":[{"embeddable":true,"href":"https:\/\/blogs.correio24horas.com.br\/mesalte\/wp-json\/wp\/v2\/media\/22684"}],"wp:attachment":[{"href":"https:\/\/blogs.correio24horas.com.br\/mesalte\/wp-json\/wp\/v2\/media?parent=22683"}],"wp:term":[{"taxonomy":"category","embeddable":true,"href":"https:\/\/blogs.correio24horas.com.br\/mesalte\/wp-json\/wp\/v2\/categories?post=22683"},{"taxonomy":"post_tag","embeddable":true,"href":"https:\/\/blogs.correio24horas.com.br\/mesalte\/wp-json\/wp\/v2\/tags?post=22683"}],"curies":[{"name":"wp","href":"https:\/\/api.w.org\/{rel}","templated":true}]}}