{"id":22680,"date":"2021-04-16T11:01:23","date_gmt":"2021-04-16T14:01:23","guid":{"rendered":"https:\/\/blogs.correio24horas.com.br\/mesalte\/?p=22680"},"modified":"2021-04-16T11:01:24","modified_gmt":"2021-04-16T14:01:24","slug":"san-boate-se-transforma-em-vila-san-um-espaco-que-unira-moda-gastronomia-e-musica","status":"publish","type":"post","link":"https:\/\/blogs.correio24horas.com.br\/mesalte\/san-boate-se-transforma-em-vila-san-um-espaco-que-unira-moda-gastronomia-e-musica\/","title":{"rendered":"San Boate se transforma em Vila San, um espa\u00e7o que unir\u00e1 moda, gastronomia e m\u00fasica"},"content":{"rendered":"\n<p>Tem novidade de entretenimento chegando em Salvador. A San Boate se transforma a partir de 21 de abril em Vila San (@vilasanrv), um espa\u00e7o que unir\u00e1 moda, gastronomia e m\u00fasica no Rio Vermelho. Em fun\u00e7\u00e3o da pandemia, que impede o funcionamento de boates e espa\u00e7os de shows, os empres\u00e1rios Jos\u00e9 Augusto Vasconcelos e Andr\u00e9 Gagliano deram uma repaginada na pir\u00e2mide do Rio Vermelho, onde funcionavam a SAN Boate e o SAN Bar desde 2018. <\/p>\n\n\n\n<p>A dupla, ao lado dos s\u00f3cios Rodrigo Smith, Peu Sarkis e Rafael Bayl\u00e3o, decidiram criar a Vila SAN, espa\u00e7o m\u00faltiplo, que funcionar\u00e1 como op\u00e7\u00e3o de entretenimento a partir das 14h da pr\u00f3xima quarta-feira. <\/p>\n\n\n\n<p>Com nova decora\u00e7\u00e3o para visita\u00e7\u00e3o ao longo do dia, a Vila SAN conta com patroc\u00ednio da Itaipava e trar\u00e1 op\u00e7\u00f5es gastron\u00f4micas, de moda e de m\u00fasica, com atra\u00e7\u00f5es variadas ao longo da programa\u00e7\u00e3o, para o p\u00fablico acompanhar das mesas. <\/p>\n\n\n\n<blockquote class=\"wp-block-quote is-layout-flow wp-block-quote-is-layout-flow\"><p>&#8220;Entendemos que o momento n\u00e3o \u00e9 de grandes festas, mas existe uma demanda por lazer seguro e confort\u00e1vel, para p\u00fablicos de todas as idades e perfis que buscam novas experi\u00eancias&#8221;, explica Jos\u00e9 Augusto. <\/p><\/blockquote>\n\n\n\n<p>A Vila SAN funcionar\u00e1 de quarta a domingo, das 14h \u00e0s 20h. Novidades da programa\u00e7\u00e3o ser\u00e3o anunciadas ao longo das semanas, assim como as marcas envolvidas no projeto, como op\u00e7\u00f5es gastron\u00f4micas e marcas de roupas e acess\u00f3rios.<\/p>\n","protected":false},"excerpt":{"rendered":"<p>Tem novidade de entretenimento chegando em Salvador. A San Boate se transforma a partir de 21 de abril em Vila San (@vilasanrv), um espa\u00e7o que unir\u00e1 [&hellip;]<\/p>\n","protected":false},"author":1,"featured_media":22681,"comment_status":"open","ping_status":"open","sticky":false,"template":"","format":"standard","meta":{"footnotes":""},"categories":[28,80],"tags":[],"class_list":["post-22680","post","type-post","status-publish","format-standard","has-post-thumbnail","hentry","category-farofa-digital","category-home"],"_links":{"self":[{"href":"https:\/\/blogs.correio24horas.com.br\/mesalte\/wp-json\/wp\/v2\/posts\/22680","targetHints":{"allow":["GET"]}}],"collection":[{"href":"https:\/\/blogs.correio24horas.com.br\/mesalte\/wp-json\/wp\/v2\/posts"}],"about":[{"href":"https:\/\/blogs.correio24horas.com.br\/mesalte\/wp-json\/wp\/v2\/types\/post"}],"author":[{"embeddable":true,"href":"https:\/\/blogs.correio24horas.com.br\/mesalte\/wp-json\/wp\/v2\/users\/1"}],"replies":[{"embeddable":true,"href":"https:\/\/blogs.correio24horas.com.br\/mesalte\/wp-json\/wp\/v2\/comments?post=22680"}],"version-history":[{"count":1,"href":"https:\/\/blogs.correio24horas.com.br\/mesalte\/wp-json\/wp\/v2\/posts\/22680\/revisions"}],"predecessor-version":[{"id":22682,"href":"https:\/\/blogs.correio24horas.com.br\/mesalte\/wp-json\/wp\/v2\/posts\/22680\/revisions\/22682"}],"wp:featuredmedia":[{"embeddable":true,"href":"https:\/\/blogs.correio24horas.com.br\/mesalte\/wp-json\/wp\/v2\/media\/22681"}],"wp:attachment":[{"href":"https:\/\/blogs.correio24horas.com.br\/mesalte\/wp-json\/wp\/v2\/media?parent=22680"}],"wp:term":[{"taxonomy":"category","embeddable":true,"href":"https:\/\/blogs.correio24horas.com.br\/mesalte\/wp-json\/wp\/v2\/categories?post=22680"},{"taxonomy":"post_tag","embeddable":true,"href":"https:\/\/blogs.correio24horas.com.br\/mesalte\/wp-json\/wp\/v2\/tags?post=22680"}],"curies":[{"name":"wp","href":"https:\/\/api.w.org\/{rel}","templated":true}]}}