{"id":22653,"date":"2021-04-13T12:08:52","date_gmt":"2021-04-13T15:08:52","guid":{"rendered":"https:\/\/blogs.correio24horas.com.br\/mesalte\/?p=22653"},"modified":"2021-04-13T12:08:53","modified_gmt":"2021-04-13T15:08:53","slug":"gabryell-urlan-artista-descoberto-por-produtora-baiana-lgbtqia-atinge-marca-de-4-milhoes-de-seguidores","status":"publish","type":"post","link":"https:\/\/blogs.correio24horas.com.br\/mesalte\/gabryell-urlan-artista-descoberto-por-produtora-baiana-lgbtqia-atinge-marca-de-4-milhoes-de-seguidores\/","title":{"rendered":"Gabryell Urlan, artista descoberto por produtora baiana LGBTQIA+, atinge marca de 4 milh\u00f5es de seguidores"},"content":{"rendered":"\n<p>Nove meses ap\u00f3s sua contrata\u00e7\u00e3o, o jovem criador de conte\u00fados digitais, que ingressou no time da Ronda Produ\u00e7\u00f5es com cerca de 30 mil seguidores, soma agora mais de 3 milh\u00f5es no TikTok e 1 milh\u00e3o no Instagram.<\/p>\n\n\n\n<p>Com 23 anos de idade, e menos de 1 ano de experi\u00eancia no mercado, Gabryell tem sido a aposta de grandes marcas nacionais, tendo estrelado publicidades na internet e tamb\u00e9m na TV aberta.<\/p>\n\n\n\n<p>\u201cDesde quando vi o Gabryell pela primeira vez, fiquei preso em looping nos conte\u00fados que eram produzidos por ele. O jeito que as dublagens eram feitas, davam a sensa\u00e7\u00e3o que eram originais, e n\u00e3o dublagens. Foi o que me encantou, al\u00e9m do carisma dele. Hoje, em menos de um ano, tenho plena certeza que fui muito feliz na escolha de trabalhar com esse artista, que pra mim \u00e9 como se fosse um filho.\u201d, declarou o produtor e empres\u00e1rio Gabriel Sued.<\/p>\n\n\n\n<p>Comemorando a marca atingida, a produtora respons\u00e1vel pela carreira do influenciador, que \u00e9 pernambucano, anuncia temporadas de 3 meses em Salvador e 3 meses em S\u00e3o Paulo, onde ocorrer\u00e3o grava\u00e7\u00f5es com outros artistas de v\u00e1rios segmentos, inclusive para seu novo projeto na plataforma do YouTube.<\/p>\n\n\n\n<p>Para acompanhar o artista nas redes sociais basta procurar por @gabryellurlan.<\/p>\n","protected":false},"excerpt":{"rendered":"<p>Nove meses ap\u00f3s sua contrata\u00e7\u00e3o, o jovem criador de conte\u00fados digitais, que ingressou no time da Ronda Produ\u00e7\u00f5es com cerca de 30 mil seguidores, soma agora [&hellip;]<\/p>\n","protected":false},"author":1,"featured_media":22654,"comment_status":"open","ping_status":"open","sticky":false,"template":"","format":"standard","meta":{"footnotes":""},"categories":[28,80],"tags":[],"class_list":["post-22653","post","type-post","status-publish","format-standard","has-post-thumbnail","hentry","category-farofa-digital","category-home"],"_links":{"self":[{"href":"https:\/\/blogs.correio24horas.com.br\/mesalte\/wp-json\/wp\/v2\/posts\/22653","targetHints":{"allow":["GET"]}}],"collection":[{"href":"https:\/\/blogs.correio24horas.com.br\/mesalte\/wp-json\/wp\/v2\/posts"}],"about":[{"href":"https:\/\/blogs.correio24horas.com.br\/mesalte\/wp-json\/wp\/v2\/types\/post"}],"author":[{"embeddable":true,"href":"https:\/\/blogs.correio24horas.com.br\/mesalte\/wp-json\/wp\/v2\/users\/1"}],"replies":[{"embeddable":true,"href":"https:\/\/blogs.correio24horas.com.br\/mesalte\/wp-json\/wp\/v2\/comments?post=22653"}],"version-history":[{"count":1,"href":"https:\/\/blogs.correio24horas.com.br\/mesalte\/wp-json\/wp\/v2\/posts\/22653\/revisions"}],"predecessor-version":[{"id":22655,"href":"https:\/\/blogs.correio24horas.com.br\/mesalte\/wp-json\/wp\/v2\/posts\/22653\/revisions\/22655"}],"wp:featuredmedia":[{"embeddable":true,"href":"https:\/\/blogs.correio24horas.com.br\/mesalte\/wp-json\/wp\/v2\/media\/22654"}],"wp:attachment":[{"href":"https:\/\/blogs.correio24horas.com.br\/mesalte\/wp-json\/wp\/v2\/media?parent=22653"}],"wp:term":[{"taxonomy":"category","embeddable":true,"href":"https:\/\/blogs.correio24horas.com.br\/mesalte\/wp-json\/wp\/v2\/categories?post=22653"},{"taxonomy":"post_tag","embeddable":true,"href":"https:\/\/blogs.correio24horas.com.br\/mesalte\/wp-json\/wp\/v2\/tags?post=22653"}],"curies":[{"name":"wp","href":"https:\/\/api.w.org\/{rel}","templated":true}]}}