{"id":22603,"date":"2021-04-06T17:47:38","date_gmt":"2021-04-06T20:47:38","guid":{"rendered":"https:\/\/blogs.correio24horas.com.br\/mesalte\/?p=22603"},"modified":"2021-04-07T09:57:23","modified_gmt":"2021-04-07T12:57:23","slug":"morre-vida-bruno-coordenador-de-politicas-para-cidadania-lgbt-da-secretaria-municipal-de-reparacao-de-salvador","status":"publish","type":"post","link":"https:\/\/blogs.correio24horas.com.br\/mesalte\/morre-vida-bruno-coordenador-de-politicas-para-cidadania-lgbt-da-secretaria-municipal-de-reparacao-de-salvador\/","title":{"rendered":"Morre Vida Bruno, historiador e coordenador de pol\u00edticas para cidadania LGBT de Salvador"},"content":{"rendered":"\n<p>Ap\u00f3s <a href=\"https:\/\/blogs.correio24horas.com.br\/mesalte\/apos-sofrer-agressao-transfobica-vida-bruno-e-internado-na-uti\/\">mais de 2 meses internado <\/a>em uma Unidade de Terapia Intensiva (UTI) do hospital Teresa de Lisieux, em Salvador, morreu nesta ter\u00e7a-feira (6) Vida Bruno, historiador e coordenador de pol\u00edticas para cidadania LGBTI+ da Prefeitura de Salvador. Vida estava internado desde 12 de fevereiro. A causa da morte n\u00e3o foi divulgada pela fam\u00edlia. <\/p>\n\n\n\n<p>A Prefeitura de Salvador, em nota, lamentou e se solidariza com a fam\u00edlia do coordenador de Pol\u00edticas e Promo\u00e7\u00e3o da Cidadania LGBTI+. &#8220;Homem trans, historiador e militante em defesa da cidadania e direitos humanos, foi um dos participantes da cria\u00e7\u00e3o do Centro de Refer\u00eancia LGBT, vinculado \u00e0 Secretaria Municipal da Repara\u00e7\u00e3o (Semur), tornando-se coordenador do servi\u00e7o desde o in\u00edcio das atividades, em 2016. Bruno foi, ainda, um dos principais colaboradores municipais na elabora\u00e7\u00e3o de pol\u00edticas p\u00fablicas para a popula\u00e7\u00e3o LGBTI+ na capital baiana&#8221;, destacou a prefeitura da capital baiana. <\/p>\n\n\n\n<p>Em nota, a   Secretaria Municipal de Repara\u00e7\u00e3o de Salvador (Semur)  se solidarizou com seus amigos e familiares e relembrou as palavras que Vida sempre dizia. <\/p>\n\n\n\n<p>&#8220;Sou Vida Bruno. Sou professor de hist\u00f3ria e historiador,<br> mestrando em hist\u00f3ria da arte. Sou Coordenador de Pol\u00edticas e Promo\u00e7\u00e3o da Cidadania LGBTI+ da Prefeitura Municipal de Salvador. Sou militante em defesa da cidadania e direitos humanos. Sou poeta encantado pelas cordas do viol\u00e3o&#8221;, relembrou a secretaria. <\/p>\n\n\n\n<p>O Centro de Promo\u00e7\u00e3o e Defesa dos Direitos LGBTQIA+ do Estado da Bahia tamb\u00e9m divulgou nota de pesar.  &#8220;Em sua trajet\u00f3ria, Vida Bruno lutou em defesa da popula\u00e7\u00e3o LGBTQIA+ e pela valoriza\u00e7\u00e3o e respeito \u00e0 diversidade, combatendo o preconceito e intoler\u00e2ncia de g\u00eanero&#8221;. <\/p>\n\n\n\n<p>Em 29 de novembro do ano passado, Vida Bruno alegou ter sido agredido com pancadas na cabe\u00e7a e em diversas partes do corpo em bar no Campo Grande. A Pol\u00edcia Civil informou que a agress\u00e3o n\u00e3o foi comprovada durante as investiga\u00e7\u00f5es.<\/p>\n\n\n\n<p>Em nota, a Pol\u00edcia Civil informou que o procedimento foi encaminhado para a Justi\u00e7a. N\u00e3o houve elementos comprobat\u00f3rios para indiciamento. A decis\u00e3o baseou-se em laudos periciais do Departamento de Pol\u00edcia T\u00e9cnica.<\/p>\n\n\n\n<p><\/p>\n","protected":false},"excerpt":{"rendered":"<p>Ap\u00f3s mais de 2 meses internado em uma Unidade de Terapia Intensiva (UTI) do hospital Teresa de Lisieux, em Salvador, morreu nesta ter\u00e7a-feira (6) Vida Bruno, [&hellip;]<\/p>\n","protected":false},"author":1,"featured_media":22615,"comment_status":"open","ping_status":"open","sticky":false,"template":"","format":"standard","meta":{"footnotes":""},"categories":[80,26],"tags":[],"class_list":["post-22603","post","type-post","status-publish","format-standard","has-post-thumbnail","hentry","category-home","category-me-inspiro"],"_links":{"self":[{"href":"https:\/\/blogs.correio24horas.com.br\/mesalte\/wp-json\/wp\/v2\/posts\/22603","targetHints":{"allow":["GET"]}}],"collection":[{"href":"https:\/\/blogs.correio24horas.com.br\/mesalte\/wp-json\/wp\/v2\/posts"}],"about":[{"href":"https:\/\/blogs.correio24horas.com.br\/mesalte\/wp-json\/wp\/v2\/types\/post"}],"author":[{"embeddable":true,"href":"https:\/\/blogs.correio24horas.com.br\/mesalte\/wp-json\/wp\/v2\/users\/1"}],"replies":[{"embeddable":true,"href":"https:\/\/blogs.correio24horas.com.br\/mesalte\/wp-json\/wp\/v2\/comments?post=22603"}],"version-history":[{"count":9,"href":"https:\/\/blogs.correio24horas.com.br\/mesalte\/wp-json\/wp\/v2\/posts\/22603\/revisions"}],"predecessor-version":[{"id":22612,"href":"https:\/\/blogs.correio24horas.com.br\/mesalte\/wp-json\/wp\/v2\/posts\/22603\/revisions\/22612"}],"wp:featuredmedia":[{"embeddable":true,"href":"https:\/\/blogs.correio24horas.com.br\/mesalte\/wp-json\/wp\/v2\/media\/22615"}],"wp:attachment":[{"href":"https:\/\/blogs.correio24horas.com.br\/mesalte\/wp-json\/wp\/v2\/media?parent=22603"}],"wp:term":[{"taxonomy":"category","embeddable":true,"href":"https:\/\/blogs.correio24horas.com.br\/mesalte\/wp-json\/wp\/v2\/categories?post=22603"},{"taxonomy":"post_tag","embeddable":true,"href":"https:\/\/blogs.correio24horas.com.br\/mesalte\/wp-json\/wp\/v2\/tags?post=22603"}],"curies":[{"name":"wp","href":"https:\/\/api.w.org\/{rel}","templated":true}]}}