{"id":22600,"date":"2021-04-05T16:18:58","date_gmt":"2021-04-05T19:18:58","guid":{"rendered":"https:\/\/blogs.correio24horas.com.br\/mesalte\/?p=22600"},"modified":"2021-04-05T16:19:00","modified_gmt":"2021-04-05T19:19:00","slug":"poeta-lanca-projeto-literario-e-multimidia-que-aborda-relacoes-entre-homens-negros","status":"publish","type":"post","link":"https:\/\/blogs.correio24horas.com.br\/mesalte\/poeta-lanca-projeto-literario-e-multimidia-que-aborda-relacoes-entre-homens-negros\/","title":{"rendered":"Poeta  lan\u00e7a  projeto liter\u00e1rio e multim\u00eddia que aborda rela\u00e7\u00f5es entre homens negros"},"content":{"rendered":"\n<p>O poeta baiano Marcelo Ricardo lan\u00e7a em  7 de abril, \u00e0s 20h, o projeto liter\u00e1rio e multim\u00eddia \u201cAd\u00e9\u201d. Abordando as rela\u00e7\u00f5es afetivas entre homens negros por uma perspectiva de comunidades de terreiro, a produ\u00e7\u00e3o \u00e9 composto pelo livro de poemas \u201cAos meus homens\u201d, que ser\u00e1  lan\u00e7ado junto com filme \u201cAd\u00e9\u2019. <\/p>\n\n\n\n<p>Ad\u00e9 \u00e9 uma palavra em iorub\u00e1 usada nos terreiros de candombl\u00e9 para denominar homens que escolhem viver afetivamente com outros homens. Para o autor, a palavra n\u00e3o se centra apenas no aspecto da sexualidade, e busca ampliar o significado por um princ\u00edpio da viv\u00eancia comunit\u00e1ria e ancestralidade africana em seus versos.  <\/p>\n\n\n\n<p>\u201cObservo um olhar redutivo sobre as experi\u00eancias de dissidentes de g\u00eanero e sexuais como apenas um recorte \u00e0 sexualidade, como se fossemos um ser deslocado da comunidade. N\u00e3o \u00e9 o que vejo nas comunidades de terreiro. Este \u00e9 meu interesse no projeto: falar de comunidade, pois entendo Ad\u00e9 como participante e guardi\u00e3o do ax\u00e9\u201d, explica Marcelo, que estreia no cen\u00e1rio liter\u00e1rio. <\/p>\n\n\n\n<p>Bacharel em Humanidades pelo Instituto de Artes, Humanidades, Ci\u00eancias e Tecnologias &#8211; Milton Santos (IHAC-UFBA), Marcelo Ricardo \u00e9 poeta, contista e roteirista. Vencedor do concurso nacional de contos pela Editora Mal\u00ea em 2016, e participante do projeto curta universit\u00e1rio, organizado pelo Canal Futura, em parceria com a Funda\u00e7\u00e3o Roberto Marinho, o multiartista se apropria do audiovisual, da m\u00fasica, da performance e da literatura para lan\u00e7ar seu livro. <\/p>\n\n\n\n<p>Com 100 poemas, o livro \u00e9 uma declara\u00e7\u00e3o desde o t\u00edtulo \u201cAos meus homens\u201d, e chega ao mercado pela Editora Mal\u00ea, junto aos produtos para internet. O projeto Ad\u00e9 tem apoio financeiro do Estado da Bahia atrav\u00e9s da Secretaria de Cultura e da Funda\u00e7\u00e3o Cultural do Estado da Bahia (Programa Aldir Blanc Bahia) via Lei Aldir Blanc, direcionada pela Secretaria Especial da Cultural do Minist\u00e9rio do Turismo, Governo Federal.<\/p>\n\n\n\n<p><strong>Servi\u00e7o<\/strong><br>Ad\u00e9 &#8211; Filme e Lan\u00e7amento de livro \u201cAos meus homens\u201d, de Marcelo Ricardo  <br>Quando: 7 de abril de 2021, \u00e0s 20h <br>Onde: Atrav\u00e9s das plataformas digitais, se inscrever no canal: http:\/\/bit.ly\/estreiaAde   <br>Gratuito<\/p>\n","protected":false},"excerpt":{"rendered":"<p>O poeta baiano Marcelo Ricardo lan\u00e7a em 7 de abril, \u00e0s 20h, o projeto liter\u00e1rio e multim\u00eddia \u201cAd\u00e9\u201d. Abordando as rela\u00e7\u00f5es afetivas entre homens negros por [&hellip;]<\/p>\n","protected":false},"author":1,"featured_media":22601,"comment_status":"open","ping_status":"open","sticky":false,"template":"","format":"standard","meta":{"footnotes":""},"categories":[28,80],"tags":[],"class_list":["post-22600","post","type-post","status-publish","format-standard","has-post-thumbnail","hentry","category-farofa-digital","category-home"],"_links":{"self":[{"href":"https:\/\/blogs.correio24horas.com.br\/mesalte\/wp-json\/wp\/v2\/posts\/22600","targetHints":{"allow":["GET"]}}],"collection":[{"href":"https:\/\/blogs.correio24horas.com.br\/mesalte\/wp-json\/wp\/v2\/posts"}],"about":[{"href":"https:\/\/blogs.correio24horas.com.br\/mesalte\/wp-json\/wp\/v2\/types\/post"}],"author":[{"embeddable":true,"href":"https:\/\/blogs.correio24horas.com.br\/mesalte\/wp-json\/wp\/v2\/users\/1"}],"replies":[{"embeddable":true,"href":"https:\/\/blogs.correio24horas.com.br\/mesalte\/wp-json\/wp\/v2\/comments?post=22600"}],"version-history":[{"count":1,"href":"https:\/\/blogs.correio24horas.com.br\/mesalte\/wp-json\/wp\/v2\/posts\/22600\/revisions"}],"predecessor-version":[{"id":22602,"href":"https:\/\/blogs.correio24horas.com.br\/mesalte\/wp-json\/wp\/v2\/posts\/22600\/revisions\/22602"}],"wp:featuredmedia":[{"embeddable":true,"href":"https:\/\/blogs.correio24horas.com.br\/mesalte\/wp-json\/wp\/v2\/media\/22601"}],"wp:attachment":[{"href":"https:\/\/blogs.correio24horas.com.br\/mesalte\/wp-json\/wp\/v2\/media?parent=22600"}],"wp:term":[{"taxonomy":"category","embeddable":true,"href":"https:\/\/blogs.correio24horas.com.br\/mesalte\/wp-json\/wp\/v2\/categories?post=22600"},{"taxonomy":"post_tag","embeddable":true,"href":"https:\/\/blogs.correio24horas.com.br\/mesalte\/wp-json\/wp\/v2\/tags?post=22600"}],"curies":[{"name":"wp","href":"https:\/\/api.w.org\/{rel}","templated":true}]}}