{"id":22592,"date":"2021-04-02T23:36:37","date_gmt":"2021-04-03T02:36:37","guid":{"rendered":"https:\/\/blogs.correio24horas.com.br\/mesalte\/?p=22592"},"modified":"2021-04-02T23:36:40","modified_gmt":"2021-04-03T02:36:40","slug":"fundador-do-ggb-defende-criacao-do-dia-nacional-da-afirmacao-gay","status":"publish","type":"post","link":"https:\/\/blogs.correio24horas.com.br\/mesalte\/fundador-do-ggb-defende-criacao-do-dia-nacional-da-afirmacao-gay\/","title":{"rendered":"Fundador do GGB defende cria\u00e7\u00e3o do  Dia Nacional da Afirma\u00e7\u00e3o Gay"},"content":{"rendered":"\n<p>28 de fevereiro. Essa foi a data escolhida para ser o Dia Nacional da Afirma\u00e7\u00e3o Gay. A defesa da celebra\u00e7\u00e3o da data est\u00e1 sendo feita pelo professor, antrop\u00f3logo e decano do movimento LGBTQIA+ no Brasil, Luiz Mott, que tamb\u00e9m \u00e9 fundador do Grupo Gay da Bahia (GGB)> <\/p>\n\n\n\n<p> A data faz refer\u00eancia ao dia 29\/2\/1980, dia de funda\u00e7\u00e3o do Grupo Gay da Bahia (GGB), e tamb\u00e9m ao dia da cria\u00e7\u00e3o do  Somos \u2013 Grupo de Afirma\u00e7\u00e3o Homossexual. Em 1978  o Somos foi a primeira entidade ativista do atual movimento LGBT no Brasil. <\/p>\n\n\n\n<p>O lan\u00e7amento da data foi feito em live da Rede Gay no \u00faltimo domingo (28). <\/p>\n\n\n\n<p><\/p>\n\n\n\n<p>A ideia do Dia da Afirma\u00e7\u00e3o Gay veio de coletivo independente que h\u00e1 meses faz estudos a respeito de diversas personalidades homossexuais e marcos hist\u00f3ricos. Haver\u00e1 site espec\u00edfico (www.afirmacao.gay) e redes sociais, todas sob o nome afirmacaogay. <\/p>\n\n\n\n<p>O movimento ganhou for\u00e7a ap\u00f3s, em 25 de mar\u00e7o, ser celebrado por algumas empresas o dia 25 de mar\u00e7o como suposto Dia Nacional do Orgulho Gay &#8211; uma data que n\u00e3o \u00e9 reconhecida pelo movimento ativista. <\/p>\n\n\n\n<p>Confira algumas datas do movimento ativista: <br> 29 de Janeiro \u2013 Dia Nacional da Visibilidade Trans;<br> 28 de fevereiro \u2013 Dia Nacional da Afirma\u00e7\u00e3o Gay;<br> 17 de maio \u2013 Dia Internacional contra Homofobia;<br> 28 de junho \u2013 Dia Internacional do Orgulho LGBT;<br> 29 de agosto \u2013 Dia Nacional da Visibilidade L\u00e9sbica;<br> 23 de setembro \u2013 Dia da Visibilidade Bissexual.  <\/p>\n","protected":false},"excerpt":{"rendered":"<p>28 de fevereiro. Essa foi a data escolhida para ser o Dia Nacional da Afirma\u00e7\u00e3o Gay. A defesa da celebra\u00e7\u00e3o da data est\u00e1 sendo feita pelo [&hellip;]<\/p>\n","protected":false},"author":1,"featured_media":20947,"comment_status":"open","ping_status":"open","sticky":false,"template":"","format":"standard","meta":{"footnotes":""},"categories":[80,9],"tags":[],"class_list":["post-22592","post","type-post","status-publish","format-standard","has-post-thumbnail","hentry","category-home","category-me-orgulho"],"_links":{"self":[{"href":"https:\/\/blogs.correio24horas.com.br\/mesalte\/wp-json\/wp\/v2\/posts\/22592","targetHints":{"allow":["GET"]}}],"collection":[{"href":"https:\/\/blogs.correio24horas.com.br\/mesalte\/wp-json\/wp\/v2\/posts"}],"about":[{"href":"https:\/\/blogs.correio24horas.com.br\/mesalte\/wp-json\/wp\/v2\/types\/post"}],"author":[{"embeddable":true,"href":"https:\/\/blogs.correio24horas.com.br\/mesalte\/wp-json\/wp\/v2\/users\/1"}],"replies":[{"embeddable":true,"href":"https:\/\/blogs.correio24horas.com.br\/mesalte\/wp-json\/wp\/v2\/comments?post=22592"}],"version-history":[{"count":1,"href":"https:\/\/blogs.correio24horas.com.br\/mesalte\/wp-json\/wp\/v2\/posts\/22592\/revisions"}],"predecessor-version":[{"id":22593,"href":"https:\/\/blogs.correio24horas.com.br\/mesalte\/wp-json\/wp\/v2\/posts\/22592\/revisions\/22593"}],"wp:featuredmedia":[{"embeddable":true,"href":"https:\/\/blogs.correio24horas.com.br\/mesalte\/wp-json\/wp\/v2\/media\/20947"}],"wp:attachment":[{"href":"https:\/\/blogs.correio24horas.com.br\/mesalte\/wp-json\/wp\/v2\/media?parent=22592"}],"wp:term":[{"taxonomy":"category","embeddable":true,"href":"https:\/\/blogs.correio24horas.com.br\/mesalte\/wp-json\/wp\/v2\/categories?post=22592"},{"taxonomy":"post_tag","embeddable":true,"href":"https:\/\/blogs.correio24horas.com.br\/mesalte\/wp-json\/wp\/v2\/tags?post=22592"}],"curies":[{"name":"wp","href":"https:\/\/api.w.org\/{rel}","templated":true}]}}