{"id":22589,"date":"2021-04-02T23:22:10","date_gmt":"2021-04-03T02:22:10","guid":{"rendered":"https:\/\/blogs.correio24horas.com.br\/mesalte\/?p=22589"},"modified":"2021-04-02T23:26:10","modified_gmt":"2021-04-03T02:26:10","slug":"hiv-e-covid-corre-coletivo-cenico-estreia-em-abril-espetaculo-teatral-para-iso","status":"publish","type":"post","link":"https:\/\/blogs.correio24horas.com.br\/mesalte\/hiv-e-covid-corre-coletivo-cenico-estreia-em-abril-espetaculo-teatral-para-iso\/","title":{"rendered":"HIV e COVID: CORRE Coletivo C\u00eanico estreia em abril espet\u00e1culo teatral  PARA-ISO"},"content":{"rendered":"\n<p>Ap\u00f3s meses de pesquisas e 24 dias de imers\u00e3o criativa durante fevereiro e mar\u00e7o de 2021, o CORRE Coletivo C\u00eanico estreia virtualmente a partir do dia 10 de abril PARA-ISO, espet\u00e1culo teatral dividido em oito epis\u00f3dios dispon\u00edveis pelo youtube do CORRE, um por dia. A pe\u00e7a epis\u00f3dica remonta a trajet\u00f3ria de um homem gay que vem a \u00f3bito, a partir da vis\u00e3o de cinco personagens que t\u00eam suas vidas atravessadas por Ele.&nbsp;<\/p>\n\n\n\n<p>PARA-ISO prop\u00f5e uma reflex\u00e3o sobre o modo como o HIV\/Aids e o COVID-19 t\u00eam atingido os corpos gays, numa tentativa de tecer uma correla\u00e7\u00e3o entre as epidemias que distam em 40 anos. At\u00e9 31 de mar\u00e7o de 2021, j\u00e1 morreram em um ano mais pessoas de COVID-19 (317.936)* do que de HIV\/Aids (281.156)** nessas quatro d\u00e9cadas.<\/p>\n\n\n\n<p>Vividas por Anderson Danttas, Igor Nascimento, Luiz Ant\u00f4nio Sena Jr, Marcus Lobo e Rafael Brito &#8211; integrante do CORRE &#8211; as personagens Leka, Tito, Miguel, Rog\u00e9rio e Paul, respectivamente, se encontram na Casa PARA-ISO, em que Ele morava, na noite de seu vel\u00f3rio. Ao passo que enxergam\/visitam esse espa\u00e7o, agora vazio e cheio de mensagens subliminares, transbordam as mem\u00f3rias.<\/p>\n\n\n\n<p>A Casa Charriot &#8211; utilizada como espa\u00e7o para reunir integrantes do CORRE e profissionais convidados, respeitando todos os protocolos de seguran\u00e7a e cuidado \u00e0 sa\u00fade com os pares -, um universo de inspira\u00e7\u00f5es, foi renomeada de Casa PARA-ISO para o espet\u00e1culo. Os integrantes do coletivo falam que, durante os dias imersivos nesse ambiente, o casar\u00e3o se comunicou de maneira vertiginosas, chegando at\u00e9 a contaminar o discurso \u2026<\/p>\n\n\n\n<p>Antes das grava\u00e7\u00f5es do espet\u00e1culo, no per\u00edodo de 22 de fevereiro a 17 de mar\u00e7o, o CORRE realizou uma imers\u00e3o virtual p\u00fablica com resid\u00eancias e lives artistas e profissionais de sa\u00fade que se debru\u00e7am nas tem\u00e1ticas abordadas no espet\u00e1culo. Foi justamente durante e ap\u00f3s esse processo que surgiu a ideia de capitular o espet\u00e1culo, uma vez que o volume de informa\u00e7\u00f5es \u00e9 imenso e por maior que fosse a tentativa de sintetiza\u00e7\u00e3o, sempre havia algo transbordando. Estilha\u00e7ar quest\u00f5es no mundo \u00e9 a estrat\u00e9gia de atua\u00e7\u00e3o do CORRE.<\/p>\n\n\n\n<p><\/p>\n","protected":false},"excerpt":{"rendered":"<p>Ap\u00f3s meses de pesquisas e 24 dias de imers\u00e3o criativa durante fevereiro e mar\u00e7o de 2021, o CORRE Coletivo C\u00eanico estreia virtualmente a partir do dia [&hellip;]<\/p>\n","protected":false},"author":1,"featured_media":22590,"comment_status":"open","ping_status":"open","sticky":false,"template":"","format":"standard","meta":{"footnotes":""},"categories":[80,24],"tags":[33,2212],"class_list":["post-22589","post","type-post","status-publish","format-standard","has-post-thumbnail","hentry","category-home","category-me-cuido","tag-gay","tag-teatro-hiv"],"_links":{"self":[{"href":"https:\/\/blogs.correio24horas.com.br\/mesalte\/wp-json\/wp\/v2\/posts\/22589","targetHints":{"allow":["GET"]}}],"collection":[{"href":"https:\/\/blogs.correio24horas.com.br\/mesalte\/wp-json\/wp\/v2\/posts"}],"about":[{"href":"https:\/\/blogs.correio24horas.com.br\/mesalte\/wp-json\/wp\/v2\/types\/post"}],"author":[{"embeddable":true,"href":"https:\/\/blogs.correio24horas.com.br\/mesalte\/wp-json\/wp\/v2\/users\/1"}],"replies":[{"embeddable":true,"href":"https:\/\/blogs.correio24horas.com.br\/mesalte\/wp-json\/wp\/v2\/comments?post=22589"}],"version-history":[{"count":1,"href":"https:\/\/blogs.correio24horas.com.br\/mesalte\/wp-json\/wp\/v2\/posts\/22589\/revisions"}],"predecessor-version":[{"id":22591,"href":"https:\/\/blogs.correio24horas.com.br\/mesalte\/wp-json\/wp\/v2\/posts\/22589\/revisions\/22591"}],"wp:featuredmedia":[{"embeddable":true,"href":"https:\/\/blogs.correio24horas.com.br\/mesalte\/wp-json\/wp\/v2\/media\/22590"}],"wp:attachment":[{"href":"https:\/\/blogs.correio24horas.com.br\/mesalte\/wp-json\/wp\/v2\/media?parent=22589"}],"wp:term":[{"taxonomy":"category","embeddable":true,"href":"https:\/\/blogs.correio24horas.com.br\/mesalte\/wp-json\/wp\/v2\/categories?post=22589"},{"taxonomy":"post_tag","embeddable":true,"href":"https:\/\/blogs.correio24horas.com.br\/mesalte\/wp-json\/wp\/v2\/tags?post=22589"}],"curies":[{"name":"wp","href":"https:\/\/api.w.org\/{rel}","templated":true}]}}