{"id":22584,"date":"2021-04-01T16:06:32","date_gmt":"2021-04-01T19:06:32","guid":{"rendered":"https:\/\/blogs.correio24horas.com.br\/mesalte\/?p=22584"},"modified":"2021-04-01T16:06:34","modified_gmt":"2021-04-01T19:06:34","slug":"mostra-de-audiovisual-cintilante-acontecera-no-youtube","status":"publish","type":"post","link":"https:\/\/blogs.correio24horas.com.br\/mesalte\/mostra-de-audiovisual-cintilante-acontecera-no-youtube\/","title":{"rendered":"Mostra de Audiovisual Cintilante acontecer\u00e1 no Youtube"},"content":{"rendered":"\n<p>O N\u00facleo de Audiovisual para Artistas LGBTQIA+ apresenta a &#8220;1\u00aa Mostra de Audiovisual Cintilante&#8221; que ser\u00e1 aberta ao p\u00fablico no dia 3 \u00e0s 19h pelo canal do Youtube.<\/p>\n\n\n\n<p>Apresentando forma\u00e7\u00e3o te\u00f3rica e pr\u00e1tica, o evento \u00e9 totalmente gratuito, e tem no seu programa a capacita\u00e7\u00e3o na linguagem audiovisual direcionado \u00e0 comunidade art\u00edstica dentro da sigla \u00e9 tem como objetivo a forma\u00e7\u00e3o, produ\u00e7\u00e3o e difus\u00e3o audiovisual para artistas LGBTQIA+.<\/p>\n\n\n\n<p>Para concluir as atividades de sua 1\u00aa edi\u00e7\u00e3o, haver\u00e1 a mostra aberta ao p\u00fablico das obras audiovisuais realizadas por sua turma e ainda haver\u00e1 participa\u00e7\u00f5es especiais e um show de encerramento.<\/p>\n\n\n\n<p>A primeira edi\u00e7\u00e3o da &#8220;1\u00aa Mostra de Audiovisual Cintilante&#8221; se mostrou uma experi\u00eancia \u00fanica, ampla e diversa, um espa\u00e7o de encontros e trocas de conhecimentos de pluralidade, nele foi criado um espa\u00e7o art\u00edstico plural, respeitoso, provocativo, acolhedor um n\u00facleo de forma\u00e7\u00e3o cr\u00edtica de culturas identit\u00e1rias, articulada aos processos art\u00edsticos, culturais, sociais, pol\u00edticos, ambientais e econ\u00f4micos que constroem imagin\u00e1rios locais e globais.<\/p>\n\n\n\n<p>Nas atividades de finaliza\u00e7\u00e3o da sua 1\u00aa edi\u00e7\u00e3o, haver\u00e1 uma mostra aberta ao p\u00fablico com as obras audiovisuais realizadas pela turma e contar\u00e1 com participa\u00e7\u00f5es especiais e um show de encerramento.<\/p>\n\n\n\n<p>Nos encontros anteriores foram abordadas as diferentes etapas que comp\u00f5em a constru\u00e7\u00e3o de uma obra, desde a concep\u00e7\u00e3o da id\u00e9ia, roteirizaz\u00e3o, produ\u00e7\u00e3o, caracteriza\u00e7\u00e3o, capta\u00e7\u00e3o de imagem e som, dire\u00e7\u00e3o, p\u00f3s-produ\u00e7\u00e3o, edi\u00e7\u00e3o, publica\u00e7\u00e3o e interpreta\u00e7\u00e3o dos dados de audi\u00eancia digital, como forma de potencializar a difus\u00e3o de obras pela internet.<\/p>\n\n\n\n<p>Este projeto tem apoio financeiro do Estado da Bahia atrav\u00e9s da Secretaria de Cultura e da Funda\u00e7\u00e3o Cultural do Estado da Bahia &#8211; Funceb (Programa Aldir Blanc Bahia) via Lei Aldir Blanc, direcionada pela Secretaria Especial Cultura do Minist\u00e9rio do Turismo, Governo Federal.<\/p>\n\n\n\n<p>SERVI\u00c7O:<\/p>\n\n\n\n<p>O que: 1\u00aa Mostra de Audiovisual Cintilante<br>Quando: 3 de abril<br>Hor\u00e1rio: 19h <br>Onde: https:\/\/www.youtube.com\/channel\/UCya9IJEKAiO5Gwbjt5shnPg\/featured <\/p>\n","protected":false},"excerpt":{"rendered":"<p>O N\u00facleo de Audiovisual para Artistas LGBTQIA+ apresenta a &#8220;1\u00aa Mostra de Audiovisual Cintilante&#8221; que ser\u00e1 aberta ao p\u00fablico no dia 3 \u00e0s 19h pelo canal [&hellip;]<\/p>\n","protected":false},"author":1,"featured_media":0,"comment_status":"open","ping_status":"open","sticky":false,"template":"","format":"standard","meta":{"footnotes":""},"categories":[80],"tags":[],"class_list":["post-22584","post","type-post","status-publish","format-standard","hentry","category-home"],"_links":{"self":[{"href":"https:\/\/blogs.correio24horas.com.br\/mesalte\/wp-json\/wp\/v2\/posts\/22584","targetHints":{"allow":["GET"]}}],"collection":[{"href":"https:\/\/blogs.correio24horas.com.br\/mesalte\/wp-json\/wp\/v2\/posts"}],"about":[{"href":"https:\/\/blogs.correio24horas.com.br\/mesalte\/wp-json\/wp\/v2\/types\/post"}],"author":[{"embeddable":true,"href":"https:\/\/blogs.correio24horas.com.br\/mesalte\/wp-json\/wp\/v2\/users\/1"}],"replies":[{"embeddable":true,"href":"https:\/\/blogs.correio24horas.com.br\/mesalte\/wp-json\/wp\/v2\/comments?post=22584"}],"version-history":[{"count":1,"href":"https:\/\/blogs.correio24horas.com.br\/mesalte\/wp-json\/wp\/v2\/posts\/22584\/revisions"}],"predecessor-version":[{"id":22585,"href":"https:\/\/blogs.correio24horas.com.br\/mesalte\/wp-json\/wp\/v2\/posts\/22584\/revisions\/22585"}],"wp:attachment":[{"href":"https:\/\/blogs.correio24horas.com.br\/mesalte\/wp-json\/wp\/v2\/media?parent=22584"}],"wp:term":[{"taxonomy":"category","embeddable":true,"href":"https:\/\/blogs.correio24horas.com.br\/mesalte\/wp-json\/wp\/v2\/categories?post=22584"},{"taxonomy":"post_tag","embeddable":true,"href":"https:\/\/blogs.correio24horas.com.br\/mesalte\/wp-json\/wp\/v2\/tags?post=22584"}],"curies":[{"name":"wp","href":"https:\/\/api.w.org\/{rel}","templated":true}]}}