{"id":22582,"date":"2021-04-01T15:27:55","date_gmt":"2021-04-01T18:27:55","guid":{"rendered":"https:\/\/blogs.correio24horas.com.br\/mesalte\/?p=22582"},"modified":"2021-04-01T15:27:57","modified_gmt":"2021-04-01T18:27:57","slug":"confira-como-sera-o-retorno-das-atividades-nao-essenciais-a-partir-de-segunda-5","status":"publish","type":"post","link":"https:\/\/blogs.correio24horas.com.br\/mesalte\/confira-como-sera-o-retorno-das-atividades-nao-essenciais-a-partir-de-segunda-5\/","title":{"rendered":"Confira como ser\u00e1 o retorno das atividades n\u00e3o essenciais a partir de segunda (5)"},"content":{"rendered":"\n<p>Um m\u00eas ap\u00f3s Salvador passar por medidas mais restritivas para conter a propaga\u00e7\u00e3o do coronav\u00edrus, quase todas as atividades consideradas n\u00e3o essenciais e que foram suspensas durante esse per\u00edodo ser\u00e3o retomadas a partir desta segunda-feira (5). Os detalhes desse retorno, que envolve uma estrat\u00e9gia de escalonamento entre diversos setores para garantir mais seguran\u00e7a \u00e0 popula\u00e7\u00e3o, foram apresentados pelo prefeito Bruno Reis e pela secret\u00e1ria municipal de Desenvolvimento Econ\u00f4mico, Emprego e Renda (Semdec), Mila Paes, em coletiva virtual ocorrida nesta quinta-feira (1\u00ba).<\/p>\n\n\n\n<p>Na ocasi\u00e3o, o prefeito tamb\u00e9m apresentou a situa\u00e7\u00e3o da Covid-19 na capital baiana e os motivos que nortearam as decis\u00f5es de reabertura. \u201cOs n\u00fameros epidemiol\u00f3gicos da segunda onda em compara\u00e7\u00e3o com a primeira est\u00e3o mais baixos, mas a press\u00e3o sobre o sistema de sa\u00fade estava muito maior em virtude da agressividade das novas variantes do v\u00edrus\u201d, destacou.<\/p>\n\n\n\n<p>De acordo com o plano de retomada elaborado pela administra\u00e7\u00e3o municipal, diversos segmentos comerciais cujos estabelecimentos n\u00e3o estavam permitidos a abrir as portas por conta das restri\u00e7\u00f5es funcionar\u00e3o em dias e hor\u00e1rios espec\u00edficos. O objetivo \u00e9 impedir aglomera\u00e7\u00f5es, sobretudo no deslocamento dos trabalhadores \u00e0s suas ocupa\u00e7\u00f5es durante o uso do transporte p\u00fablico.<\/p>\n\n\n\n<p>A titular da Semdec, Mila Paes, explicou as premissas adotadas para a confec\u00e7\u00e3o do plano, que envolveu participa\u00e7\u00e3o da Casa Civil, Secretaria de Mobilidade (Semob) e lideran\u00e7a de setores econ\u00f4micos. \u201cA tomada de decis\u00e3o seguiu crit\u00e9rios t\u00e9cnicos e cient\u00edficos, pautados por indicadores epidemiol\u00f3gicos relativos \u00e0 intensidade de transmiss\u00e3o e isolamento social, assim como pela capacidade instalada do sistema de sa\u00fade. Toda decis\u00e3o ter\u00e1 seus resultados monitorados, de forma a permitir, se necess\u00e1rio, rea\u00e7\u00e3o r\u00e1pida na altera\u00e7\u00e3o das medidas implantadas\u201d, assegurou Mila.<\/p>\n\n\n\n<p>Entre os principais crit\u00e9rios estudados, acrescentou a gestora, foi identificar a circula\u00e7\u00e3o dos trabalhadores de cada setor econ\u00f4mico, levando em conta os hor\u00e1rios de pico no transporte p\u00fablico. Isso foi poss\u00edvel gra\u00e7as a um sistema de dados colhidos do Salvador Card, cart\u00e3o de passagem disponibilizado pelas empresas ao empregado, que permitiu tra\u00e7ar o fluxo de passageiros diariamente.<\/p>\n\n\n\n<p><strong>Fases&nbsp;<\/strong>\u2013 S\u00e3o quatro as fases do plano de retomada. A roxa, que \u00e9 a qual Salvador est\u00e1 atualmente, possui apenas atividades essenciais abertas. A vermelha, a ser iniciada a partir de segunda (5), prev\u00ea a retomada dos servi\u00e7os n\u00e3o essenciais de forma escalonada, suspens\u00e3o de alguns setores por pelo menos dois dias da semana e altera\u00e7\u00e3o do hor\u00e1rio do toque de recolher, que sair\u00e1 de 18h \u00e0s 5h para 20h \u00e0s 5h.<\/p>\n\n\n\n<p>Nessa mesma fase funcionar\u00e3o todos os dias os servi\u00e7os de sa\u00fade, supermercados, panificadoras, delicatessens, a\u00e7ougues e conveni\u00eancias, farm\u00e1cias e drogarias, ag\u00eancias banc\u00e1rias, lot\u00e9ricas, laborat\u00f3rios de an\u00e1lises cl\u00ednicas, postos de combust\u00edveis, call centers, oficinas mec\u00e2nicas e borracharias, cemit\u00e9rios e servi\u00e7os funer\u00e1rios, hot\u00e9is, pousadas e demais estabelecimentos de alojamento, academias de gin\u00e1stica e similares, cursos livres, templos religiosos e igrejas.<\/p>\n\n\n\n<p>Tamb\u00e9m estar\u00e3o liberados a funcionar, s\u00f3 que de segunda a sexta, atividades da constru\u00e7\u00e3o civil (7h \u00e0s 16h), cl\u00ednicas de est\u00e9tica (7h \u00e0s 15h), ind\u00fastria (7h \u00e0s 15h), funcionalismo p\u00fablico n\u00e3o essencial (9h \u00e0s 16h), escrit\u00f3rios administrativos, contabilidades, consultoria e similares (10h \u00e0s 17h), escrit\u00f3rios de advocacia (10h \u00e0s 17h) e autoescolas (10h \u00e0s 19h).<\/p>\n\n\n\n<p>De ter\u00e7a a s\u00e1bado poder\u00e3o funcionar com\u00e9rcio de rua (de 10h \u00e0s 18h, sendo que aos s\u00e1bados esses estabelecimentos estar\u00e3o livres para abrir qualquer hor\u00e1rio), shoppings centers, centros comerciais e semelhantes (de 10h \u00e0s 19h, sendo que os prestadores de servi\u00e7os localizados nesses locais devem obedecer ao hor\u00e1rio dos centros de compras), barbearias, sal\u00f5es de beleza e similares (10h \u00e0s 18h).<\/p>\n\n\n\n<p>De quarta a domingo est\u00e3o liberados para abrir restaurantes e bares, das 10h \u00e0s 20h. Os estabelecimentos instalados em shoppings devem obedecer ao fechamento dos centros de compras, que \u00e9 \u00e0s 19h, exceto quando houver entrada independente, que, a\u00ed sim, ficar\u00e1 sob o regime do pr\u00f3prio setor. As lanchonetes poder\u00e3o abrir de 7h \u00e0s 15h.&nbsp;<\/p>\n\n\n\n<p>Nessa fase vermelha continuar\u00e3o fechados centros culturais, museus e galerias de arte, clubes sociais, recreativos e esportivos, cinemas, teatros, espa\u00e7os de eventos sociais (casamento, anivers\u00e1rio, bodas, formatura e similares), espa\u00e7os de eventos infantis, parques de divers\u00e3o e parques tem\u00e1ticos, campos e quadras p\u00fablicas, centro e espa\u00e7os de conven\u00e7\u00f5es, praias e parques.<\/p>\n\n\n\n<p>Por fim, as \u00faltimas duas fases do plano de retomada da economia s\u00e3o a amarela, na qual as atividades tamb\u00e9m seguir\u00e3o escalonamento, mas o toque de recolher passar\u00e1 a iniciar \u00e0s 23h; e a verde, que novamente prev\u00ea o com\u00e9rcio funcionando em dias e hor\u00e1rios espec\u00edficos, mas com o fim do toque de recolher.<\/p>\n\n\n\n<p><strong>Cen\u00e1rio da pandemia<\/strong>&nbsp;\u2013 A retomada das atividades leva em considera\u00e7\u00e3o a an\u00e1lise das autoridades de sa\u00fade, que demonstra a desacelera\u00e7\u00e3o da pandemia na capital. A m\u00e9dia m\u00f3vel de novos casos da doen\u00e7a, que compara os \u00faltimos sete dias em rela\u00e7\u00e3o a 14 dias atr\u00e1s, caiu 45%.<\/p>\n\n\n\n<p>Outro resultado positivo \u00e9 para&nbsp;a queda do fator RT, que mede quantas pessoas um determinado indiv\u00edduo pode infectar. Essa taxa atualmente \u00e9 de 0,69 (quando este n\u00famero est\u00e1 acima de 1 significa descontrole epidemiol\u00f3gico). O maior fator RT registrado neste um ano de crise sanit\u00e1ria provocada pelo Sars-CoV-2 foi em abril de 2020, com \u00edndice de 1,64.<\/p>\n\n\n\n<p>Houve, ainda, redu\u00e7\u00e3o de 1.671 casos ativos, no comparativo entre os dias 26 de fevereiro e 23 de mar\u00e7o. J\u00e1 a velocidade de crescimento de casos esperada para a capital baiana, que era de 0,58%, ficou em 0,38%, abaixo da m\u00e9dia nacional.<\/p>\n\n\n\n<p>A ocupa\u00e7\u00e3o de leitos de UTI exclusivos para a Covid-19 dispon\u00edveis nas redes municipal, estadual e privada contratualizada est\u00e1 em 82% e tamb\u00e9m segue em queda. No total s\u00e3o 789 vagas de terapia intensiva em funcionamento, frente \u00e0s 692 que haviam no ano passado.<\/p>\n\n\n\n<p>O prefeito tamb\u00e9m destacou que, entre os principais dados analisados para a reabertura das atividades comerciais suspensas, est\u00e1 o volume de pacientes em UPAs aguardando por regula\u00e7\u00e3o para leito em hospitais de refer\u00eancia. Ele lembrou que os momentos mais cr\u00edticos da pandemia em Salvador foram registrados em meados do m\u00eas passado.<\/p>\n\n\n\n<p>Na s\u00e9rie hist\u00f3rica contada desde o dia 26 de fevereiro, o dia 15 de mar\u00e7o foi o pior, ocasi\u00e3o em que 137 pessoas estavam nas UPAs aguardando regula\u00e7\u00e3o. Bem diferente do atual cen\u00e1rio: ontem (31), apenas 13 pacientes estavam \u00e0 espera de transfer\u00eancia para leitos cl\u00ednicos e de UTI.<\/p>\n\n\n\n<p>\u201cEvitamos o colapso na sa\u00fade, embora n\u00e3o possa afirmar que estamos livres disso se n\u00e3o mantivermos o isolamento social. Por\u00e9m, neste momento, este \u00e9 o cen\u00e1rio que nos d\u00e1 tranquilidade e conforto para tomar as decis\u00f5es de reabertura do com\u00e9rcio\u201d, disse Bruno Reis.<\/p>\n\n\n\n<p>O chefe do Executivo municipal ressaltou a import\u00e2ncia do processo de vacina\u00e7\u00e3o para o controle da pandemia. Salvador tem atualmente 12,57% da popula\u00e7\u00e3o imunizada, totalizando mais de 362 mil pessoas. A cidade ocupa a segunda posi\u00e7\u00e3o no ranking nacional, tendo m\u00e9dia de vacinados superior ao pa\u00eds, que tem 8%.<\/p>\n","protected":false},"excerpt":{"rendered":"<p>Um m\u00eas ap\u00f3s Salvador passar por medidas mais restritivas para conter a propaga\u00e7\u00e3o do coronav\u00edrus, quase todas as atividades consideradas n\u00e3o essenciais e que foram suspensas [&hellip;]<\/p>\n","protected":false},"author":1,"featured_media":0,"comment_status":"open","ping_status":"open","sticky":false,"template":"","format":"standard","meta":{"footnotes":""},"categories":[80,11],"tags":[],"class_list":["post-22582","post","type-post","status-publish","format-standard","hentry","category-home","category-me-informo"],"_links":{"self":[{"href":"https:\/\/blogs.correio24horas.com.br\/mesalte\/wp-json\/wp\/v2\/posts\/22582","targetHints":{"allow":["GET"]}}],"collection":[{"href":"https:\/\/blogs.correio24horas.com.br\/mesalte\/wp-json\/wp\/v2\/posts"}],"about":[{"href":"https:\/\/blogs.correio24horas.com.br\/mesalte\/wp-json\/wp\/v2\/types\/post"}],"author":[{"embeddable":true,"href":"https:\/\/blogs.correio24horas.com.br\/mesalte\/wp-json\/wp\/v2\/users\/1"}],"replies":[{"embeddable":true,"href":"https:\/\/blogs.correio24horas.com.br\/mesalte\/wp-json\/wp\/v2\/comments?post=22582"}],"version-history":[{"count":1,"href":"https:\/\/blogs.correio24horas.com.br\/mesalte\/wp-json\/wp\/v2\/posts\/22582\/revisions"}],"predecessor-version":[{"id":22583,"href":"https:\/\/blogs.correio24horas.com.br\/mesalte\/wp-json\/wp\/v2\/posts\/22582\/revisions\/22583"}],"wp:attachment":[{"href":"https:\/\/blogs.correio24horas.com.br\/mesalte\/wp-json\/wp\/v2\/media?parent=22582"}],"wp:term":[{"taxonomy":"category","embeddable":true,"href":"https:\/\/blogs.correio24horas.com.br\/mesalte\/wp-json\/wp\/v2\/categories?post=22582"},{"taxonomy":"post_tag","embeddable":true,"href":"https:\/\/blogs.correio24horas.com.br\/mesalte\/wp-json\/wp\/v2\/tags?post=22582"}],"curies":[{"name":"wp","href":"https:\/\/api.w.org\/{rel}","templated":true}]}}