{"id":22569,"date":"2021-03-29T17:02:22","date_gmt":"2021-03-29T20:02:22","guid":{"rendered":"https:\/\/blogs.correio24horas.com.br\/mesalte\/?p=22569"},"modified":"2021-03-29T17:04:42","modified_gmt":"2021-03-29T20:04:42","slug":"coletivo-de-drags-negras-estreia-espetaculo-no-aniversario-de-salvador","status":"publish","type":"post","link":"https:\/\/blogs.correio24horas.com.br\/mesalte\/coletivo-de-drags-negras-estreia-espetaculo-no-aniversario-de-salvador\/","title":{"rendered":"Coletivo de drags negras estreia espet\u00e1culo no anivers\u00e1rio de Salvador"},"content":{"rendered":"\n<p>O espet\u00e1culo &#8220;Bonecas Pretas: um presente para Salvador&#8221; tem estreia marcada para esta segunda-feira (29), \u00e0s 19h, dia do anivers\u00e1rio da cidade de Salvador, capital da Bahia. <\/p>\n\n\n\n<p>A iniciativa valoriza corpos negros LGBTQIA+ e perif\u00e9ricos da cidade de Salvador e tem a inten\u00e7\u00e3o de transformar o conceito de entretenimento dos shows de drag queens trazendo para o palco um conceito artivista de fazer arte e pol\u00edtica, com forte engajamento contras opress\u00f5es de g\u00eanero, ra\u00e7a e classe. O espet\u00e1culo pode ser visto por todos os tipos de p\u00fablico com faixa et\u00e1ria a partir dos 16 anos, mas com certeza ir\u00e1 agradar, em especial, pessoas com posicionamento pol\u00edtico a respeito dos chamados \u201cmarcadores das diferen\u00e7as\u201d.<\/p>\n\n\n\n<center><iframe loading=\"lazy\" width=\"560\" height=\"315\" src=\"https:\/\/www.youtube.com\/embed\/QJ--u9LwrNM\" title=\"YouTube video player\" frameborder=\"0\" allow=\"accelerometer; autoplay; clipboard-write; encrypted-media; gyroscope; picture-in-picture\" allowfullscreen><\/iframe><\/center>\n\n\n\n<p>O &#8220;Bonecas Pretas: um presente para Salvador&#8221; tem uma hora e meia de dura\u00e7\u00e3o, aproximadamente, e utiliza v\u00e1rias linguagens como dublagem, dan\u00e7a, audiovisual, poesia. O show come\u00e7a com a m\u00fasica \u201cAlready\u201d da cantora estadunidense Beyonc\u00e9 que tamb\u00e9m \u00e9 a can\u00e7\u00e3o do clipe lan\u00e7ado no dia 11 de mar\u00e7o. Em seguida, no primeiro intervalo, o espet\u00e1culo interpreta um serie de fragmentos de poesias compostas por mulheres negras.<\/p>\n\n\n\n<p>Na segunda parte, o show traz refer\u00eancias das\nartistas das dissid\u00eancias de g\u00eanero e sexualidade com performances realizadas\nao som de cantoras como Ludmilla e Linn da\nQuebrada. As m\u00fasicas falam de travestilidade, respeito aos corpos fora da\nnorma. Neste momento, tamb\u00e9m acontece uma homenagem aos blocos afro e\nrefer\u00eancia direta \u00e0s deusas do \u00e9bano, uma das&nbsp;\nmarcas do bloco afro Il\u00ea Aiy\u00ea. O espet\u00e1culo encerra com a can\u00e7\u00e3o \u201cA\nlenda das sereias\u201d na voz de v\u00e1rias mulheres negras.<\/p>\n\n\n\n<p>\u201cA perspectiva do espet\u00e1culo \u00e9 tratar de maneira l\u00fadica quest\u00f5es como: racismo estrutural, viol\u00eancia contra a mulher, LGBTfobia, capacitismo, gordofobia e o direito de corpos dissidentes serem representados de forma humanizada\u201d, explica David Souza, coordenador do projeto. <\/p>\n\n\n\n<p>\u201cA proposta do Coletivo Bonecas Pretas \u00e9 tratar desses temas de forma interdisciplinar, conectando diversas \u00e1reas do saber como teatro, dan\u00e7a e m\u00fasica, totalmente ancorada na ideia de ancestralidade afro-brasileira\u201d, completa.<\/p>\n\n\n\n<p>A prepara\u00e7\u00e3o do projeto aconteceu em diversas\nfases que incluiu atualiza\u00e7\u00e3o do repert\u00f3rio, confec\u00e7\u00e3o de figurinos, ensaios,\ngrava\u00e7\u00e3o de um novo clipe, al\u00e9m do show editado que entrar\u00e1 no ar no dia 29 de\nmar\u00e7o. Com o projeto, as pessoas que fazem parte do Coletivo pretendem colocar\na arte Drag\/Transformista \u00e0 servi\u00e7o das discuss\u00f5es das quest\u00f5es raciais, de\ng\u00eanero e sexualidade atrav\u00e9s das viv\u00eancias de seus atores buscando a\nvaloriza\u00e7\u00e3o de suas negritudes e o direito de ser e existir no mundo.<\/p>\n\n\n\n<p>Al\u00e9m disso, o espet\u00e1culo Bonecas Pretas: um presente para Salvador pretende valorizar a cena drag ou transformista que sempre foi entendida como uma arte menor, principalmente por ser feita por artistas negros e, na maioria dos casos, por pessoas LGBT. Nos \u00faltimos tr\u00eas anos, na cidade de Salvador, diversos coletivos que trabalham com a arte drag, alguns deles formados por pessoas com ensino superior como m\u00e9dicos, engenheiros, arquitetos, designers e que circulam dentro da classe m\u00e9dia da cidade e t\u00eam acesso a espa\u00e7os LGBT como boates. Ao passo que o Coletivo Bonecas Pretas s\u00f3 realiza apresenta\u00e7\u00f5es nas casas nas quais elas j\u00e1 se apresentavam sozinhas, o que demonstra que o racismo tamb\u00e9m opera de forma contundente dentro desse segmento.<\/p>\n\n\n\n<p>O projeto tem apoio financeiro do Estado da Bahia atrav\u00e9s da Secretaria de Cultura e do Centro de Culturas Populares e Identit\u00e1rias &#8211;\u00a0 CCPI (Programa Aldir Blanc Bahia), via Lei Aldir Blanc, direcionada pela Secretaria Especial da Cultura do Minist\u00e9rio do Turismo, Governo Federal.<\/p>\n\n\n\n<h2 class=\"wp-block-heading\"><strong>Ficha T\u00e9cnica<\/strong><\/h2>\n\n\n\n<p><strong>Bonecas Pretas: um presente para Salvador<\/strong><br>Coordena\u00e7\u00e3o: Vagner Cerqueira<br>Produ\u00e7\u00e3o: David souza<br>Elenco: <br>Samukka Carvalho &#8211; Alegandra Dellavega.<br>Anderson Dantas \u2013 Dandara.<br>Vagner Cerqueira &#8211; Ferah Sunshine.<br>Elvis Barbosa &#8211; Sasha Heels.<br>Elieser Lima &#8211; Saphira Luzz.<br>Everton Menezes &#8211; Suzzy D&#8217;costa.<br>Figurino: Ateli\u00ea Fabulous \/ Loulou Couture.<br>M\u00fasica: Already (Beyonc\u00e9).<br>Filme: Kalunart.<br>Dire\u00e7\u00e3o: Inag\u00ea Kalun\u00e3.<br>Assistente: Bruce.<br>Fotografia\/Montagem: Inag\u00ea Kalun\u00e3.<\/p>\n\n\n\n<h2 class=\"wp-block-heading\"><strong>Servi\u00e7o<\/strong><\/h2>\n\n\n\n<p><strong>O qu\u00ea: <\/strong>Espet\u00e1culo \u201cBonecas Pretas: um presente para Salvador\u201d<br><strong>Quando: <\/strong>dia 29 de mar\u00e7o de 2021 \u2013 19h (estreia)<br><strong>Onde:<\/strong> No canal do YouTube do Coletivo Bonecas Pretas <a href=\"https:\/\/www.youtube.com\/coletivobonecaspretas\">https:\/\/www.youtube.com\/coletivobonecaspretas<\/a> <\/p>\n","protected":false},"excerpt":{"rendered":"<p>O espet\u00e1culo &#8220;Bonecas Pretas: um presente para Salvador&#8221; tem estreia marcada para esta segunda-feira (29), \u00e0s 19h, dia do anivers\u00e1rio da cidade de Salvador, capital da [&hellip;]<\/p>\n","protected":false},"author":2,"featured_media":22571,"comment_status":"open","ping_status":"open","sticky":false,"template":"","format":"image","meta":{"footnotes":""},"categories":[80,9],"tags":[1078,2210,2183],"class_list":["post-22569","post","type-post","status-publish","format-image","has-post-thumbnail","hentry","category-home","category-me-orgulho","tag-bonecas-pretas","tag-bonecas-pretas-um-presente-para-salvador","tag-coletivo-bonecas-pretas","post_format-post-format-image"],"_links":{"self":[{"href":"https:\/\/blogs.correio24horas.com.br\/mesalte\/wp-json\/wp\/v2\/posts\/22569","targetHints":{"allow":["GET"]}}],"collection":[{"href":"https:\/\/blogs.correio24horas.com.br\/mesalte\/wp-json\/wp\/v2\/posts"}],"about":[{"href":"https:\/\/blogs.correio24horas.com.br\/mesalte\/wp-json\/wp\/v2\/types\/post"}],"author":[{"embeddable":true,"href":"https:\/\/blogs.correio24horas.com.br\/mesalte\/wp-json\/wp\/v2\/users\/2"}],"replies":[{"embeddable":true,"href":"https:\/\/blogs.correio24horas.com.br\/mesalte\/wp-json\/wp\/v2\/comments?post=22569"}],"version-history":[{"count":2,"href":"https:\/\/blogs.correio24horas.com.br\/mesalte\/wp-json\/wp\/v2\/posts\/22569\/revisions"}],"predecessor-version":[{"id":22574,"href":"https:\/\/blogs.correio24horas.com.br\/mesalte\/wp-json\/wp\/v2\/posts\/22569\/revisions\/22574"}],"wp:featuredmedia":[{"embeddable":true,"href":"https:\/\/blogs.correio24horas.com.br\/mesalte\/wp-json\/wp\/v2\/media\/22571"}],"wp:attachment":[{"href":"https:\/\/blogs.correio24horas.com.br\/mesalte\/wp-json\/wp\/v2\/media?parent=22569"}],"wp:term":[{"taxonomy":"category","embeddable":true,"href":"https:\/\/blogs.correio24horas.com.br\/mesalte\/wp-json\/wp\/v2\/categories?post=22569"},{"taxonomy":"post_tag","embeddable":true,"href":"https:\/\/blogs.correio24horas.com.br\/mesalte\/wp-json\/wp\/v2\/tags?post=22569"}],"curies":[{"name":"wp","href":"https:\/\/api.w.org\/{rel}","templated":true}]}}