{"id":22566,"date":"2021-03-27T01:27:26","date_gmt":"2021-03-27T04:27:26","guid":{"rendered":"https:\/\/blogs.correio24horas.com.br\/mesalte\/?p=22566"},"modified":"2021-03-27T01:27:29","modified_gmt":"2021-03-27T04:27:29","slug":"xuxa-defende-testes-de-produtos-em-prisioneiros-para-poupar-animais-que-sirvam-para-alguma-coisa","status":"publish","type":"post","link":"https:\/\/blogs.correio24horas.com.br\/mesalte\/xuxa-defende-testes-de-produtos-em-prisioneiros-para-poupar-animais-que-sirvam-para-alguma-coisa\/","title":{"rendered":"Xuxa defende testes de produtos em prisioneiros para poupar animais: &#8216;que sirvam para alguma coisa&#8217;"},"content":{"rendered":"\n<p>\n\nA apresentadora Xuxa Meneghel causou pol\u00eamica, na noite desta sexta (26), ao defender que rem\u00e9dios e vacinas sejam testados em presidi\u00e1rios. Xuxa disse que desta forma &#8220;pelo menos eles serviriam para alguma coisa&#8221;.<\/p>\n\n\n\n<p>O coment\u00e1rio foi feito em uma live da Assembleia Legislativa do Estado do Rio de Janeiro. O tema era defesa dos animais, causa defendida pela apresentadora. Xuxa deu a \u201csugest\u00e3o\u201d no momento em que falava sobre testes feitos em animais. <\/p>\n\n\n\n<p><a href=\"https:\/\/www.instagram.com\/p\/CM6JqqdFvU-\/\">VEJA O TRECHO DO V\u00cdDEO ONDE A APRESENTADORA FAZ A DECLARA\u00c7\u00c3O POL\u00caMICA <\/a><\/p>\n\n\n\n<p>\n\nDurante a conversa, Xuxa disse entender que em rela\u00e7\u00e3o a testes de vacina, por se tratar de uma quest\u00e3o de \u201cvida ou morte\u201d, os testes aconte\u00e7am em bichos. Mas em rela\u00e7\u00e3o a cosm\u00e9ticos, ela se mostrou contr\u00e1ria e seguiu em uma linha de pensamento que chegou ao coment\u00e1rio sobre os presos. Quando falou sobre testes com rem\u00e9dios, a apresentadora ent\u00e3o falou sobre sua ideia.&nbsp;Xuxa chegou a dizer que o coment\u00e1rio soaria desumano para algumas pessoas.<\/p>\n\n\n\n<p>&#8220;Acho que as pessoas t\u00eam que usar mais esse caminho e n\u00e3o o que \u00e9 mais f\u00e1cil, (que \u00e9) pegar um macaquinho e vamos ver o que acontece, vamos pegar um bicho para ver o que acontece com o pelo do bicho, ou no olho, enfim&#8230;acho tamb\u00e9m que com rem\u00e9dios e coisas, eu tenho um pensamento que pode parecer muito ruim para as pessoas, que pode parecer desumano. Na minha opini\u00e3o, eu acho que existem muitas pessoas que fizeram muitas coisas erradas que est\u00e3o a\u00ed pagando seus erros em ad eternum, para sempre em pris\u00e3o, que poderiam ajudar nesses casos a\u00ed, de pessoas para experimentos. Acho que pelo menos eles serviriam para alguma coisa antes de morrer, entendeu?. Para ajudar a salvar vidas, com rem\u00e9dios, tudo.&#8221;<\/p>\n\n\n\n<p>Ela ainda admitiu que a fala era problem\u00e1tica. &#8220;Vai vir um pessoal que \u00e9 dos direitos humanos e vai dizer: &#8216;N\u00e3o, eles n\u00e3o podem ser usados'&#8221;, disse.<br><br>A apresentadora seguiu falando sobre a quest\u00e3o, indicando que no seu ponto de vista isso deveria ocorrer em pessoas que cumprem penas muito longas.<\/p>\n\n\n\n<p>&#8220;Se s\u00e3o pessoas que j\u00e1 est\u00e3o provados (sic) que v\u00e3o viver 60 anos na cadeia, 50 anos na cadeia, e v\u00e3o morrer l\u00e1, acho que poderiam usar um pouco da vida delas pelo menos para ajudar algumas pessoas, provando rem\u00e9dios, provando vacinas, provando tudo nessas pessoas para ver se funciona, entendeu? Essa \u00e9 a minha opini\u00e3o, j\u00e1 que vai ter que morrer na cadeia, que pelo menos sirva para ajudar em alguma coisa.&#8221;<\/p>\n\n\n\n<p>Apesar de Xuxa ter citado penas acima de 50 anos, no Brasil a pena m\u00e1xima de pris\u00e3o \u00e9 de 40 anos, conforme lei sancionada em 2019, pelo presidente Jair Bolsonaro. Anteriormente, a pena m\u00e1xima no Brasil era de 30 anos.&nbsp;<\/p>\n\n\n\n<p>A fala de Xuxa causou uma forte rea\u00e7\u00e3o na internet. Nas redes sociais, personalidades, pol\u00edticos, influenciadores e\u00a0lideran\u00e7as negras criticaram a fala da apresentadora. O v\u00eddeo da live foi deletado do instagram da Alerj. <\/p>\n","protected":false},"excerpt":{"rendered":"<p>A apresentadora Xuxa Meneghel causou pol\u00eamica, na noite desta sexta (26), ao defender que rem\u00e9dios e vacinas sejam testados em presidi\u00e1rios. Xuxa disse que desta forma [&hellip;]<\/p>\n","protected":false},"author":1,"featured_media":22567,"comment_status":"open","ping_status":"open","sticky":false,"template":"","format":"standard","meta":{"footnotes":""},"categories":[80,11],"tags":[2209,2208,416],"class_list":["post-22566","post","type-post","status-publish","format-standard","has-post-thumbnail","hentry","category-home","category-me-informo","tag-presos","tag-vacina","tag-xuxa"],"_links":{"self":[{"href":"https:\/\/blogs.correio24horas.com.br\/mesalte\/wp-json\/wp\/v2\/posts\/22566","targetHints":{"allow":["GET"]}}],"collection":[{"href":"https:\/\/blogs.correio24horas.com.br\/mesalte\/wp-json\/wp\/v2\/posts"}],"about":[{"href":"https:\/\/blogs.correio24horas.com.br\/mesalte\/wp-json\/wp\/v2\/types\/post"}],"author":[{"embeddable":true,"href":"https:\/\/blogs.correio24horas.com.br\/mesalte\/wp-json\/wp\/v2\/users\/1"}],"replies":[{"embeddable":true,"href":"https:\/\/blogs.correio24horas.com.br\/mesalte\/wp-json\/wp\/v2\/comments?post=22566"}],"version-history":[{"count":1,"href":"https:\/\/blogs.correio24horas.com.br\/mesalte\/wp-json\/wp\/v2\/posts\/22566\/revisions"}],"predecessor-version":[{"id":22568,"href":"https:\/\/blogs.correio24horas.com.br\/mesalte\/wp-json\/wp\/v2\/posts\/22566\/revisions\/22568"}],"wp:featuredmedia":[{"embeddable":true,"href":"https:\/\/blogs.correio24horas.com.br\/mesalte\/wp-json\/wp\/v2\/media\/22567"}],"wp:attachment":[{"href":"https:\/\/blogs.correio24horas.com.br\/mesalte\/wp-json\/wp\/v2\/media?parent=22566"}],"wp:term":[{"taxonomy":"category","embeddable":true,"href":"https:\/\/blogs.correio24horas.com.br\/mesalte\/wp-json\/wp\/v2\/categories?post=22566"},{"taxonomy":"post_tag","embeddable":true,"href":"https:\/\/blogs.correio24horas.com.br\/mesalte\/wp-json\/wp\/v2\/tags?post=22566"}],"curies":[{"name":"wp","href":"https:\/\/api.w.org\/{rel}","templated":true}]}}