{"id":22554,"date":"2021-03-22T13:08:12","date_gmt":"2021-03-22T16:08:12","guid":{"rendered":"https:\/\/blogs.correio24horas.com.br\/mesalte\/?p=22554"},"modified":"2021-03-22T13:08:13","modified_gmt":"2021-03-22T16:08:13","slug":"conselho-municipal-lgbt-e-instalado-em-salvador","status":"publish","type":"post","link":"https:\/\/blogs.correio24horas.com.br\/mesalte\/conselho-municipal-lgbt-e-instalado-em-salvador\/","title":{"rendered":"Conselho Municipal LGBT \u00e9 instalado em Salvador"},"content":{"rendered":"\n<p>Salvador instalou, na semana passada, o Conselho Municipal de Promo\u00e7\u00e3o e Defesa dos Direitos LGBT+, vinculado \u00e0 Secretaria Municipal da Repara\u00e7\u00e3o (Semur). Com a presen\u00e7a da dirigente da pasta, Ivete Sacramento, al\u00e9m dos membros titulares e suplentes, a primeira reuni\u00e3o ordin\u00e1ria aconteceu de forma virtual na quinta-feira (18), devido \u00e0 pandemia de Covid-19. Na ocasi\u00e3o, foi eleita a elei\u00e7\u00e3o da diretoria executiva do Conselho para o bi\u00eanio 2021-2022.<\/p>\n\n\n\n<p>No encontro, tamb\u00e9m foi apresentado e aprovado o regimento interno do conselho, elaborado por uma comiss\u00e3o da entidade, designada pela Semur. A diretoria executiva \u00e9 composta por Walter Pinto J\u00fanior como presidente, representando o segmento do poder p\u00fablico; Alexsandra Leitte como vice-presidenta e Jos\u00e9 Jorge Neris dos Santos como secret\u00e1rio executivo, ambos representantes da sociedade civil.<\/p>\n\n\n\n<p>O conselho tem por finalidade garantir o cumprimento dos direitos e da representa\u00e7\u00e3o das pessoas LGBTQIA+. Tamb\u00e9m atua no est\u00edmulo e acompanhamento das pol\u00edticas p\u00fablicas voltadas para o combate \u00e0 discrimina\u00e7\u00e3o e a promo\u00e7\u00e3o da igualdade e respeito \u00e0 diversidade de g\u00eanero e orienta\u00e7\u00e3o sexual.<\/p>\n\n\n\n<p>O presidente eleito destacou a miss\u00e3o do conselho. \u201cEsse ser\u00e1 um mandato diverso e coletivo, no qual teremos o desafio de implementar, junto \u00e0 Semur, as iniciativas do Plano Municipal de Pol\u00edticas P\u00fablicas de Cidadania e Direitos LGBT+. Seguran\u00e7a \u00e0 vida, respeito \u00e0 diversidade, dignidade e equidade s\u00e3o os valores que defendemos\u201d, declarou Walter Pinto J\u00fanior. O termo de posse dos conselheiros dever\u00e1 ser assinado nos pr\u00f3ximos dias.<\/p>\n","protected":false},"excerpt":{"rendered":"<p>Salvador instalou, na semana passada, o Conselho Municipal de Promo\u00e7\u00e3o e Defesa dos Direitos LGBT+, vinculado \u00e0 Secretaria Municipal da Repara\u00e7\u00e3o (Semur). Com a presen\u00e7a da [&hellip;]<\/p>\n","protected":false},"author":1,"featured_media":21419,"comment_status":"open","ping_status":"open","sticky":false,"template":"","format":"standard","meta":{"footnotes":""},"categories":[80,9],"tags":[],"class_list":["post-22554","post","type-post","status-publish","format-standard","has-post-thumbnail","hentry","category-home","category-me-orgulho"],"_links":{"self":[{"href":"https:\/\/blogs.correio24horas.com.br\/mesalte\/wp-json\/wp\/v2\/posts\/22554","targetHints":{"allow":["GET"]}}],"collection":[{"href":"https:\/\/blogs.correio24horas.com.br\/mesalte\/wp-json\/wp\/v2\/posts"}],"about":[{"href":"https:\/\/blogs.correio24horas.com.br\/mesalte\/wp-json\/wp\/v2\/types\/post"}],"author":[{"embeddable":true,"href":"https:\/\/blogs.correio24horas.com.br\/mesalte\/wp-json\/wp\/v2\/users\/1"}],"replies":[{"embeddable":true,"href":"https:\/\/blogs.correio24horas.com.br\/mesalte\/wp-json\/wp\/v2\/comments?post=22554"}],"version-history":[{"count":1,"href":"https:\/\/blogs.correio24horas.com.br\/mesalte\/wp-json\/wp\/v2\/posts\/22554\/revisions"}],"predecessor-version":[{"id":22555,"href":"https:\/\/blogs.correio24horas.com.br\/mesalte\/wp-json\/wp\/v2\/posts\/22554\/revisions\/22555"}],"wp:featuredmedia":[{"embeddable":true,"href":"https:\/\/blogs.correio24horas.com.br\/mesalte\/wp-json\/wp\/v2\/media\/21419"}],"wp:attachment":[{"href":"https:\/\/blogs.correio24horas.com.br\/mesalte\/wp-json\/wp\/v2\/media?parent=22554"}],"wp:term":[{"taxonomy":"category","embeddable":true,"href":"https:\/\/blogs.correio24horas.com.br\/mesalte\/wp-json\/wp\/v2\/categories?post=22554"},{"taxonomy":"post_tag","embeddable":true,"href":"https:\/\/blogs.correio24horas.com.br\/mesalte\/wp-json\/wp\/v2\/tags?post=22554"}],"curies":[{"name":"wp","href":"https:\/\/api.w.org\/{rel}","templated":true}]}}