{"id":22548,"date":"2021-03-22T11:46:49","date_gmt":"2021-03-22T14:46:49","guid":{"rendered":"https:\/\/blogs.correio24horas.com.br\/mesalte\/?p=22548"},"modified":"2021-03-23T18:54:52","modified_gmt":"2021-03-23T21:54:52","slug":"mercado-de-trabalho-para-populacao-trans-e-tema-de-live-da-associacao-baiana-do-mercado-publicitario","status":"publish","type":"post","link":"https:\/\/blogs.correio24horas.com.br\/mesalte\/mercado-de-trabalho-para-populacao-trans-e-tema-de-live-da-associacao-baiana-do-mercado-publicitario\/","title":{"rendered":"Mercado de trabalho para popula\u00e7\u00e3o trans \u00e9 tema de live  da Associa\u00e7\u00e3o Baiana do Mercado Publicit\u00e1rio"},"content":{"rendered":"\n<p>A car\u00eancia de oportunidades no mercado de trabalho para pessoas trans e presen\u00e7a do preconceito s\u00e3o tema de live  da Associa\u00e7\u00e3o Baiana do Mercado Publicit\u00e1rio desta ter\u00e7a-feira (23). <\/p>\n\n\n\n<p>De acordo com a Associa\u00e7\u00e3o Nacional de Travestis e Transexuais (Antra), cerca de 70% dos homens e mulheres transg\u00eaneros n\u00e3o conclui ensino m\u00e9dio e apenas 0,02% cursam o ensino superior. A prostitui\u00e7\u00e3o \u00e9, ainda segundo a Antra, o principal meio de subsist\u00eancia para quase 90% das mulheres trans, por exemplo. Na contram\u00e3o destes n\u00fameros, artistas e influenciadores trans ganham cada vez mais espa\u00e7o e voz na m\u00eddia e redes sociais denunciando a exclus\u00e3o deste p\u00fablico no cen\u00e1rio de oportunidades brasileiro.<\/p>\n\n\n\n<p>Junto a popula\u00e7\u00e3o trans, aliada neste prop\u00f3sito de valoriza\u00e7\u00e3o e inclus\u00e3o no mercado de trabalho, est\u00e1 Margot Azevedo, diretora da V\u00e9li, idealizadora do projeto Chama pra dan\u00e7ar e convidada do pr\u00f3ximo ABMPtalks, transmitido ao vivo na pr\u00f3xima ter\u00e7a-feira (23), \u00e0s 18h, pelo perfil da Associa\u00e7\u00e3o Baiana do Mercado Publicit\u00e1rio no Instagram (@abmpbahia). Com um tema que promete disrup\u00e7\u00f5es, \u201cDiversidade \u00e9 convidar pra festa. Inclus\u00e3o \u00e9 chamar pra dan\u00e7ar\u201d, a live tem media\u00e7\u00e3o de Diego Oliveira, CEO da Youpper Insights.<\/p>\n\n\n\n<p>\u201cO \u2018Chama Pra Dan\u00e7ar &#8211; Inclus\u00e3o e Diversidade\u2019 trata da empregabilidade da popula\u00e7\u00e3o trans no mercado de trabalho formal, que ainda apresenta muitos e grandes desafios. Estou na expectativa de falar sobre este contexto no ABMPtalks, narrar um pouco mais dos entraves, preconceito, discrimina\u00e7\u00e3o e, principalmente, os caminhos para transformarmos essa realidade\u201d, destaca Margot.<\/p>\n\n\n\n<p>SERVI\u00c7O<\/p>\n\n\n\n<p>ABMPtalks<br> Tema: Diversidade \u00e9 convidar pra festa. Inclus\u00e3o \u00e9 chamar pra dan\u00e7ar<br> Convidada: Margot Azevedo, diretora da V\u00e9li e idealizadora do projeto Chama Pra Dan\u00e7ar.<br> Quando: 23\/03, \u00e0s 18h.<br> Onde: perfil @abmpbahia, no Instagram.<br> Acesso: livre e gratuito.<br><br>Foto: D\u00e1rio Neto\/Divulga\u00e7\u00e3o<\/p>\n","protected":false},"excerpt":{"rendered":"<p>A car\u00eancia de oportunidades no mercado de trabalho para pessoas trans e presen\u00e7a do preconceito s\u00e3o tema de live da Associa\u00e7\u00e3o Baiana do Mercado Publicit\u00e1rio desta [&hellip;]<\/p>\n","protected":false},"author":1,"featured_media":22552,"comment_status":"open","ping_status":"open","sticky":false,"template":"","format":"standard","meta":{"footnotes":""},"categories":[80,26],"tags":[419,50],"class_list":["post-22548","post","type-post","status-publish","format-standard","has-post-thumbnail","hentry","category-home","category-me-inspiro","tag-mercado-de-trabalho","tag-trans"],"_links":{"self":[{"href":"https:\/\/blogs.correio24horas.com.br\/mesalte\/wp-json\/wp\/v2\/posts\/22548","targetHints":{"allow":["GET"]}}],"collection":[{"href":"https:\/\/blogs.correio24horas.com.br\/mesalte\/wp-json\/wp\/v2\/posts"}],"about":[{"href":"https:\/\/blogs.correio24horas.com.br\/mesalte\/wp-json\/wp\/v2\/types\/post"}],"author":[{"embeddable":true,"href":"https:\/\/blogs.correio24horas.com.br\/mesalte\/wp-json\/wp\/v2\/users\/1"}],"replies":[{"embeddable":true,"href":"https:\/\/blogs.correio24horas.com.br\/mesalte\/wp-json\/wp\/v2\/comments?post=22548"}],"version-history":[{"count":2,"href":"https:\/\/blogs.correio24horas.com.br\/mesalte\/wp-json\/wp\/v2\/posts\/22548\/revisions"}],"predecessor-version":[{"id":22562,"href":"https:\/\/blogs.correio24horas.com.br\/mesalte\/wp-json\/wp\/v2\/posts\/22548\/revisions\/22562"}],"wp:featuredmedia":[{"embeddable":true,"href":"https:\/\/blogs.correio24horas.com.br\/mesalte\/wp-json\/wp\/v2\/media\/22552"}],"wp:attachment":[{"href":"https:\/\/blogs.correio24horas.com.br\/mesalte\/wp-json\/wp\/v2\/media?parent=22548"}],"wp:term":[{"taxonomy":"category","embeddable":true,"href":"https:\/\/blogs.correio24horas.com.br\/mesalte\/wp-json\/wp\/v2\/categories?post=22548"},{"taxonomy":"post_tag","embeddable":true,"href":"https:\/\/blogs.correio24horas.com.br\/mesalte\/wp-json\/wp\/v2\/tags?post=22548"}],"curies":[{"name":"wp","href":"https:\/\/api.w.org\/{rel}","templated":true}]}}