{"id":22540,"date":"2021-03-15T16:21:56","date_gmt":"2021-03-15T19:21:56","guid":{"rendered":"https:\/\/blogs.correio24horas.com.br\/mesalte\/?p=22540"},"modified":"2021-03-21T16:31:37","modified_gmt":"2021-03-21T19:31:37","slug":"margareth-menezes-lanca-clipe-de-mulher-da-minha-vida","status":"publish","type":"post","link":"https:\/\/blogs.correio24horas.com.br\/mesalte\/margareth-menezes-lanca-clipe-de-mulher-da-minha-vida\/","title":{"rendered":"Margareth Menezes lan\u00e7a clipe de \u201cMulher da Minha Vida\u201d"},"content":{"rendered":"\n<p>A cantora baiana Margareth Menezes se une a outras dezessete mulheres potentes da cena cultural, liter\u00e1ria e art\u00edstica brasileira para um grito de liberdade, empoderamento e autoafirma\u00e7\u00e3o. A cantora e compositora acaba de lan\u00e7ar o clipe da m\u00fasica\u00a0\u201cMulher da Minha Vida\u201d, faixa do seu novo \u00e1lbum, o\u00a0\u201cAut\u00eantica\u201d, trabalho indicado ao Grammy Latino de 2020.\u00a0<\/p>\n\n\n\n<p>Como protagonistas no v\u00eddeo, pot\u00eancias femininas brasileiras que, junto com Margareth, vibram a for\u00e7a feminina: Aline Moraes, Astrid Fontenelle, Cleo Pires, Djamila Ribeiro, Duda Beat, Faf\u00e1 de Bel\u00e9m, Gaby Amarantos, Gilmel\u00e2ndia, Josyara, Luedji Luna, Marcia Castro, Marcia Short, Nany People, Pamela Lucciola, Simara, Sonia Guajajara e Z\u00e9ze Mota. O clipe est\u00e1 dispon\u00edvel no canal oficial de Margareth Menezes no YouTube.<\/p>\n\n\n\n<figure class=\"wp-block-embed-youtube wp-block-embed is-type-video is-provider-youtube wp-embed-aspect-16-9 wp-has-aspect-ratio\"><div class=\"wp-block-embed__wrapper\">\n<iframe loading=\"lazy\" title=\"Mulher da Minha Vida | Margareth Menezes | Aut\u00eantica (videoclipe oficial)\" width=\"1200\" height=\"675\" src=\"https:\/\/www.youtube.com\/embed\/fByw7TH29gw?feature=oembed\" frameborder=\"0\" allow=\"accelerometer; autoplay; clipboard-write; encrypted-media; gyroscope; picture-in-picture\" allowfullscreen><\/iframe>\n<\/div><\/figure>\n\n\n\n<p>Curiosamente escrita por dois homens, os compositores Gabriel Moura e Andr\u00e9 Lima, \u201cMulher da Minha Vida\u201d traz uma mensagem forte contra o machismo, destacando direitos fundamentais das mulheres e exaltando seu lugar de fala.&nbsp;<\/p>\n\n\n\n<p>Inteiramente produzido durante a pandemia, o videoclipe foi gravado remotamente, sem qualquer contato pessoal entre artista, convidadas e equipe. Dire\u00e7\u00e3o e produ\u00e7\u00e3o executiva s\u00e3o assinadas por Renata Franchini, a edi\u00e7\u00e3o \u00e9 de Icaro Souza (@coletivoIso314) e a dire\u00e7\u00e3o geral de Jaqueline Azevedo. Lan\u00e7ado durante a semana do Dia de Internacional da Mulher, comemorado no 8 de mar\u00e7o, o clipe \u00e9 uma celebra\u00e7\u00e3o \u00e0 data e ao que ela representa.&nbsp;<\/p>\n\n\n\n<p>A can\u00e7\u00e3o-tema integra o \u00e1lbum Aut\u00eantica, o mais novo trabalho de Margareth Menezes, lan\u00e7ado no final de 2019. Na grava\u00e7\u00e3o original, \u201cMulher da Minha Vida\u201d teve dire\u00e7\u00e3o musical de Renato Neto e Tito Oliveira, com arranjos, bateria, teclados e coprodu\u00e7\u00e3o de Renato Neto, guitarra de Conrado Goys, percuss\u00e3o de Tito Oliveira, com Vivian Vigilato&nbsp; e Andr\u00e9 Mota nos vocais, assist\u00eancia de produ\u00e7\u00e3o de Artur C\u00e9sar e Thiago &#8220;Big&#8221; Rabello como t\u00e9cnico de grava\u00e7\u00e3o.<\/p>\n\n\n\n<p>Produzido por Tito Oliveira e gravado em quatro cidades do mundo &#8211; Salvador, S\u00e3o Paulo, Nova Iorque e Paris -, o \u201cAut\u00eantica\u201d foi indicado ao Grammy Latino 2020 na categoria de Melhor \u00c1lbum de M\u00fasica de Ra\u00edzes em L\u00edngua Portuguesa.&nbsp;A obra passa por temas relacionados ao feminino, \u00e0s quest\u00f5es de negritude, e exalta a faceta compositora de Margareth, com 13 can\u00e7\u00f5es, entre autorais e de compositores parceiros.&nbsp;<\/p>\n","protected":false},"excerpt":{"rendered":"<p>A cantora baiana Margareth Menezes se une a outras dezessete mulheres potentes da cena cultural, liter\u00e1ria e art\u00edstica brasileira para um grito de liberdade, empoderamento e [&hellip;]<\/p>\n","protected":false},"author":2,"featured_media":22541,"comment_status":"open","ping_status":"open","sticky":false,"template":"","format":"image","meta":{"footnotes":""},"categories":[28,80],"tags":[839,2204],"class_list":["post-22540","post","type-post","status-publish","format-image","has-post-thumbnail","hentry","category-farofa-digital","category-home","tag-margareth-menezes","tag-mulher-da-minha-vida","post_format-post-format-image"],"_links":{"self":[{"href":"https:\/\/blogs.correio24horas.com.br\/mesalte\/wp-json\/wp\/v2\/posts\/22540","targetHints":{"allow":["GET"]}}],"collection":[{"href":"https:\/\/blogs.correio24horas.com.br\/mesalte\/wp-json\/wp\/v2\/posts"}],"about":[{"href":"https:\/\/blogs.correio24horas.com.br\/mesalte\/wp-json\/wp\/v2\/types\/post"}],"author":[{"embeddable":true,"href":"https:\/\/blogs.correio24horas.com.br\/mesalte\/wp-json\/wp\/v2\/users\/2"}],"replies":[{"embeddable":true,"href":"https:\/\/blogs.correio24horas.com.br\/mesalte\/wp-json\/wp\/v2\/comments?post=22540"}],"version-history":[{"count":1,"href":"https:\/\/blogs.correio24horas.com.br\/mesalte\/wp-json\/wp\/v2\/posts\/22540\/revisions"}],"predecessor-version":[{"id":22542,"href":"https:\/\/blogs.correio24horas.com.br\/mesalte\/wp-json\/wp\/v2\/posts\/22540\/revisions\/22542"}],"wp:featuredmedia":[{"embeddable":true,"href":"https:\/\/blogs.correio24horas.com.br\/mesalte\/wp-json\/wp\/v2\/media\/22541"}],"wp:attachment":[{"href":"https:\/\/blogs.correio24horas.com.br\/mesalte\/wp-json\/wp\/v2\/media?parent=22540"}],"wp:term":[{"taxonomy":"category","embeddable":true,"href":"https:\/\/blogs.correio24horas.com.br\/mesalte\/wp-json\/wp\/v2\/categories?post=22540"},{"taxonomy":"post_tag","embeddable":true,"href":"https:\/\/blogs.correio24horas.com.br\/mesalte\/wp-json\/wp\/v2\/tags?post=22540"}],"curies":[{"name":"wp","href":"https:\/\/api.w.org\/{rel}","templated":true}]}}