{"id":22501,"date":"2021-03-14T21:00:01","date_gmt":"2021-03-15T00:00:01","guid":{"rendered":"https:\/\/blogs.correio24horas.com.br\/mesalte\/?p=22501"},"modified":"2021-03-14T21:10:29","modified_gmt":"2021-03-15T00:10:29","slug":"viuva-de-marielle-franco-monica-benicio-diz-que-ha-inercia-nas-investigacoes-da-morte","status":"publish","type":"post","link":"https:\/\/blogs.correio24horas.com.br\/mesalte\/viuva-de-marielle-franco-monica-benicio-diz-que-ha-inercia-nas-investigacoes-da-morte\/","title":{"rendered":"Vi\u00fava de Marielle Franco diz que \u2018h\u00e1 in\u00e9rcia\u2019 nas investiga\u00e7\u00f5es da morte"},"content":{"rendered":"\n<p><em>Por D\u00e9bora Britto*<\/em><\/p>\n\n\n\n<p>Monica Ben\u00edcio estampou in\u00fameras manchetes de noticias, desde que se tornou vi\u00fava da vereadora carioca Marielle Franco (PSOL), em 14 de mar\u00e7o de 2018. Para al\u00e9m dos jornais, seu rosto e o punho erguido se tornaram uma das imagens de luta por justi\u00e7a por Marielle. Nas ruas, em manifesta\u00e7\u00f5es, eventos pol\u00edticos e acad\u00eamicos, a arquiteta rodou o Brasil e passou por diversos pa\u00edses para denunciar o assassinato de sua esposa como uma execu\u00e7\u00e3o pol\u00edtica. <\/p>\n\n\n\n<p>Monica adaptou uma sauda\u00e7\u00e3o tradicional em mem\u00f3ria a militantes que morrem: em vez de \u201cMarielle, presente!\u201d, pediu a milhares de pessoas que se juntassem a ela no grito \u201cMarielle, justi\u00e7a!\u201d. Desde o dia 1\u00ba de janeiro de 2021, o cen\u00e1rio em que ela travar\u00e1 a luta por justi\u00e7a \u00e9 outro. Com 22.919 votos, foi a 11\u00aa vereadora mais votada do Rio de Janeiro, pelo PSOL, com o compromisso inegoci\u00e1vel de defender as pautas da popula\u00e7\u00e3o LGBTI+ e das mulheres. <\/p>\n\n\n\n<p>\u00c0s v\u00e9speras de completar tr\u00eas anos da morte de Marielle e do motorista dela, Anderson Gomes, mas com investiga\u00e7\u00f5es ainda sem resposta, Monica Benicio ocupa uma cadeira no mesmo plen\u00e1rio em que sua esposa fazia pol\u00edtica e incomodava pessoas poderosas. E ela pretende continuar lutas iniciadas por Marielle e ir al\u00e9m: quer combater o fascismo e o bolsonarismo, afirma. \n\n<\/p>\n\n\n\n<p>Mas Monica n\u00e3o hesita em dizer que, antes mesmo de ser vereadora, o seu pr\u00f3prio corpo \u00e9 pol\u00edtico &#8211; mulher, de esquerda, defensora de direitos humanos, l\u00e9sbica e socialista. Por tudo isso, e pelo legado de Marielle, seu mandato promete ser resist\u00eancia em meio a um cen\u00e1rio pol\u00edtico hostil. <\/p>\n\n\n\n<p><a href=\"https:\/\/sites.google.com\/view\/manifestocomdefmulher\" target=\"_blank\" rel=\"noreferrer noopener\">Com apoio de movimentos sociais e da classe art\u00edstica<\/a>, Monica disputou a presid\u00eancia da Comiss\u00e3o da Mulher na C\u00e2mara, um local estrat\u00e9gico para pautar pol\u00edticas p\u00fablicas feministas e em defesa das mulheres. Ela ocupar\u00e1 a vice-presid\u00eancia, mas a demonstra\u00e7\u00e3o de for\u00e7a com apenas dois meses de mandato n\u00e3o passou despercebida. <\/p>\n\n\n\n<p>Nesta conversa com a Ag\u00eancia Diadorim, feita atrav\u00e9s de videochamada, Monica Benicio fala sobre politica, o legado de Marielle e as lutas que quer tra\u00e7ar como parlamentar. E pede: \u201c\u00c9 importante que a gente continue fazendo press\u00e3o para que seja revelado quem foram os mandantes e para que essa investiga\u00e7\u00e3o n\u00e3o perca f\u00f4lego.\u201d <\/p>\n\n\n\n<p><strong>DIADORIM \u2014 Sua campanha e seu mandato foram anunciados como feminista e antifascista. Qual o desafio de fazer pol\u00edtica num ambiente extremamente machista \u2014 de 51 vereadores, apenas 10 s\u00e3o mulheres?<\/strong><\/p>\n\n\n\n<p><strong>MONICA BENICIO \u2014<\/strong> Olha, \u00e9 um desafio, certamente. Estamos falando de uma sociedade machista e patriarcal e de um governo \u2014 hoje, n\u00e3o apenas instalado no Rio de Janeiro, mas no Brasil \u2014 que \u00e9 extremamente mis\u00f3gino e tem como projeto de poder eliminar os corpos das mulheres, principalmente do debate da pol\u00edtica institucional. Ent\u00e3o n\u00e3o \u00e9 uma tarefa f\u00e1cil. \u00c9 um desafio grande. Mas desde o in\u00edcio da movimenta\u00e7\u00e3o, inclusive na campanha, teve um acolhimento e uma soma muito significativa. Os desafios v\u00eam sendo revelados no dia a dia, mas tamb\u00e9m nesse contexto de pandemia n\u00f3s estamos trabalhando de forma h\u00edbrida, ent\u00e3o eu n\u00e3o tenho ido frequentemente \u00e0 C\u00e2mara, tenho feito as sess\u00f5es de forma virtual, o que coloca inclusive um tempo diferente. (&#8230;) Aquele espa\u00e7o \u00e9 muito in\u00f3spito e hostil para os nossos corpos e fazer pol\u00edtico, porque n\u00e3o bastasse ser mulher, sou uma mulher de esquerda, socialista, uma mulher l\u00e9sbica, que se pauta e se coloca desse lugar. Ent\u00e3o tem a\u00ed uma interseccionalidade que atravessa essa composi\u00e7\u00e3o e esse debate, que faz com que fique mais dif\u00edcil. <\/p>\n\n\n\n<p>A gente pautou desde o in\u00edcio da campanha \u2014 e \u00e9 por onde eu pauto minha vida \u2014 o lugar da disputa de ser uma mulher feminista, de um feminismo que n\u00e3o \u00e9 qualquer feminismo, um feminismo que \u00e9 para as 99% que n\u00e3o aceitam que corpos sejam deixados para tr\u00e1s. Portanto ele \u00e9 um feminismo antirracista, \u00e9 anticapitalista, n\u00e3o cabe LGBTfobia, n\u00e3o cabe transfobia de nenhuma forma dentro dele, \u00e9 ecossocialista. Ent\u00e3o todas essas pautas fazem com que o debate dentro daquela casa n\u00e3o seja o mais fluido poss\u00edvel, porque \u00e9 uma casa que n\u00e3o tem interesse em dialogar com essas pautas. <\/p>\n\n\n\n<p>A verdade \u00e9 que temos hoje no Brasil uma pol\u00edtica, um poder em exerc\u00edcio, que n\u00e3o tem interesse em dialogar com essas pautas. Pelo contr\u00e1rio: visa elimin\u00e1-las. Ent\u00e3o h\u00e1 a\u00ed uma dificuldade. A gente nesse momento, na C\u00e2mara, vem atravessando a disputa das comiss\u00f5es, de ocup\u00e1-las. Recentemente a gente fez um movimento que foi o lan\u00e7amento de um manifesto, feito com apoio da sociedade civil e de movimentos sociais, para que eu ocupasse a presid\u00eancia da Comiss\u00e3o da Mulher. Isso est\u00e1 em debate ainda, mas h\u00e1 uma dificuldade interna da casa, porque quem decide isso de fato \u00e9 a casa, s\u00e3o os vereadores e vereadoras presentes l\u00e1 dentro. Ent\u00e3o importa a movimenta\u00e7\u00e3o da sociedade civil para marcar uma posi\u00e7\u00e3o, mas, no fim das contas, isso \u00e9 decidido dentro da casa. S\u00e3o nessas movimenta\u00e7\u00f5es e decis\u00f5es que a gente v\u00ea o tipo de pol\u00edtica esta casa est\u00e1 disposta a construir. E, diante desses movimentos, a gente pauta ali um enfrentamento para que ela seja mais inclusiva, para que nossos corpos sejam de fato uma ferramenta de transforma\u00e7\u00e3o daquele espa\u00e7o e da pol\u00edtica institucional, mas tamb\u00e9m de inspira\u00e7\u00e3o para esta coletividade externa. Uma coletividade externa que olha dentro daquela casa e a v\u00ea sendo ocupada por uma Marielle, por uma Monica, por uma Tain\u00e1 de Paula, por uma Tha\u00eds Ferreira e se inspira ali para estar disputando esse espa\u00e7o, entendendo que esse espa\u00e7o deve, sim, ser ocupado por todos os corpos sem a gente estar a\u00ed pautando um \u00edndice de viol\u00eancia que eles cometem para nos tirar desse debate. Ent\u00e3o tem sido dif\u00edcil, mas tem havido muito acolhimento e muita recep\u00e7\u00e3o da sociedade como um todo. <\/p>\n\n\n\n<p>Em menos de dois meses \u2014 na verdade, no primeiro dia em que estivemos efetivamente na C\u00e2mara \u2014, protocolamos tr\u00eas projetos de lei: o primeiro, sobre o Dia da Visibilidade L\u00e9sbica (que \u00e9 uma reapresenta\u00e7\u00e3o de um projeto que era da Marielle), um contra o feminic\u00eddio e outro contra fake news. Ent\u00e3o isso \u00e9 um start que mostra a que viemos e que tipo de trabalho faremos naquela casa. <\/p>\n\n\n\n<p>Como voc\u00ea mesma apontou, s\u00e3o 51 vereadores e s\u00f3 10 mulheres \u2014 e n\u00e3o s\u00e3o todas de esquerda. Ent\u00e3o n\u00e3o basta ser uma mulher ali, voc\u00ea precisa representar os interesses delas e as vidas delas. \u00c9 desafiador, mas temos uma mandata que \u00e9 composta por uma equipe que parte parte dela compunha a equipe da Marielle, e, sem d\u00favida nenhuma, \u00e9 uma equipe muito animada e engajada em construir um trabalho de excel\u00eancia.<\/p>\n\n\n\n<p><strong>DIADORIM \u2014 Que avalia\u00e7\u00e3o voc\u00ea faz do trabalho e da import\u00e2ncia da Comiss\u00e3o de Defesa da Mulher, que, em 2020, s\u00f3 se reuniu duas vezes (segundo os registros disponibilizados pela C\u00e2mara). Marielle presidiu essa Comiss\u00e3o, entre 2017 e 2018. Qu\u00e3o estrat\u00e9gico \u00e9 para o seu mandato ocupar esse espa\u00e7o?<\/strong><\/p>\n\n\n\n<p><strong>MONICA \u2014<\/strong> A Comiss\u00e3o da Mulher foi durante muito tempo subutilizada, justamente porque sempre foi ocupada por mulheres que estavam ali construindo o campo da direita. A Marielle foi a primeira mulher de esquerda a assumir a presid\u00eancia da Comiss\u00e3o, e por isso conseguiu fazer um trabalho de destaque. E por isso a Comiss\u00e3o da Mulher passou a ter visibilidade, porque nunca foi disputada naquela casa, porque n\u00e3o \u00e9 por onde passa a grande pol\u00edtica e o ambiente em si era t\u00e3o machista que sequer havia interesse dos vereadores pelo espa\u00e7o, ent\u00e3o n\u00e3o havia uma discuss\u00e3o que fosse mais delicada a respeito do tema. Como eu falei antes, n\u00e3o basta ser uma mulher para ocupar a Comiss\u00e3o, precisa ser uma mulher que esteja interessada em construir pautas que falem sobre a preserva\u00e7\u00e3o da vida e da luta das mulheres.<\/p>\n\n\n\n<p>A grande delicadeza dessa hist\u00f3ria \u00e9 sobre quem est\u00e1 na presid\u00eancia dessa Comiss\u00e3o e que fazer pol\u00edtico ser\u00e1 esse \u2014 porque ele pode ser nenhum, pode ser neoliberal, pode ser machista, ele pode ser feminista, enfim. Agora independente de termos ou n\u00e3o a presid\u00eancia, a nossa disputa ser\u00e1 feita pelo debate de g\u00eanero e pautado pelo feminismo \u2014 estando na presid\u00eancia, s\u00f3 participando da comiss\u00e3o ou inclusive fora dela. Isso n\u00e3o vai nos impedir de fazer um trabalho que tenha o feminismo e a pauta de g\u00eanero como seu eixo principal, falando de um lugar de disputa de direito \u00e0 cidade, principalmente em rela\u00e7\u00e3o \u00e0 perspectiva das mulheres, porque a gente entende que uma cidade segura para as mulheres \u00e9 uma cidade segura para todos os corpos. <\/p>\n\n\n\n<p>\u00c9 claro que quando voc\u00ea est\u00e1 na presid\u00eancia da comiss\u00e3o ou dentro da comiss\u00e3o, voc\u00ea consegue utilizar a pol\u00edtica institucional como uma ferramenta para operar para fora da casa. Acho que o grande interesse \u00e9 fazer pol\u00edtica para fora da C\u00e2mara. A C\u00e2mara dos Vereadores deveria, em tese, ser a casa do povo, mas o povo \u00e9 pouqu\u00edssimo representado l\u00e1 dentro, pois a maior parte dos vereadores faz seus acordos no toma l\u00e1 d\u00e1 c\u00e1 e legisla em causa pr\u00f3pria, ent\u00e3o o debate a ser feito \u00e9 esse. Mas independente do lugar que a gente ocupe, a gente vai fazer pol\u00edtica com o intuito de transformar a vida das mulheres de forma efetiva nessa cidade.<\/p>\n\n\n\n<figure class=\"wp-block-image\"><img loading=\"lazy\" decoding=\"async\" width=\"940\" height=\"520\" src=\"https:\/\/blogs.correio24h.com.br\/mesalte\/wp-content\/uploads\/2021\/03\/02d9e2_f5128ebccd9d40eebf21d479277c2bce_mv2.jpeg\" alt=\"\" class=\"wp-image-22503\" srcset=\"https:\/\/blogs.correio24h.com.br\/mesalte\/wp-content\/uploads\/2021\/03\/02d9e2_f5128ebccd9d40eebf21d479277c2bce_mv2.jpeg 940w, https:\/\/blogs.correio24h.com.br\/mesalte\/wp-content\/uploads\/2021\/03\/02d9e2_f5128ebccd9d40eebf21d479277c2bce_mv2-300x166.jpeg 300w, https:\/\/blogs.correio24h.com.br\/mesalte\/wp-content\/uploads\/2021\/03\/02d9e2_f5128ebccd9d40eebf21d479277c2bce_mv2-768x425.jpeg 768w, https:\/\/blogs.correio24h.com.br\/mesalte\/wp-content\/uploads\/2021\/03\/02d9e2_f5128ebccd9d40eebf21d479277c2bce_mv2-260x144.jpeg 260w, https:\/\/blogs.correio24h.com.br\/mesalte\/wp-content\/uploads\/2021\/03\/02d9e2_f5128ebccd9d40eebf21d479277c2bce_mv2-50x28.jpeg 50w, https:\/\/blogs.correio24h.com.br\/mesalte\/wp-content\/uploads\/2021\/03\/02d9e2_f5128ebccd9d40eebf21d479277c2bce_mv2-136x75.jpeg 136w\" sizes=\"auto, (max-width: 940px) 100vw, 940px\" \/><figcaption>Monica durante ato de campanha para sua elei\u00e7\u00e3o. Foto: Divulga\u00e7\u00e3o<\/figcaption><\/figure>\n\n\n\n<p><strong>DIADORIM \u2014 Ainda com rela\u00e7\u00e3o \u00e0s pautas do seu mandato, entendo que as pautas LGBTI+ s\u00e3o priorit\u00e1rias. Como voc\u00ea avalia as pol\u00edticas p\u00fablicas voltadas para essa popula\u00e7\u00e3o no contexto do Rio de Janeiro?<\/strong><\/p>\n\n\n\n<p><strong>MONICA \u2014<\/strong> Olha, eu podia falar para voc\u00ea que a situa\u00e7\u00e3o nesse ponto \u00e9 grave ou tr\u00e1gica, mas eu estaria sendo otimista usando qualquer uma dessas palavras. Ent\u00e3o, fazendo uma an\u00e1lise de conjuntura mais neutra, por assim dizer, eu diria que \u00e9 muito grave a situa\u00e7\u00e3o LGBTI+, hoje. De forma geral, o Rio de Janeiro reflete um pouco o que \u00e9 a conjuntura nacional. N\u00e3o \u00e9 \u00e0 toa que a pol\u00edtica bolsonarista nasce no esgoto do Rio, ent\u00e3o o Rio \u00e9 uma esp\u00e9cie de laborat\u00f3rio dessa pol\u00edtica nacional, que desaguou nesse governo fascista e desastroso. Agora a pol\u00edtica LGBT tem um recorte espec\u00edfico, porque \u00e9 uma camada de vulnerabilidade que \u00e9 ainda maior. Quando a gente fala que o Brasil \u00e9 um dos pa\u00edses que mais mata sua popula\u00e7\u00e3o LGBTI+ no mundo, isso \u00e9 muito grave. <\/p>\n\n\n\n<p>O Rio de Janeiro, por exemplo, j\u00e1 ocupou o segundo lugar no ranking de interesse tur\u00edstico da popula\u00e7\u00e3o LGBT, mas hoje, se n\u00e3o me engano, est\u00e1 na 49\u00aa posi\u00e7\u00e3o. Deixou de ser interesse para a popula\u00e7\u00e3o LGBT ter o Rio como o seu destino tur\u00edstico, e isso se deve ao aumento da viol\u00eancia, que se acentuou muito depois de 2018 com a pol\u00edtica bolsonarista avan\u00e7ando e se elegendo. Ent\u00e3o o que temos hoje \u00e9 uma pol\u00edtica muito fr\u00e1gil, que num contexto de pandemia se agrava ainda mais, porque a gente sabe quais s\u00e3o os corpos mais vulner\u00e1veis. <\/p>\n\n\n\n<p>A gente n\u00e3o tem uma pol\u00edtica que combata a LGBTfobia, n\u00e3o temos pol\u00edticas de incentivo, acolhimento ou preven\u00e7\u00e3o, nenhum tipo de pol\u00edtica que olhe para essa popula\u00e7\u00e3o. E falando do recorte da C\u00e2mara Municipal, \u00e9 muito grave, porque estamos falando de uma casa que \u00e9 extremamente fundamentalista. A gente acabou de tirar a cidade da m\u00e3o de um bispo [o ex-prefeito Marcelo Crivella (Republicanos)], que sucateou a cidade e deixou ela num estado lament\u00e1vel. Estamos agora num governo \u2014  que \u00e9 o governo do Eduardo Paes (DEM) \u2014 que est\u00e1 longe de ser um governo como o do Crivella \u2014, (&#8230;) do qual somos oposi\u00e7\u00e3o, mas que flerta com o campo progressistas e monta as suas secretarias assim. No entanto, \u00e9 um governo liberal, \u00e9 um governo que est\u00e1 a\u00ed trabalhando em prol das empresas, do grande mercado e do capital.<\/p>\n\n\n\n<p>Acho que a grande dificuldade na C\u00e2mara vai ser buscar di\u00e1logo com esse campo que se diz progressista, que diz querer reconstruir uma cidade que est\u00e1 em estado de abandono total \u2014 mas vamos ver isso na pr\u00e1tica, como no caso da aprova\u00e7\u00e3o do PL da Visibilidade L\u00e9sbica, que n\u00e3o foi aprovado por dois votos, em 2017, quando a Marielle apresentou. Vamos ver o quanto esta casa est\u00e1 disposta a conversar com o campo progressista, dialogar com essas novas pautas \u2014 seja a pauta do feminismo, seja a pauta da luta LGBT, seja a pauta da luta antirracista \u2014, vamos ver na pr\u00e1tica como isso vai se dar, se fica s\u00f3 no discurso ou se vamos colocar as coisas realmente em pr\u00e1tica para ter modifica\u00e7\u00f5es efetivas. <\/p>\n\n\n\n<p><strong>DIADORIM \u2014 A bancada do PSOL no Rio tem feito di\u00e1logos com outros mandatos e partidos de esquerda para construir uma frente ou articula\u00e7\u00e3o para as pautas LGBTI+?   <\/strong><\/p>\n\n\n\n<p><strong>MONICA \u2014<\/strong> Nesse momento a gente ainda n\u00e3o abriu esses di\u00e1logos porque a gente come\u00e7ou o expediente no dia 18 de fevereiro, efetivamente. S\u00f3 que antes disso a gente estava nessas comiss\u00f5es especiais (eu estava na de or\u00e7amento) e agora come\u00e7amos a falar das [composi\u00e7\u00f5es das] comiss\u00f5es regulares. A casa de fato s\u00f3 come\u00e7a a funcionar depois das comiss\u00f5es serem instaladas. E a\u00ed a gente come\u00e7a a correria da pol\u00edtica e buscar fazer alian\u00e7as, acordos, enfim. Mas o que temos hoje de bancada de oposi\u00e7\u00e3o ali \u00e9 a bancada do PT e a bancada do PSOL. O PSOL, junto com o PT e DEM, est\u00e1 entre as tr\u00eas que t\u00eam sete vereadores e vereadoras. O PSOL com o PT somam uns 10 vereadores, mas o PT tem uma pol\u00edcia que em alguns momentos se alinha com o PSOL e em outros momentos nem tanto, mas acredito que nas pautas LGBTs n\u00e3o t\u00eam diverg\u00eancia. Tamb\u00e9m h\u00e1 outros vereadores e vereadoras que n\u00e3o s\u00e3o desse campo, mas com os quais h\u00e1 um certo di\u00e1logo, pois n\u00e3o s\u00e3o fundamentalistas, que dependendo do tema que voc\u00ea apresente (n\u00e3o basta s\u00f3 a pauta), eu acredito que n\u00e3o ter\u00e1 grandes dificuldades. Mas n\u00e3o quer dizer que temos maioria para aprovar projetos nesta pauta, isso vai ter que ser costurado sempre com muito cuidado, com muito trabalho. O PSOL n\u00e3o tem a pr\u00e1tica de fazer a pol\u00edtica do toma l\u00e1 d\u00e1 c\u00e1, ent\u00e3o a gente tem que fazer uma pol\u00edtica muito mais amarrada, muito mais elaborada. \u00c9 um pouco mais dif\u00edcil fazer pol\u00edtica dentro daquela casa, mas \u00e9 poss\u00edvel. Estou otimista que conseguiremos fazer um bom trabalho na pauta LGBT.<\/p>\n\n\n\n<p><strong>DIADORIM \u2013 Entramos em 2021 com um contexto de pandemia agravado. Tem um empobrecimento da popula\u00e7\u00e3o, a fome batendo \u00e0 porta de muita gente&#8230; O que voc\u00ea tem pensado, especialmente em rela\u00e7\u00e3o \u00e0 popula\u00e7\u00e3o negra, perif\u00e9rica, que sofre mais com a situa\u00e7\u00e3o econ\u00f4mica prec\u00e1ria?  <\/strong><\/p>\n\n\n\n<p><strong>MONICA \u2013<\/strong> Esse debate j\u00e1 vem acontecendo em toda a bancada do PSOL, e inclusive vem da bancada anterior, com a defesa da implementa\u00e7\u00e3o da renda b\u00e1sica e, na quest\u00e3o da sa\u00fade, com uma aten\u00e7\u00e3o espec\u00edfica para as favelas e periferias, que s\u00e3o os lugares mais afetados. E isso tem sido uma briga constante. Na Comiss\u00e3o de Or\u00e7amento, por exemplo, as sugest\u00f5es eram que a gente tirasse do bolso do contribuinte, dos funcion\u00e1rios p\u00fablicos, enfim, daquela velha hist\u00f3ria que a gente j\u00e1 conhece para poder ir tapando buracos econ\u00f4micos dentro do munic\u00edpio, o que \u00e9 muito grave, porque sabemos que a popula\u00e7\u00e3o mais afetada \u00e9 a popula\u00e7\u00e3o que est\u00e1 \u00e0s margens, s\u00e3o os copos das mulheres pretas, da popula\u00e7\u00e3o negra em geral, perif\u00e9rica, favelada. Ent\u00e3o n\u00e3o \u00e9 cortando os gastos e tirando do bolso do contribuinte que a gente vai promover [as pol\u00edticas de assist\u00eancia]. Pelo contr\u00e1rio, quando a gente consegue movimentar o capital, quando a gente consegue injetar o capital, a gente sabe que a popula\u00e7\u00e3o vai conseguir consumir e movimentar a economia. <\/p>\n\n\n\n<p>Ent\u00e3o a gente foi no sentido de defender a renda b\u00e1sica, de fazer a implementa\u00e7\u00e3o da renda b\u00e1sica, para que a gente tire a popula\u00e7\u00e3o desse lugar de extrema pobreza, porque, como voc\u00ea falou, tem pessoas passando fome. A gente n\u00e3o est\u00e1 falando de luxo, porque tem vereador que acha que por conta desse valor as pessoas v\u00e3o deixar de trabalhar e ficar pregui\u00e7osas. As coisas mais b\u00e1rbaras que voc\u00ea pode imaginar s\u00e3o escutadas ali na defesa desse discurso de n\u00e3o oferecer a renda b\u00e1sica. O debate \u00e9 justamente esse, a gente primeiro fazer a compreens\u00e3o de que \u00e9 um direito humano, estamos falando de uma quest\u00e3o de humanidade. Ent\u00e3o hoje o que a gente faz nesses primeiros dias \u00e9 brigar pela implementa\u00e7\u00e3o e pagamento de uma renda b\u00e1sica. Mas j\u00e1 \u00e9 um movimento do PSOL carioca que vem desde a antiga legislatura. <\/p>\n\n\n\n<figure class=\"wp-block-image\"><img loading=\"lazy\" decoding=\"async\" width=\"940\" height=\"562\" src=\"https:\/\/blogs.correio24h.com.br\/mesalte\/wp-content\/uploads\/2021\/03\/02d9e2_45f4914bfbc34a7eb33140d68499cfb4_mv2.jpg\" alt=\"\" class=\"wp-image-22505\" srcset=\"https:\/\/blogs.correio24h.com.br\/mesalte\/wp-content\/uploads\/2021\/03\/02d9e2_45f4914bfbc34a7eb33140d68499cfb4_mv2.jpg 940w, https:\/\/blogs.correio24h.com.br\/mesalte\/wp-content\/uploads\/2021\/03\/02d9e2_45f4914bfbc34a7eb33140d68499cfb4_mv2-300x179.jpg 300w, https:\/\/blogs.correio24h.com.br\/mesalte\/wp-content\/uploads\/2021\/03\/02d9e2_45f4914bfbc34a7eb33140d68499cfb4_mv2-768x459.jpg 768w, https:\/\/blogs.correio24h.com.br\/mesalte\/wp-content\/uploads\/2021\/03\/02d9e2_45f4914bfbc34a7eb33140d68499cfb4_mv2-244x146.jpg 244w, https:\/\/blogs.correio24h.com.br\/mesalte\/wp-content\/uploads\/2021\/03\/02d9e2_45f4914bfbc34a7eb33140d68499cfb4_mv2-50x30.jpg 50w, https:\/\/blogs.correio24h.com.br\/mesalte\/wp-content\/uploads\/2021\/03\/02d9e2_45f4914bfbc34a7eb33140d68499cfb4_mv2-125x75.jpg 125w\" sizes=\"auto, (max-width: 940px) 100vw, 940px\" \/><\/figure>\n\n\n\n<p><strong>DIADORIM \u2013 Neste dia 14 de mar\u00e7o, completa-se tr\u00eas anos do assassinato de Marielle Franco. Qual avalia\u00e7\u00e3o voc\u00ea faz do andamento das investiga\u00e7\u00f5es, que ainda t\u00eam muitas perguntas sem respostas, e como voc\u00ea pretende na C\u00e2mara pressionar por justi\u00e7a no caso?<\/strong><\/p>\n\n\n\n<p><strong>MONICA \u2013<\/strong> Olha, come\u00e7ando de tr\u00e1s para frente, eu acho que nossa campanha ter sido bonita e potente da forma como foi ela j\u00e1 come\u00e7a a abrir um di\u00e1logo e uma sinaliza\u00e7\u00e3o do que essa mandata representa, da vi\u00fava da Marielle estar ocupando aquele espa\u00e7o. Ent\u00e3o a gente tentou fazer uma campanha com muita responsabilidade em rela\u00e7\u00e3o \u00e0 mem\u00f3ria da Marielle. E, num momento de pandemia, foi uma campanha com pouca rua, com muitos cuidados, com pouco dinheiro, mas o fato de a gente chegar a uma voto\u00e7\u00e3o t\u00e3o expressiva \u00e9 por si s\u00f3 esp\u00e9cie de recado e de cobran\u00e7a por justi\u00e7a, que n\u00e3o aceitaremos essa n\u00e3o resposta dos mandantes do assassinato de Marielle e Anderson. <\/p>\n\n\n\n<p>A respeito das investiga\u00e7\u00f5es, eu acho que a situa\u00e7\u00e3o que se tem hoje \u00e9 muito preocupante. A gente tem presos acusados de serem executores, tanto motorista quanto atirador, e eles ainda n\u00e3o foram levados a j\u00fari popular, ent\u00e3o \u00e9 importante que a gente cobre que isso aconte\u00e7a o mais r\u00e1pido poss\u00edvel. A gente quer ver eles responsabilizados, mas n\u00e3o s\u00f3 eles. Queremos todos os envolvidos [responsabilizados]: os intermediadores, e, principalmente, os mandantes desse grave crime contra a democracia. <\/p>\n\n\n\n<p>Recentemente, houve uma troca no Minist\u00e9rio P\u00fablico. A gente teve uma renova\u00e7\u00e3o, em  janeiro, tanto dos promotores respons\u00e1veis pela investiga\u00e7\u00e3o quanto do procurador-geral de Justi\u00e7a do Rio \u2013 e, no ano passado, j\u00e1 houve nova troca de delegado e do procurador do minist\u00e9rio p\u00fablico tamb\u00e9m. Ent\u00e3o foram muitas mudan\u00e7as, o que n\u00e3o h\u00e1 muito o que ser feito dentro da burocracia, mas inevitavelmente preocupa bastante porque estamos falando de um inqu\u00e9rito que vai completar tr\u00eas anos e \u00e9 super volumoso, n\u00e3o \u00e9 qualquer coisa. Eu acompanho com bastante cuidado e bastante de perto. A gente est\u00e1 falando de um assassinato, infelizmente, muit\u00edssimo sofisticado, muito bem realizado e que houve erros na investiga\u00e7\u00e3o l\u00e1 no in\u00edcio, o que prejudica agora no final. <\/p>\n\n\n\n<p>N\u00e3o \u00e9 motivo para que haja des\u00e2nimo ou qualquer tipo de descren\u00e7a sobre se chegaremos aos mandantes \u2013 pelo contr\u00e1rio, quanto mais press\u00e3o a gente gera, mais a gente mant\u00e9m essa investiga\u00e7\u00e3o em curso. O que pessoalmente me preocupa um pouco \u2013 considerando que o Brasil \u00e9 um pa\u00eds conhecido por ter uma mem\u00f3ria muito fr\u00e1gil \u2013 \u00e9 que em algum momento Marielle seja colocada apenas no lugar da mem\u00f3ria, no lugar da resist\u00eancia, e que a gente perca a compreens\u00e3o de que \u00e9 fundamental, inclusive por respeito a essa mem\u00f3ria: revelar quem foram os mandantes desses assassinatos. <\/p>\n\n\n\n<p>\u00c9 importante a gente n\u00e3o perder isso de vista. E, nesse momento, a situa\u00e7\u00e3o \u00e9 muito delicada, porque houve essas trocas [na equipe do Minist\u00e9rio P\u00fablico], ent\u00e3o at\u00e9 que os novos investigadores, promotores e o pr\u00f3prio procurador-geral se inteirem de todo o inqu\u00e9rito, h\u00e1 um trabalho muito grande a ser feito. A impress\u00e3o que me d\u00e1 agora, de onde eu acompanho, \u00e9 que pouqu\u00edssimo tem sido feito desde que houve a troca, \u00e9 que h\u00e1 hoje uma in\u00e9rcia a respeito das investiga\u00e7\u00f5es do caso de Marielle e Anderson. E a gente precisa cobrar isso, principalmente porque a gente vai chegando a quase tr\u00eas anos, e, em qualquer investiga\u00e7\u00e3o, quanto mais tempo passa, mais dif\u00edcil fica para se chegar em um resultado. \u00c9 importante que a gente continue fazendo press\u00e3o para que seja revelado quem foram os mandantes e para que essa investiga\u00e7\u00e3o n\u00e3o perca f\u00f4lego. Isso \u00e9 muito importante.                                    <\/p>\n\n\n\n<p><strong>DIADORIM \u2013 O Rio de Janeiro \u00e9 um pouco term\u00f4metro da pol\u00edtica nacional. A fam\u00edlia Bolsonaro \u00e9 do Rio e tamb\u00e9m est\u00e1 na C\u00e2mara Municipal. E o Rio de Janeiro \u00e9 tamb\u00e9m um territ\u00f3rio extremamente emblem\u00e1tico no que toca \u00e0 viol\u00eancia pol\u00edtica contra mulheres \u2013 como no caso das suas correligion\u00e1rias, a deputada federal Tal\u00edria Petrone e a vereadora Benny Briolly, em Niter\u00f3i, que est\u00e3o sofrendo amea\u00e7as recorrentes. Como \u00e9 que voc\u00ea e sua equipe t\u00eam lidado com essa quest\u00e3o da seguran\u00e7a \u2013 que eu imagino que foi discutida em sua campanha e agora que voc\u00ea \u00e9 vereadora?<\/strong><\/p>\n\n\n\n<p><strong>MONICA \u2013<\/strong> Essa quest\u00e3o da viol\u00eancia pol\u00edtica contra mulheres \u00e9 um tema que precisa ser debatido, denunciado, como a gente vem fazendo. Inclusive porque o que temos hoje \u00e9 uma pol\u00edtica que n\u00e3o tem vergonha de oprimir o corpo das mulheres e que faz pol\u00edtica descarada mesmo nesse sentido. Marielle foi uma vereadora democraticamente eleita, uma mulher negra, que estava num relacionamento l\u00e9sbico, representante das pautas LGBTs, representante das pautas das minorias, que denunciava o genoc\u00eddio da juventude negra, que era tudo isso que essa casa n\u00e3o quer dialogar, que essa casa n\u00e3o quer olhar ou fazer pol\u00edtica para \u2013 e quando essa mulher \u00e9 executada num crime pol\u00edtico, o recado que se d\u00e1 \u00e9 que essa pol\u00edtica que ela fazia e representava n\u00e3o pode ocupar esses espa\u00e7os. <\/p>\n\n\n\n<p>O recado que a sociedade d\u00e1 vai justamente na contram\u00e3o disso, porque n\u00e3o houve recuo \u2013 pelo contr\u00e1rio, houve avan\u00e7o. No ano de 2018, mais mulheres se colocaram \u00e0 disposi\u00e7\u00e3o e foram eleitas, e isso vem numa crescente. A sociedade, inclusive, quando pega toda essa barb\u00e1rie, toda essa dor e transforma a Marielle num s\u00edmbolo de representatividade e resist\u00eancia, faz isso coletivamente. Ent\u00e3o essa \u00e9 uma resposta n\u00e3o s\u00f3 simb\u00f3lica, mas importante de ser compreendida como uma resist\u00eancia por si s\u00f3. No entanto, com a n\u00e3o revela\u00e7\u00e3o dos mandantes [do assassinato de Marielle Franco], o que temos hoje, no Rio de Janeiro e no Brasil como um todo, \u00e9 assumir que existe um grupo capaz de assassinar como forma de fazer pol\u00edtica. Por isso, o assassinato de vereadoras e parlamentares no interior do Rio e em outros lugares do pa\u00eds n\u00e3o \u00e9 algo surpreendente. O que tem um diferencial no caso do assassinato da Marielle \u00e9 que ela foi assassinada em uma das maiores capitais do mundo, \u00e0s nove horas da noite, voltando de uma agenda de trabalho \u2013 e ela foi executada como um recado pol\u00edtico. Ent\u00e3o isso faz com que vire a chave, isso faz com que a gente entenda hoje que o que est\u00e1 em disputa \u00e9 a democracia versus a barb\u00e1rie, n\u00e3o \u00e9 o campo da esquerda ou da direita. Enquanto a gente n\u00e3o responder esse assassinato de Marielle, parece que se torna leg\u00edtima na sociedade a reprodu\u00e7\u00e3o da viol\u00eancia contra os corpos das mulheres, principalmente na pol\u00edtica institucional \u2013 afinal de contas, a certeza da impunidade est\u00e1 a\u00ed. <\/p>\n\n\n\n<p>\u00c9 claro que houve um debate a respeito de seguran\u00e7a, sobre virar ou n\u00e3o candidata, mas essa para mim nunca foi uma quest\u00e3o. Eu jamais recusaria por isso, mas a gente fez isso com responsabilidade e, inclusive, entendendo que hoje a minha seguran\u00e7a \u00e9 uma responsabilidade coletiva. Ela \u00e9 uma responsabilidade, inclusive, com uma pol\u00edtica a ser constru\u00edda e segue sendo constru\u00edda. Eu tenho uma medida cautelar concedida pela Comiss\u00e3o Interamericana de Direitos Humanos, da OEA [Organiza\u00e7\u00e3o dos Estados Americanos], o que faz com que se algo acontecer comigo seja um problema do Estado brasileiro e eu me torno um incidente diplom\u00e1tico. Al\u00e9m disso, estou dentro do Programa de Prote\u00e7\u00e3o aos Defensores de Direitos Humanos no Brasil, e tomamos tamb\u00e9m medidas de seguran\u00e7a, que eu n\u00e3o posso dizer quais s\u00e3o. Enfim, hoje pensar na seguran\u00e7a \u00e9 importante para todas as mulheres que est\u00e3o disputando o campo da pol\u00edtica institucional. A gente viu inclusive mulheres de direita sendo atacadas, mas principalmente mulheres que est\u00e3o no campo progressistas e que est\u00e3o lutando pela democracia, s\u00e3o defensoras de direitos humanos \u2013 porque quanto mais marcadores de vulnerabilidade t\u00eam os corpos que est\u00e3o ocupando a pol\u00edtica institucional, maior viol\u00eancia [contra eles]. <\/p>\n\n\n\n<p>N\u00e3o por acaso, a viol\u00eancia contra a Tal\u00edria vai numa crescente muito grande. A viol\u00eancia contra a Benny Briolly, que \u00e9 <a rel=\"noreferrer noopener\" href=\"https:\/\/www.adiadorim.org\/post\/dados-incompletos-afetam-retrato-da-viol%C3%AAncia-contra-lgbti-no-brasil\" target=\"_blank\">uma mulher negra e trans, numa cidade extremamente conservadora<\/a>, que \u00e9 Niter\u00f3i, foi numa crescente num tempo muito curto. Ent\u00e3o tem corpos com marcadores que fazem com que essa viol\u00eancia seja mais acirrada. A gente precisa tamb\u00e9m levar esse recorte de ra\u00e7a e de classe para dentro desse debate da seguran\u00e7a da pol\u00edtica, porque s\u00e3o marcadores fundamentais \u2013 principalmente porque quem ataca hoje as mulheres \u00e9 a pol\u00edtica bolsonarista, que tem seus marcadores de alvo certos, e \u00e9 a isso que precisamos fazer enfrentamento. <\/p>\n\n\n\n<figure class=\"wp-block-image\"><img loading=\"lazy\" decoding=\"async\" width=\"940\" height=\"529\" src=\"https:\/\/blogs.correio24h.com.br\/mesalte\/wp-content\/uploads\/2021\/03\/5565e9_038eaa9d153743e9a71a8e67020302f0_mv2.jpg\" alt=\"\" class=\"wp-image-22507\" srcset=\"https:\/\/blogs.correio24h.com.br\/mesalte\/wp-content\/uploads\/2021\/03\/5565e9_038eaa9d153743e9a71a8e67020302f0_mv2.jpg 940w, https:\/\/blogs.correio24h.com.br\/mesalte\/wp-content\/uploads\/2021\/03\/5565e9_038eaa9d153743e9a71a8e67020302f0_mv2-300x169.jpg 300w, https:\/\/blogs.correio24h.com.br\/mesalte\/wp-content\/uploads\/2021\/03\/5565e9_038eaa9d153743e9a71a8e67020302f0_mv2-768x432.jpg 768w, https:\/\/blogs.correio24h.com.br\/mesalte\/wp-content\/uploads\/2021\/03\/5565e9_038eaa9d153743e9a71a8e67020302f0_mv2-260x146.jpg 260w, https:\/\/blogs.correio24h.com.br\/mesalte\/wp-content\/uploads\/2021\/03\/5565e9_038eaa9d153743e9a71a8e67020302f0_mv2-50x28.jpg 50w, https:\/\/blogs.correio24h.com.br\/mesalte\/wp-content\/uploads\/2021\/03\/5565e9_038eaa9d153743e9a71a8e67020302f0_mv2-133x75.jpg 133w\" sizes=\"auto, (max-width: 940px) 100vw, 940px\" \/><\/figure>\n\n\n\n<p><strong>DIADORIM \u2013 Voc\u00ea fala muito do fascismo potencializado pelo discurso de \u00f3dio bolsonarista. O voc\u00ea considera como estrat\u00e9gias para enfrentar esse bolsonarismo a partir da C\u00e2mara Municipal?<\/strong><\/p>\n\n\n\n<p><strong>MONICA \u2013<\/strong> Olha, tem uma constru\u00e7\u00e3o anterior [ao mandato de vereadora], enquanto defensora de direitos humanos \u2013 o que faz com que ao redor da minha imagem haja um ac\u00famulo de hist\u00f3ria, inclusive de luta, que foi justamente na constru\u00e7\u00e3o dessa pol\u00edtica de combate ao bolsonarismo. E isso desde o in\u00edcio da campanha a gente disse tamb\u00e9m que esse corpo pol\u00edtico era para ser utilizado para uma constru\u00e7\u00e3o program\u00e1tica da esquerda para derrotar o bolsonarismo, ent\u00e3o \u00e9 uma quest\u00e3o tamb\u00e9m que ela vem de um ac\u00famulo de uma imagem. <\/p>\n\n\n\n<p>Nesses quase tr\u00eas anos [em busca] de justi\u00e7a por Marielle, fui tendo acumulo enquanto defensoras de direitos humanos, quanto mulher socialista, feminista, l\u00e9sbica. Ao denunciar o caso de Marielle ao redor do mundo, automaticamente eu denunciava a pol\u00edtica bolsonarista, porque est\u00e3o relacionadas. A viol\u00eancia contra Marielle e contra o que ela representa \u00e9, de fato, relacionada a essa pol\u00edtica bolsonarista, porque a imagem da Marielle \u00e9 o que o bolsonarismo quer destruir. A luta da Marielle, da pol\u00edtica que ela defendia, vai na contram\u00e3o da pol\u00edtica bolsonarista, porque n\u00e3o n\u00e3o h\u00e1 acordo com o fascista. Com o fascismo a gente n\u00e3o dialoga, a gente destr\u00f3i. Ent\u00e3o a ideia de colocar isso como uma pauta vem de uma constru\u00e7\u00e3o natural nesses quase tr\u00eas anos, e, a partir da C\u00e2mara Municipal, o que a gente vai fazer s\u00e3o as a\u00e7\u00f5es, como essas que j\u00e1 foram feitas, inclusive: do PL da Visibilidade L\u00e9sbica e do combate a fake news (que \u00e9 uma espinha dorsal para o governo Bolsonaro dar certo, um governo que \u00e9 pautado por fake news, que tem a\u00ed a seu servi\u00e7o operando o gabinete do \u00f3dio). Falar do combate ao feminic\u00eddio, num governo que tem como objeto de \u00f3dio, como objeto de destrui\u00e7\u00e3o, o corpo das mulheres, isso por si s\u00f3 j\u00e1 \u00e9 fazer um enfrentamento \u00e0 pol\u00edtica bolsonarista. <\/p>\n\n\n\n<p>O meu corpo pol\u00edtico \u2013 e a\u00ed [me refiro] a Monica, n\u00e3o a vereadora \u2013 est\u00e1 a disposi\u00e7\u00e3o dessa luta primeiramente enquanto defensoras de direitos humanos, e, enquanto mandata, nosso objetivo \u00e9 fazer uma pol\u00edtica que v\u00e1 diretamente na contram\u00e3o da pol\u00edtica bolsonarista, que fa\u00e7a o enfrentamento direto a essa pol\u00edtica, que \u00e9 uma pol\u00edtica fundamentalista, mis\u00f3gina, racista, LGBTQIf\u00f3bica. A gente n\u00e3o consegue falar em democracia enquanto estiver num governo Bolsonaro. <\/p>\n\n\n\n<p><strong>DIADORIM \u2013 Qual voc\u00ea considera ser o principal legado de Marielle para as mulheres que entraram na pol\u00edtica institucional ou que foram para a linha de frente do combate a esse bolsonarismo?<\/strong><\/p>\n\n\n\n<p><strong>MONICA \u2013<\/strong> Olha, eu acredito que \u00e9 principalmente essa inspira\u00e7\u00e3o para a resist\u00eancia. Porque sempre foi um espa\u00e7o muito hostil. Para o corpo da Marielle, aquele n\u00e3o era um espa\u00e7o convidativo, pelo contr\u00e1rio, era um espa\u00e7o extremamente violento. E o que faz hoje mulheres disputarem a pol\u00edtica, inclusive respeitando e considerando a mem\u00f3ria da Marielle, \u00e9 justamente n\u00e3o aceitar essa viol\u00eancia que nos foi imposta por tantos e tantos anos e que terminou, no limite, executando uma mulher que travava as lutas que travava e que lutava pelas nossas vidas. Ent\u00e3o eu acho que o principal legado \u00e9 esse lugar da inspira\u00e7\u00e3o, o lugar da inspira\u00e7\u00e3o \u00e0 resist\u00eancia, porque o legado de Marielle \u00e9 constru\u00eddo, ao meu ver, no dia a dia, nas a\u00e7\u00f5es dessas mulheres que foram para o front, que n\u00e3o recuaram, que entenderam que disputar uma outra sociedade, por mais que seja perigoso, \u00e9 urgente. \u00c9 urgente porque quando a gente est\u00e1 disputando a cidade, quando a gente est\u00e1 disputando a pol\u00edtica, a gente n\u00e3o est\u00e1 mais falando sobre a seguran\u00e7a das nossas vidas, mas da seguran\u00e7a daquelas que vir\u00e3o e respeitando aquelas que vieram antes de n\u00f3s \u2013 e acho que a Marielle tinha muito respeito a isso, principalmente quando dizia que os nossos passos v\u00eam de longe, falando do seu lugar de mulher preta, ocupando e lutando por aquele espa\u00e7o. <\/p>\n\n\n\n<p>Eu acho que o respeito a isso \u00e9 muito importante, mas olhar para isso como inspira\u00e7\u00e3o, pra n\u00e3o se retirar do debate, pelo contr\u00e1rio, para encontrar for\u00e7a para seguir \u00e9 para mim o principal legado \u2013 porque na minha opini\u00e3o pessoal, enquanto companheira, isso fala muito da energia do que era Marielle, que era essa coisa de resist\u00eancia, de pulsar vida e caminhar sempre para frente, acreditando que a mudan\u00e7a \u00e9 poss\u00edvel. Ent\u00e3o acho que o legado de Marielle \u00e9 as mulheres n\u00e3o se retirarem, mas se inspirarem para continuar seguindo, por ela e por n\u00f3s.   <\/p>\n\n\n\n<p><em>*Mulher negra, feminista, jornalista antirracista, defensora dos Direitos Humanos e ativista pelo Direito Humano \u00e0 Comunica\u00e7\u00e3o. Foi rep\u00f3rter na Marco Zero Conte\u00fado, ve\u00edculo de jornalismo independente e investigativo de Pernambuco. Constr\u00f3i o Coletivo Terral de Comunica\u00e7\u00e3o Popular e \u00e9 mestranda em Comunica\u00e7\u00e3o e Cultura Digital pela Universidade Federal da Bahia (UFBA). E-mail: <\/em><a rel=\"noreferrer noopener\" href=\"mailto:dsb.debora@gmail.com\" target=\"_blank\"><em>dsb.debora@gmail.com<\/em><\/a><em>.<\/em><\/p>\n","protected":false},"excerpt":{"rendered":"<p>Por D\u00e9bora Britto* Monica Ben\u00edcio estampou in\u00fameras manchetes de noticias, desde que se tornou vi\u00fava da vereadora carioca Marielle Franco (PSOL), em 14 de mar\u00e7o de [&hellip;]<\/p>\n","protected":false},"author":3,"featured_media":22511,"comment_status":"open","ping_status":"open","sticky":false,"template":"","format":"image","meta":{"footnotes":""},"categories":[28,80],"tags":[2193,2192,2195],"class_list":["post-22501","post","type-post","status-publish","format-image","has-post-thumbnail","hentry","category-farofa-digital","category-home","tag-marielle-franco","tag-monica-benicio","tag-quem-mandou-matar-marielle","post_format-post-format-image"],"_links":{"self":[{"href":"https:\/\/blogs.correio24horas.com.br\/mesalte\/wp-json\/wp\/v2\/posts\/22501","targetHints":{"allow":["GET"]}}],"collection":[{"href":"https:\/\/blogs.correio24horas.com.br\/mesalte\/wp-json\/wp\/v2\/posts"}],"about":[{"href":"https:\/\/blogs.correio24horas.com.br\/mesalte\/wp-json\/wp\/v2\/types\/post"}],"author":[{"embeddable":true,"href":"https:\/\/blogs.correio24horas.com.br\/mesalte\/wp-json\/wp\/v2\/users\/3"}],"replies":[{"embeddable":true,"href":"https:\/\/blogs.correio24horas.com.br\/mesalte\/wp-json\/wp\/v2\/comments?post=22501"}],"version-history":[{"count":7,"href":"https:\/\/blogs.correio24horas.com.br\/mesalte\/wp-json\/wp\/v2\/posts\/22501\/revisions"}],"predecessor-version":[{"id":22513,"href":"https:\/\/blogs.correio24horas.com.br\/mesalte\/wp-json\/wp\/v2\/posts\/22501\/revisions\/22513"}],"wp:featuredmedia":[{"embeddable":true,"href":"https:\/\/blogs.correio24horas.com.br\/mesalte\/wp-json\/wp\/v2\/media\/22511"}],"wp:attachment":[{"href":"https:\/\/blogs.correio24horas.com.br\/mesalte\/wp-json\/wp\/v2\/media?parent=22501"}],"wp:term":[{"taxonomy":"category","embeddable":true,"href":"https:\/\/blogs.correio24horas.com.br\/mesalte\/wp-json\/wp\/v2\/categories?post=22501"},{"taxonomy":"post_tag","embeddable":true,"href":"https:\/\/blogs.correio24horas.com.br\/mesalte\/wp-json\/wp\/v2\/tags?post=22501"}],"curies":[{"name":"wp","href":"https:\/\/api.w.org\/{rel}","templated":true}]}}