{"id":22479,"date":"2021-03-11T22:12:57","date_gmt":"2021-03-12T01:12:57","guid":{"rendered":"https:\/\/blogs.correio24horas.com.br\/mesalte\/?p=22479"},"modified":"2021-03-11T22:19:36","modified_gmt":"2021-03-12T01:19:36","slug":"ggb-vence-premio-colunistas-norte-e-nordeste-2020","status":"publish","type":"post","link":"https:\/\/blogs.correio24horas.com.br\/mesalte\/ggb-vence-premio-colunistas-norte-e-nordeste-2020\/","title":{"rendered":"GGB vence Pr\u00eamio Colunistas Norte e Nordeste 2020"},"content":{"rendered":"\n<p>O filme &#8220;I Will Survive&#8221;, criado pela ag\u00eancia Propeg para o Grupo Gay da Bahia (GGB), foi um dos premiados no Pr\u00eamio Colunistas Norte e Nordeste 2020. <\/p>\n\n\n\n<p>O v\u00eddeo, que foi feito para divulgar a 19\u00aa Parada do Orgulho LGBTQIA+, alerta sobre LGBTfobia nas fam\u00edlias durante a pandemia. &#8220;I Will Survive&#8221; faz um\u00a0paralelo entre o isolamento\u00a0vivido pela sociedade, por conta da\u00a0pandemia, e aquele imposto\u00a0aos membros da comunidade LGBTQIA+, sempre.<\/p>\n\n\n\n<center><figure><iframe loading=\"lazy\" width=\"560\" height=\"315\" src=\"https:\/\/www.youtube.com\/embed\/OIigpv6n5sc\" allowfullscreen=\"\"><\/iframe><\/figure><\/center>\n\n\n\n<p>Al\u00e9m do Grande Pr\u00eamio de T\u00e9cnica, o filme levou ouro nas categorias Produtos e Servi\u00e7os Comunit\u00e1rios da premia\u00e7\u00e3o, Datas Institucionais e foi finalista na categoria Pe\u00e7a relativa \u00e0 pandemia de Covid-19. <\/p>\n\n\n\n<p>Segundo o GGB, com a\u00a0Covid-19, muitos\u00a0gays, l\u00e9sbicas, travestis e transexuais\u00a0tiveram que voltar \u00e0s\u00a0casas dos seus familiares para se protegerem, mas boa parte dessas pessoas se deparou com a\u00a0intoler\u00e2ncia\u00a0de parentes.\u00a0O n\u00famero de\u00a0assassinatos de pessoas trans no Brasil\u00a0j\u00e1 era\u00a0maior no in\u00edcio do segundo semestre de 2020\u00a0do que\u00a0em todo o ano de 2019.<\/p>\n\n\n\n<p>&#8220;I Will Survive \u00e9 tocante pelo momento que vivemos. Mas n\u00f3s j\u00e1 estamos acostumados ao isolamento social por nossas orienta\u00e7\u00f5es sexuais. Podemos ter certeza que o Nordeste a Bahia t\u00eam publicit\u00e1rios extremamente criativos. Isso \u00e9 muito bom, porque posiciona a Bahia e as ag\u00eancias baianas de publicidade no mercado no Brasil e no mundo. \u00c9 um pr\u00eamio da Propeg e do GGB, mas \u00e9 sobretudo uma premia\u00e7\u00e3o ao mercado publicit\u00e1rio da Bahia&#8221;, afirma Marcelo Cerqueira, presidente do GGB.<\/p>\n\n\n\n<p>Para a cria\u00e7\u00e3o da comunica\u00e7\u00e3o, a ag\u00eancia entrevistou\u00a0gays, l\u00e9sbicas, travestis e transexuais,\u00a0que compartilharam relatos sobre\u00a0conflitos familiares vividos durante a pandemia,\u00a0de acordo com\u00a0Emerson Braga, CCO da Propeg. &#8220;A ideia era que as fam\u00edlias pudessem refletir sobre a\u00a0toler\u00e2ncia\u00a0e a possibilidade da\u00a0conviv\u00eancia familiar harm\u00f4nica. Que m\u00e3es e pais refletissem sobre a import\u00e2ncia de\u00a0apoiar as decis\u00f5es dos seus filhos homossexuais&#8221;, disse Braga.<\/p>\n\n\n\n<p>O julgamento da premia\u00e7\u00e3o foi online, no dia 2 de mar\u00e7o, e contou com o jornalista e publicit\u00e1rio Nelson Cadena como presidente do j\u00fari. Tamb\u00e9m foram jurados:\u00a0Dan Zecchinelli (Filad\u00e9lfia), Emerson Braga (Propeg), Gustavo Bastos (11:21), Julio Andery (AlmapBBDO), Lucas de Ouro (Tuppi), Marcio Ehrlich (Janela Publicitaria), Marcio Lemes da Silva (Plural), Maur\u00edcio Magalh\u00e3es (Mundo Real), Pedro Carneiro (Stylus), Pedro Rocha (Designer), Toninho Lima (Next), Wanderley D\u00f3ro (D&#8217;Oro).<\/p>\n\n\n\n<p>O Colunistas Norte-Nordeste \u00e9 promovido pela Abracomp (Associa\u00e7\u00e3o Brasileira de Colunistas de Marketing e Propaganda), com o apoio do PROPMARK.<\/p>\n\n\n\n<h4 class=\"wp-block-heading\"><strong>Ficha T\u00e9cnica:<\/strong><\/h4>\n\n\n\n<p>Anunciante: GGB Grupo Gay da Bahia<\/p>\n\n\n\n<p>Titulo: I WILL SURVIVE<br>Produto: 19\u00aa PARADA DO ORGULHO LGBTQIA+ DA BAHIA<\/p>\n\n\n\n<p>CEO: Vitor Barros<br>CCO: Emerson Braga<\/p>\n\n\n\n<p>Dire\u00e7\u00e3o Executivo de Cria\u00e7\u00e3o: Fabiano Ribeiro<br>Dire\u00e7\u00e3o de Cria\u00e7\u00e3o: Karina Monique<br>Reda\u00e7\u00e3o: Emerson Braga, Paulo Lima, Rafael Damy<\/p>\n\n\n\n<p>Diretor de arte: Pedro Chequer<br>Diretora de atendimento: Michele Estevez<br>Supervisora de Produ\u00e7\u00e3o: Manuela Peixoto<\/p>\n\n\n\n<p>Produtora: Santeria<\/p>\n\n\n\n<p>Produ\u00e7\u00e3o Executiva: Edgard Soares Filho<\/p>\n\n\n\n<p>Dire\u00e7\u00e3o: Rafa Damy<\/p>\n\n\n\n<p>DIre\u00e7\u00e3o de Fotografia : Guilhe Muse<\/p>\n\n\n\n<p>Dire\u00e7\u00e3o de Arte: Paty Pereira + Tati Kordon<\/p>\n\n\n\n<p>Co-Dire\u00e7\u00e3o: Roddy Dextre<\/p>\n\n\n\n<p>Assistente de Dire\u00e7\u00e3o: B\u00e1rbara Bianchi + Radames Viol<\/p>\n\n\n\n<p>Prepara\u00e7\u00e3o de Elenco: B\u00e1rbara Aranega<\/p>\n\n\n\n<p>Make: Miriam Kanno<\/p>\n\n\n\n<p>Figurino: Kleber<\/p>\n\n\n\n<p>Dire\u00e7\u00e3o de Arte: Paty Pereira e Tati Kordon<\/p>\n\n\n\n<p>Coordena\u00e7\u00e3o de Produ\u00e7\u00e3o: Ana Paula<\/p>\n\n\n\n<p>Produ\u00e7\u00e3o: Marcelo<\/p>\n\n\n\n<p>Coordena\u00e7\u00e3o de P\u00f3s-produ\u00e7\u00e3o: Alexandre Fernandes<\/p>\n\n\n\n<p>Assist\u00eancia de P\u00f3s-produ\u00e7\u00e3o: Lucas Sakai<\/p>\n\n\n\n<p>Collor: Ely Silva<\/p>\n\n\n\n<p>P\u00f3s: Line<\/p>\n\n\n\n<p>Montagem: Oscar Delamanha<\/p>\n\n\n\n<p>Finaliza\u00e7\u00e3o: Line<\/p>\n\n\n\n<p>Produtora de Som: L\u00f3gico!<\/p>\n\n\n\n<p>Dire\u00e7\u00e3o Musical: Milton Min\u00e9<\/p>\n\n\n\n<p>Piano: Maestro Keco Brand\u00e3o.<\/p>\n\n\n\n<p>Canto: Hugo Rafael<\/p>\n\n\n\n<p>Locu\u00e7\u00e3o: Ayslan Rodrigues<\/p>\n\n\n\n<p>Mixagem e Masteriza\u00e7\u00e3o: Andr\u00e9 Ribeiro.<\/p>\n\n\n\n<p>Atendimento: Paola Belo<\/p>\n\n\n\n<p>Aprova\u00e7\u00e3o: Marcelo Cerqueira.<\/p>\n","protected":false},"excerpt":{"rendered":"<p>O filme &#8220;I Will Survive&#8221;, criado pela ag\u00eancia Propeg para o Grupo Gay da Bahia (GGB), foi um dos premiados no Pr\u00eamio Colunistas Norte e Nordeste [&hellip;]<\/p>\n","protected":false},"author":3,"featured_media":22482,"comment_status":"open","ping_status":"open","sticky":false,"template":"","format":"image","meta":{"footnotes":""},"categories":[80,9],"tags":[],"class_list":["post-22479","post","type-post","status-publish","format-image","has-post-thumbnail","hentry","category-home","category-me-orgulho","post_format-post-format-image"],"_links":{"self":[{"href":"https:\/\/blogs.correio24horas.com.br\/mesalte\/wp-json\/wp\/v2\/posts\/22479","targetHints":{"allow":["GET"]}}],"collection":[{"href":"https:\/\/blogs.correio24horas.com.br\/mesalte\/wp-json\/wp\/v2\/posts"}],"about":[{"href":"https:\/\/blogs.correio24horas.com.br\/mesalte\/wp-json\/wp\/v2\/types\/post"}],"author":[{"embeddable":true,"href":"https:\/\/blogs.correio24horas.com.br\/mesalte\/wp-json\/wp\/v2\/users\/3"}],"replies":[{"embeddable":true,"href":"https:\/\/blogs.correio24horas.com.br\/mesalte\/wp-json\/wp\/v2\/comments?post=22479"}],"version-history":[{"count":2,"href":"https:\/\/blogs.correio24horas.com.br\/mesalte\/wp-json\/wp\/v2\/posts\/22479\/revisions"}],"predecessor-version":[{"id":22481,"href":"https:\/\/blogs.correio24horas.com.br\/mesalte\/wp-json\/wp\/v2\/posts\/22479\/revisions\/22481"}],"wp:featuredmedia":[{"embeddable":true,"href":"https:\/\/blogs.correio24horas.com.br\/mesalte\/wp-json\/wp\/v2\/media\/22482"}],"wp:attachment":[{"href":"https:\/\/blogs.correio24horas.com.br\/mesalte\/wp-json\/wp\/v2\/media?parent=22479"}],"wp:term":[{"taxonomy":"category","embeddable":true,"href":"https:\/\/blogs.correio24horas.com.br\/mesalte\/wp-json\/wp\/v2\/categories?post=22479"},{"taxonomy":"post_tag","embeddable":true,"href":"https:\/\/blogs.correio24horas.com.br\/mesalte\/wp-json\/wp\/v2\/tags?post=22479"}],"curies":[{"name":"wp","href":"https:\/\/api.w.org\/{rel}","templated":true}]}}