{"id":22458,"date":"2021-03-06T11:18:48","date_gmt":"2021-03-06T14:18:48","guid":{"rendered":"https:\/\/blogs.correio24horas.com.br\/mesalte\/?p=22458"},"modified":"2021-03-06T11:24:03","modified_gmt":"2021-03-06T14:24:03","slug":"policia-investiga-neymar-por-homofobia-apos-ameacas-de-agressao-ao-ex-padrasto","status":"publish","type":"post","link":"https:\/\/blogs.correio24horas.com.br\/mesalte\/policia-investiga-neymar-por-homofobia-apos-ameacas-de-agressao-ao-ex-padrasto\/","title":{"rendered":"Pol\u00edcia investiga Neymar por homofobia ap\u00f3s amea\u00e7as de agress\u00e3o ao ex-padrasto"},"content":{"rendered":"\n<p>O atacante\u00a0Neymar Jr.,\u00a0que se recupera de contus\u00e3o para tentar enfrentar o\u00a0Barcelona\u00a0no jogo de volta da\u00a0Champions League\u00a0, pode ter que comparecer a delegacia muito em breve. A informa\u00e7\u00e3o \u00e9 do jornalista Gabriel Perline.\u00a0<\/p>\n\n\n\n<p>O jogador ser\u00e1 investigado e pode ser intimado por conta do epis\u00f3dio em que chamou\u00a0Tiago Ramos, ex-namorado da sua m\u00e3e, de &#8220;viadinho&#8221;.\u00a0\u00a0De acordo com Perlline, em conversa com amigos, em uma transmiss\u00e3o privada da Twitch &#8211; uma plataforma de jogos online\u00a0&#8211; Neymar falava do epis\u00f3dio em que o ex-namorado da sua m\u00e3e foi\u00a0levado ao hospital com um ferimento no bra\u00e7o,\u00a0depois de uma confus\u00e3o em um apartamento localizado em Santos.<\/p>\n\n\n\n<p>Na ocasi\u00e3o, ele revelou aos amigos que a m\u00e3e, Nadine\u00a0Gon\u00e7alves, mentiu para a fam\u00edlia ao dizer que o padrasto havia trope\u00e7ado da escada e ca\u00eddo em um vidro, j\u00e1 que isso seria imposs\u00edvel pela dist\u00e2ncia. Ainda na conversa, Neymar n\u00e3o escondeu seu descontentamento com Tiago e o chamou de \u201cviadinho\u201d e de \u201cd\u00e1 o c* do caralho\u201d. J\u00e1 os amigos sugerem que como castigo deveriam colocar cabo de vassoura no c* do padrasto do jogador.<\/p>\n\n\n\n<p>Ap\u00f3s o ocorrido, o ativista LGBTQIA+ Agripino Magalh\u00e3es denunciou o jogador por homofobia ao Minist\u00e9rio P\u00fablico e passou a receber amea\u00e7as de morte. Encaminhado \u00e0 Secretaria de Seguran\u00e7a P\u00fablica, o pedido foi acatado e o inqu\u00e9rito instaurado.<\/p>\n\n\n\n<p>De acordo com o jornalista, Agripino \u00e9 aguardado para prestar depoimento na pr\u00f3xima quarta-feira (10). Neymar, por sua vez, poder\u00e1 ser intimado a qualquer momento.<\/p>\n\n\n\n<p>Segundo Angelo Carbone, advogado do ativista, as falas do jogador podem incitar a propaga\u00e7\u00e3o do \u00f3dio aos LGBTs. <\/p>\n\n\n\n<blockquote class=\"wp-block-quote is-layout-flow wp-block-quote-is-layout-flow\"><p>&#8220;Ele \u00e9 um influenciador. A partir do momento em que fala com naturalidade algo que possa se enquadrar em crime de homofobia, ele incentiva seus f\u00e3s a terem o mesmo comportamento&#8221;, alega.<\/p><\/blockquote>\n","protected":false},"excerpt":{"rendered":"<p>O atacante\u00a0Neymar Jr.,\u00a0que se recupera de contus\u00e3o para tentar enfrentar o\u00a0Barcelona\u00a0no jogo de volta da\u00a0Champions League\u00a0, pode ter que comparecer a delegacia muito em breve. A [&hellip;]<\/p>\n","protected":false},"author":2,"featured_media":22459,"comment_status":"open","ping_status":"open","sticky":false,"template":"","format":"image","meta":{"footnotes":""},"categories":[28,80],"tags":[122,2172,561,2175,2174,2173],"class_list":["post-22458","post","type-post","status-publish","format-image","has-post-thumbnail","hentry","category-farofa-digital","category-home","tag-homofobia","tag-nadine-goncalves","tag-neymar","tag-neymar-homofobia","tag-neymar-jr","tag-tiago-ramos","post_format-post-format-image"],"_links":{"self":[{"href":"https:\/\/blogs.correio24horas.com.br\/mesalte\/wp-json\/wp\/v2\/posts\/22458","targetHints":{"allow":["GET"]}}],"collection":[{"href":"https:\/\/blogs.correio24horas.com.br\/mesalte\/wp-json\/wp\/v2\/posts"}],"about":[{"href":"https:\/\/blogs.correio24horas.com.br\/mesalte\/wp-json\/wp\/v2\/types\/post"}],"author":[{"embeddable":true,"href":"https:\/\/blogs.correio24horas.com.br\/mesalte\/wp-json\/wp\/v2\/users\/2"}],"replies":[{"embeddable":true,"href":"https:\/\/blogs.correio24horas.com.br\/mesalte\/wp-json\/wp\/v2\/comments?post=22458"}],"version-history":[{"count":3,"href":"https:\/\/blogs.correio24horas.com.br\/mesalte\/wp-json\/wp\/v2\/posts\/22458\/revisions"}],"predecessor-version":[{"id":22462,"href":"https:\/\/blogs.correio24horas.com.br\/mesalte\/wp-json\/wp\/v2\/posts\/22458\/revisions\/22462"}],"wp:featuredmedia":[{"embeddable":true,"href":"https:\/\/blogs.correio24horas.com.br\/mesalte\/wp-json\/wp\/v2\/media\/22459"}],"wp:attachment":[{"href":"https:\/\/blogs.correio24horas.com.br\/mesalte\/wp-json\/wp\/v2\/media?parent=22458"}],"wp:term":[{"taxonomy":"category","embeddable":true,"href":"https:\/\/blogs.correio24horas.com.br\/mesalte\/wp-json\/wp\/v2\/categories?post=22458"},{"taxonomy":"post_tag","embeddable":true,"href":"https:\/\/blogs.correio24horas.com.br\/mesalte\/wp-json\/wp\/v2\/tags?post=22458"}],"curies":[{"name":"wp","href":"https:\/\/api.w.org\/{rel}","templated":true}]}}