{"id":22440,"date":"2021-03-04T20:45:53","date_gmt":"2021-03-04T23:45:53","guid":{"rendered":"https:\/\/blogs.correio24horas.com.br\/mesalte\/?p=22440"},"modified":"2021-03-04T20:55:29","modified_gmt":"2021-03-04T23:55:29","slug":"centro-lgbt-da-bahia-lanca-campanha-para-garantir-direito-ao-nome-social","status":"publish","type":"post","link":"https:\/\/blogs.correio24horas.com.br\/mesalte\/centro-lgbt-da-bahia-lanca-campanha-para-garantir-direito-ao-nome-social\/","title":{"rendered":"Ap\u00f3s 40 solicita\u00e7\u00f5es em fevereiro, Centro LGBT da Bahia lan\u00e7a campanha para garantir direito ao nome social"},"content":{"rendered":"\n<p>Logo ap\u00f3s 40 travestis e transexuais solicitarem uso do nome social em fevereiro na Bahia, o Centro de Promo\u00e7\u00e3o e Defesa dos Direitos da Popula\u00e7\u00e3o LGBT da Bahia (CPDD-LGBT) lan\u00e7a nesta sexta-feira (5) a campanha \u201cMe Chame Pelo Meu Nome: Nome Social \u00e9 Direito Garantido\u201d. <\/p>\n\n\n\n<p>A ideia da campanha \u00e9 sensibilizar a sociedade acerca da import\u00e2ncia da garantia de cada um ser chamado pelo nome escolhido (nome social). A a\u00e7\u00e3o surgiu justamente porque o CPDD-LGBT, \u00f3rg\u00e3o ligado \u00e0 Secretaria de Justi\u00e7a, Direitos Humanos e Desenvolvimento Social da Bahia (SJDHDS), tem recebido muitas demandas para a troca do nome social. <\/p>\n\n\n\n<p>De acordo com o \u00f3rg\u00e3o do governo do estado, essa movimenta\u00e7\u00e3o aumentou tamb\u00e9m por conta do preconceito e transfobia sofridos pelas pessoas transexuais que ainda n\u00e3o possuem nos seus documentos o nome social e acabam sendo v\u00edtimas de situa\u00e7\u00f5es discriminat\u00f3rias, a exemplo de atendimento em hospitais e servi\u00e7os p\u00fablicos. <br><br>A campanha \u201cMe chame pelo meu nome: Nome social \u00e9 direito garantido\u201d contar\u00e1 com publica\u00e7\u00f5es de pe\u00e7as publicit\u00e1rias nas redes sociais, al\u00e9m de debates com advogados para informar sobre os procedimentos legais e passo a passo para mudan\u00e7a do nome nos documentos.<br><br>Para Tailon Alessandro, homem trans, 23 anos e modelo da campanha, a mudan\u00e7a nos seus documentos, al\u00e9m de ter sido uma conquista, \u00e9 motivo de al\u00edvio e orgulho, por constar em seus documentos o nome escolhido por ele. <\/p>\n\n\n\n<blockquote class=\"wp-block-quote is-layout-flow wp-block-quote-is-layout-flow\"><p>\u201cEstou muito feliz e seguro, pois passei por muitos constrangimentos pela falta do documento com meu nome. Era doloroso chegar aos lugares e ser chamado pelo meu nome civil. Hoje, eu sou Tailon. Isso me deixa muito feliz e certo de que n\u00e3o irei sofrer nenhum ato de transfobia por esse motivo&#8221;, celebra.<\/p><\/blockquote>\n\n\n\n<p>De acordo com o coordenador do Centro e integrante da Institui\u00e7\u00e3o Beneficente Concei\u00e7\u00e3o Macedo (IBCM), respons\u00e1vel pela gest\u00e3o do CPDD-LGBT, Renildo Barbosa, essa mudan\u00e7a do nome social \u00e9 fundamental e urgente, pois \u00e9 um direito da popula\u00e7\u00e3o trans que precisa ser garantido. <\/p>\n\n\n\n<blockquote class=\"wp-block-quote is-layout-flow wp-block-quote-is-layout-flow\"><p>\u201cN\u00e3o \u00e9 apenas a troca do nome, \u00e9 muito al\u00e9m, \u00e9 a conquista da liberdade da transfobia, a autoestima e, principalmente, um direito garantido. Vamos fortalecer ainda mais a nossa rede para atender e fazer esse processo com o maior n\u00famero poss\u00edvel de pessoas que buscam nossa equipe t\u00e9cnica. Vamos mudar essa realidade\u201d, afirma Barbosa.<\/p><\/blockquote>\n\n\n\n<p>O CPDD-LGBT tem WhatsApp exclusivo para atendimento, triagem e encaminhamento para o corpo t\u00e9cnico, por meio do n\u00famero (71) 9 9606-5505, das 8h \u00e0s 17h, de segunda \u00e0 sexta-feira.<\/p>\n\n\n\n<p style=\"text-align:right\"><em>(Foto: Genilson Coutinho\/Divulga\u00e7\u00e3o)<\/em><\/p>\n","protected":false},"excerpt":{"rendered":"<p>Logo ap\u00f3s 40 travestis e transexuais solicitarem uso do nome social em fevereiro na Bahia, o Centro de Promo\u00e7\u00e3o e Defesa dos Direitos da Popula\u00e7\u00e3o LGBT [&hellip;]<\/p>\n","protected":false},"author":3,"featured_media":22441,"comment_status":"open","ping_status":"open","sticky":false,"template":"","format":"image","meta":{"footnotes":""},"categories":[80,9,25],"tags":[],"class_list":["post-22440","post","type-post","status-publish","format-image","has-post-thumbnail","hentry","category-home","category-me-orgulho","category-me-transformo","post_format-post-format-image"],"_links":{"self":[{"href":"https:\/\/blogs.correio24horas.com.br\/mesalte\/wp-json\/wp\/v2\/posts\/22440","targetHints":{"allow":["GET"]}}],"collection":[{"href":"https:\/\/blogs.correio24horas.com.br\/mesalte\/wp-json\/wp\/v2\/posts"}],"about":[{"href":"https:\/\/blogs.correio24horas.com.br\/mesalte\/wp-json\/wp\/v2\/types\/post"}],"author":[{"embeddable":true,"href":"https:\/\/blogs.correio24horas.com.br\/mesalte\/wp-json\/wp\/v2\/users\/3"}],"replies":[{"embeddable":true,"href":"https:\/\/blogs.correio24horas.com.br\/mesalte\/wp-json\/wp\/v2\/comments?post=22440"}],"version-history":[{"count":4,"href":"https:\/\/blogs.correio24horas.com.br\/mesalte\/wp-json\/wp\/v2\/posts\/22440\/revisions"}],"predecessor-version":[{"id":22447,"href":"https:\/\/blogs.correio24horas.com.br\/mesalte\/wp-json\/wp\/v2\/posts\/22440\/revisions\/22447"}],"wp:featuredmedia":[{"embeddable":true,"href":"https:\/\/blogs.correio24horas.com.br\/mesalte\/wp-json\/wp\/v2\/media\/22441"}],"wp:attachment":[{"href":"https:\/\/blogs.correio24horas.com.br\/mesalte\/wp-json\/wp\/v2\/media?parent=22440"}],"wp:term":[{"taxonomy":"category","embeddable":true,"href":"https:\/\/blogs.correio24horas.com.br\/mesalte\/wp-json\/wp\/v2\/categories?post=22440"},{"taxonomy":"post_tag","embeddable":true,"href":"https:\/\/blogs.correio24horas.com.br\/mesalte\/wp-json\/wp\/v2\/tags?post=22440"}],"curies":[{"name":"wp","href":"https:\/\/api.w.org\/{rel}","templated":true}]}}