{"id":22432,"date":"2021-03-03T20:30:57","date_gmt":"2021-03-03T23:30:57","guid":{"rendered":"https:\/\/blogs.correio24horas.com.br\/mesalte\/?p=22432"},"modified":"2021-03-08T11:37:18","modified_gmt":"2021-03-08T14:37:18","slug":"norma-com-du-moscovis-e-ana-lucia-torre-espetaculo-com-protagonista-gay-tera-exibicao-online","status":"publish","type":"post","link":"https:\/\/blogs.correio24horas.com.br\/mesalte\/norma-com-du-moscovis-e-ana-lucia-torre-espetaculo-com-protagonista-gay-tera-exibicao-online\/","title":{"rendered":"Norma: Com Du Moscovis e Ana Lucia Torre, espet\u00e1culo com protagonista gay ter\u00e1 exibi\u00e7\u00e3o online"},"content":{"rendered":"\n<p>O espet\u00e1culo Norma retorna agora, depois de 15 anos, em uma vers\u00e3o digital do projeto Cat\u00e1logo Brasileiro de Teatro Online, #TudoQueVoc\u00eaQuerVerNaWeb, que acontece neste final de semana.<\/p>\n\n\n\n<p>Em cena, o ator interpreta Renato, um homem homossexual solit\u00e1rio, antigo inquilino de um apartamento que se aproxima da atual moradora, Norma, personagem-t\u00edtulo vivida por Ana Lucia. O encontro deles acontece quando ele para que informe seu endere\u00e7o e n\u00famero de telefone atuais a todos aqueles que o procurarem. <\/p>\n\n\n\n<p>A partir disso, a trama escrita por Dora Castellar e T\u00f4nio Carvalho \u2013 que tamb\u00e9m assina a dire\u00e7\u00e3o \u2013 se desenrola buscando despertar identifica\u00e7\u00e3o no p\u00fablico ao abordar temas comuns a qualquer pessoa como perdas, abandono, sonho, toler\u00e2ncia e reconcilia\u00e7\u00e3o.<\/p>\n\n\n\n<div class=\"wp-block-image\"><figure class=\"aligncenter\"><img loading=\"lazy\" decoding=\"async\" width=\"648\" height=\"462\" src=\"https:\/\/blogs.correio24h.com.br\/mesalte\/wp-content\/uploads\/2021\/03\/WhatsApp-Image-2021-03-02-at-11.16.32.jpeg\" alt=\"\" class=\"wp-image-22434\" srcset=\"https:\/\/blogs.correio24h.com.br\/mesalte\/wp-content\/uploads\/2021\/03\/WhatsApp-Image-2021-03-02-at-11.16.32.jpeg 648w, https:\/\/blogs.correio24h.com.br\/mesalte\/wp-content\/uploads\/2021\/03\/WhatsApp-Image-2021-03-02-at-11.16.32-300x214.jpeg 300w, https:\/\/blogs.correio24h.com.br\/mesalte\/wp-content\/uploads\/2021\/03\/WhatsApp-Image-2021-03-02-at-11.16.32-205x146.jpeg 205w, https:\/\/blogs.correio24h.com.br\/mesalte\/wp-content\/uploads\/2021\/03\/WhatsApp-Image-2021-03-02-at-11.16.32-50x36.jpeg 50w, https:\/\/blogs.correio24h.com.br\/mesalte\/wp-content\/uploads\/2021\/03\/WhatsApp-Image-2021-03-02-at-11.16.32-105x75.jpeg 105w\" sizes=\"auto, (max-width: 648px) 100vw, 648px\" \/><\/figure><\/div>\n\n\n\n<p>J\u00e1 o t\u00edtulo (Norma), que batiza o espet\u00e1culo e a protagonista, vem do sentido literal da palavra no dicion\u00e1rio, que significa regra, lei, padr\u00e3o. Assim, os autores criaram a personagem como uma mulher que vive dentro dos c\u00f3digos de \u201cnormalidade\u201d, mas passa a se redescobrir a partir do momento em que conhece Renato.<\/p>\n\n\n\n<p>&#8220;Esse texto \u00e9 muito atual, e todas as pessoas se identificam. Falamos das rela\u00e7\u00f5es, dos conflitos humanos, que permanecem inalterados, infelizmente. O preconceito, de qualquer esp\u00e9cie, \u00e9 o que h\u00e1 de pior para se pleitear uma sociedade mais justa e diversa&#8221;, afirma Ana Lucia Torre.<\/p>\n\n\n\n<ul class=\"wp-block-list\"><li><strong>Sexta-feira (5)<\/strong><\/li><\/ul>\n\n\n\n<p>No ano passado, diante da impossibilidade de contato e o conv\u00edvio social, por conta da pandemia, Norma voltou \u00e0 cena pela universalidade inerente ao seu tema, trazendo para o p\u00fablico uma mensagem positiva e atual sobre a necessidade de romper padr\u00f5es de comportamentos.  Dessa vez, a quase vinte anos depois da estreia, Norma ser\u00e1 exibida nesta sexta-feira (5), em formato online.<\/p>\n\n\n\n<ul class=\"wp-block-list\"><li><strong>S\u00e1bado (6)<\/strong><\/li><\/ul>\n\n\n\n<p>J\u00e1 no s\u00e1bado (6), ser\u00e1 a vez de conhecer um amor marcado por narrativas afetivas e afirmativas  do artista, desde ex-namorados, paqueras e \u201ccrushs\u201d, at\u00e9 amigos e familiares. Em #ComproVendoTrocoAmor tudo \u00e9 exposto para  compra, venda e troca &#8211; marcadores de pontos de vista que comp\u00f5em a obra de fic\u00e7\u00e3o-biogr\u00e1fica, num misto de teatro, performance, m\u00fasica e audiovisual.<\/p>\n\n\n\n<p>Sob as c\u00e2meras, essas hist\u00f3rias s\u00e3o atravessadas por can\u00e7\u00f5es e questionamentos evocados por fragmentos pessoais escritos em cartas, mensagens de WhatsApp, depoimentos em v\u00eddeo e encontros de corpos e afetos transitando entre m\u00fasicas autorais e  composi\u00e7\u00f5es da m\u00fasica popular brasileira que evidenciam o amor. Nomes como Gal Costa, Milton  Nascimento, Djavan e Alcione, s\u00e3o revisitados assim como vozes da cena mais contempor\u00e2nea, a exemplo  de Silva, Mahmundi, Lagum, Liniker e 5 a seco.<\/p>\n\n\n\n<ul class=\"wp-block-list\"><li><strong>Domingo (7)<\/strong><\/li><\/ul>\n\n\n\n<p>Os amantes da poesia poder\u00e3o confirmar o papel que esta forma art\u00edstica tem na vida das pessoas. T\u00e1 Tudo Treta e a Poesia Rege \u00e9 um depoimento de uma companhia de teatro sobre os dias atuais &#8211; a vida presente, os homens e  mulheres desse estranho momento da hist\u00f3ria humana. Na narrativa, que ser\u00e1 exibida no domingo (7), ser\u00e3o discutidas as pot\u00eancias e os  limites das artes em tempos em que a morte assume o protagonismo.<\/p>\n\n\n\n<h2 class=\"wp-block-heading\">Onde assistir<\/h2>\n\n\n\n<p>As exibi\u00e7\u00f5es ser\u00e3o \u00e0s 20h, no canal da <a href=\"https:\/\/www.youtube.com\/channel\/UCEV2mv6i0vY7wfM1ayBHtaw\">Fred Soares Produ\u00e7\u00f5es, no YouTube.<\/a> O Cat\u00e1logo Brasileiro de Teatro \u00e9 uma realiza\u00e7\u00e3o da Fred Soares Produ\u00e7\u00f5es e sua vers\u00e3o online conta com o apoio financeiro do Estado da Bahia atrav\u00e9s da Secretaria  de Cultura e da Funda\u00e7\u00e3o Cultural do Estado da Bahia (Programa Aldir Blanc Bahia) via Lei Aldir Blanc,  direcionada pela Secretaria Especial da Cultural do Minist\u00e9rio do Turismo, Governo Federal.<\/p>\n\n\n\n<p><strong>Norma<\/strong><br>Quando: 05 de mar\u00e7o<br>Hor\u00e1rio da estreia: 20h<br>Gratuito pelo YouTube<\/p>\n\n\n\n<iframe loading=\"lazy\" width=\"560\" height=\"315\" src=\"https:\/\/www.youtube.com\/embed\/h-h8HK_wMSs\" frameborder=\"0\" allow=\"accelerometer; autoplay; clipboard-write; encrypted-media; gyroscope; picture-in-picture\" allowfullscreen=\"\"><\/iframe>\n\n\n\n<p>#<strong>ComproVendoTrocoAmor<\/strong><br>Quando: 06 de mar\u00e7o<br>Hor\u00e1rio da estreia: 20h<br>Gratuito pelo YouTube<\/p>\n\n\n\n<iframe loading=\"lazy\" width=\"560\" height=\"315\" src=\"https:\/\/www.youtube.com\/embed\/WFhLCS_X8H0\" frameborder=\"0\" allow=\"accelerometer; autoplay; clipboard-write; encrypted-media; gyroscope; picture-in-picture\" allowfullscreen=\"\"><\/iframe>\n\n\n\n<p><strong>T\u00e1 Tudo Treta e a Poesia Rege<\/strong><br>Quando: 07 de mar\u00e7o<br>Hor\u00e1rio da estreia: 20h<br>Gratuito pelo YouTube<\/p>\n\n\n\n<iframe loading=\"lazy\" width=\"560\" height=\"315\" src=\"https:\/\/www.youtube.com\/embed\/XXsCTlQbaLI\" frameborder=\"0\" allow=\"accelerometer; autoplay; clipboard-write; encrypted-media; gyroscope; picture-in-picture\" allowfullscreen=\"\"><\/iframe>\n\n\n\n<hr class=\"wp-block-separator\"\/>\n\n\n\n<p><strong>Ficha T\u00e9cnica &#8211; Norma<\/strong><br> Elenco: Ana L\u00facia Torre e Eduardo Moscovis<br> Texto: Dora Castellar e T\u00f4nio Carvalho<br> Dire\u00e7\u00e3o: T\u00f4nio Carvalho<br> Cen\u00e1rio e figurino: Gilberto Gawrosnki<br> Designer de luz: Paulo C\u00e9sar Medeiros<br> Dire\u00e7\u00e3o musical: M\u00e1rio Avellar<br> Coordena\u00e7\u00e3o t\u00e9cnica: Norma Crespo<br> Produ\u00e7\u00e3o executiva: Edgard Jord\u00e3o<br> Realiza\u00e7\u00e3o: Eduardo Moscovis<br> DURA\u00c7\u00c3O: 80\u201d<br> CLASSIFICA\u00c7\u00c3O: 12 ANOS<\/p>\n\n\n\n<p><strong>Ficha T\u00e9cnica &#8211; <\/strong>#<strong>ComproVendoTrocoAmor<\/strong><br> Concep\u00e7\u00e3o e Roteiro: Luiz Ant\u00f4nio Sena Jr.<br> Dire\u00e7\u00e3o: Marcus Lobo<br> Voz: Luiz Ant\u00f4nio Sena Jr.<br> Guitarra e Coro: Roquildes Jr.<br> Programa\u00e7\u00f5es e Sintetizadores: Filipe Mimoso<br> Percuss\u00e3o e Coro: Anderson Danttas<br> Dire\u00e7\u00e3o de Imagem, V\u00eddeos e Fotos: Giovani Rufino<br> Ilumina\u00e7\u00e3o: Marcus Lobo<br> Cenografia: Luiz Ant\u00f4nio Sena Jr. e Marcus Lobo<br> Figurino: Tina Melo<\/p>\n\n\n\n<p><strong>Ficha T\u00e9cnica &#8211; T\u00e1 Tudo Treta e a Poesia Rege<\/strong><br> Realiza\u00e7\u00e3o: Cia. do Tijolo<br> Dura\u00e7\u00e3o: 70 min<br> Classifica\u00e7\u00e3o: 14 anos<\/p>\n","protected":false},"excerpt":{"rendered":"<p>O espet\u00e1culo Norma retorna agora, depois de 15 anos, em uma vers\u00e3o digital do projeto Cat\u00e1logo Brasileiro de Teatro Online, #TudoQueVoc\u00eaQuerVerNaWeb, que acontece neste final de [&hellip;]<\/p>\n","protected":false},"author":3,"featured_media":22433,"comment_status":"open","ping_status":"open","sticky":false,"template":"","format":"image","meta":{"footnotes":""},"categories":[80],"tags":[2169,2168,2170],"class_list":["post-22432","post","type-post","status-publish","format-image","has-post-thumbnail","hentry","category-home","tag-ana-lucia-torre","tag-du-moscovis","tag-norma","post_format-post-format-image"],"_links":{"self":[{"href":"https:\/\/blogs.correio24horas.com.br\/mesalte\/wp-json\/wp\/v2\/posts\/22432","targetHints":{"allow":["GET"]}}],"collection":[{"href":"https:\/\/blogs.correio24horas.com.br\/mesalte\/wp-json\/wp\/v2\/posts"}],"about":[{"href":"https:\/\/blogs.correio24horas.com.br\/mesalte\/wp-json\/wp\/v2\/types\/post"}],"author":[{"embeddable":true,"href":"https:\/\/blogs.correio24horas.com.br\/mesalte\/wp-json\/wp\/v2\/users\/3"}],"replies":[{"embeddable":true,"href":"https:\/\/blogs.correio24horas.com.br\/mesalte\/wp-json\/wp\/v2\/comments?post=22432"}],"version-history":[{"count":4,"href":"https:\/\/blogs.correio24horas.com.br\/mesalte\/wp-json\/wp\/v2\/posts\/22432\/revisions"}],"predecessor-version":[{"id":22439,"href":"https:\/\/blogs.correio24horas.com.br\/mesalte\/wp-json\/wp\/v2\/posts\/22432\/revisions\/22439"}],"wp:featuredmedia":[{"embeddable":true,"href":"https:\/\/blogs.correio24horas.com.br\/mesalte\/wp-json\/wp\/v2\/media\/22433"}],"wp:attachment":[{"href":"https:\/\/blogs.correio24horas.com.br\/mesalte\/wp-json\/wp\/v2\/media?parent=22432"}],"wp:term":[{"taxonomy":"category","embeddable":true,"href":"https:\/\/blogs.correio24horas.com.br\/mesalte\/wp-json\/wp\/v2\/categories?post=22432"},{"taxonomy":"post_tag","embeddable":true,"href":"https:\/\/blogs.correio24horas.com.br\/mesalte\/wp-json\/wp\/v2\/tags?post=22432"}],"curies":[{"name":"wp","href":"https:\/\/api.w.org\/{rel}","templated":true}]}}