{"id":22426,"date":"2021-03-01T19:36:11","date_gmt":"2021-03-01T22:36:11","guid":{"rendered":"https:\/\/blogs.correio24horas.com.br\/mesalte\/?p=22426"},"modified":"2021-03-01T19:40:55","modified_gmt":"2021-03-01T22:40:55","slug":"jornalista-marcelo-cosme-da-globonews-fala-do-namorado-pela-1a-vez-ao-vivo","status":"publish","type":"post","link":"https:\/\/blogs.correio24horas.com.br\/mesalte\/jornalista-marcelo-cosme-da-globonews-fala-do-namorado-pela-1a-vez-ao-vivo\/","title":{"rendered":"Jornalista Marcelo Cosme, da GloboNews, fala do namorado pela 1\u00aa vez ao vivo"},"content":{"rendered":"\n<p>O apresentador\u00a0Marcelo Cosme, que comanda o programa \u201cEm Pauta\u201d, da\u00a0GloboNews, falou ao vivo sobre o namorado. O jornalista entrevistava a pneumologista e pesquisadora da Fiocruz,\u00a0Margareth Dalcom<strong>o<\/strong>, quando falou sobre o companheiro, que \u00e9 m\u00e9dico e est\u00e1 na linha de frente contra o novo coronav\u00edrus (assista abaixo).<\/p>\n\n\n\n<p>O telejornal falava sobre o um ano da pandemia no Brasil e a cientista comentava sobre a gravidade da segunda onda de Covid-19 no pa\u00eds, que j\u00e1 infectou mais de 10 milh\u00f5es de brasileiros.<\/p>\n\n\n\n<p>\u201cN\u00e3o tem sido f\u00e1cil para ningu\u00e9m. Para nenhum profissional de sa\u00fade\u201d, desabafou Dalcomo em sua fala final. Foi quando o contratado da Globo deu sua vis\u00e3o sobre os \u00faltimos 365 dias de plena pandemia.<\/p>\n\n\n\n<p>\u201cAcho que a gente nem pode imaginar. Na verdade, eu vou ser sincero com quem est\u00e1 nos assistindo. Eu posso imaginar\u201d, come\u00e7ou.\u00a0\u201cO meu namorado \u00e9 m\u00e9dico e trabalha na UTI onde as pessoas s\u00e3o recebidas com Covid-19. Eu recebo esses relatos e sei o quanto \u00e9 dif\u00edcil\u201d, disse.<\/p>\n\n\n\n<p>\u201cFica mais uma vez o nosso respeito a esses profissionais que s\u00e3o t\u00e3o fundamentais\u201d, parabenizou Marcelo Cosme, que rendeu elogios \u00e0 pesquisadora.\u00a0\u201cDoutora Margareth. \u00c9 muito bom ouvi-la e ter a senhora aqui, e nesse dia t\u00e3o dif\u00edcil em que a gente completa um ano do primeiro caso positivo\u201d, declarou.<\/p>\n\n\n\n<p>Quando Marcelo falou sobre sua rela\u00e7\u00e3o\u00a0ao vivo foi alvo de coment\u00e1rios diversos dos internautas. O jornalista Guga Chacra, por exemplo, elogiou o colega de profiss\u00e3o e ainda compartilhou o v\u00eddeo da ocasi\u00e3o. <\/p>\n\n\n\n<figure class=\"wp-block-embed-twitter aligncenter wp-block-embed is-type-rich is-provider-twitter\"><div class=\"wp-block-embed__wrapper\">\n<blockquote class=\"twitter-tweet\" data-width=\"550\" data-dnt=\"true\"><p lang=\"pt\" dir=\"ltr\">Importante depoimento do <a href=\"https:\/\/twitter.com\/cosmemarcelo?ref_src=twsrc%5Etfw\">@cosmemarcelo<\/a> sobre a situa\u00e7\u00e3o das UTIs no Brasil . Tamb\u00e9m corajoso ao falar do namorado, m\u00e9dico, em um pa\u00eds onde ainda h\u00e1 enorme homofobia. Orgulho de trabalhar com este amigo no <a href=\"https:\/\/twitter.com\/GloboNews?ref_src=twsrc%5Etfw\">@globonews<\/a> Em Pauta <a href=\"https:\/\/t.co\/Z3KFZZtatN\">pic.twitter.com\/Z3KFZZtatN<\/a><\/p>&mdash; Guga Chacra (@gugachacra) <a href=\"https:\/\/twitter.com\/gugachacra\/status\/1366054543163863041?ref_src=twsrc%5Etfw\">February 28, 2021<\/a><\/blockquote><script async src=\"https:\/\/platform.twitter.com\/widgets.js\" charset=\"utf-8\"><\/script>\n<\/div><\/figure>\n\n\n\n<p>Ap\u00f3s a repercuss\u00e3o do momento na web, o pr\u00f3prio Cosme compartilhou as imagens. &#8220;Pra mim foi uma fala comum. Igual a de qq outra pessoa que namora. \u00c9 preciso normalizar, naturalizar e respeitar. E mais uma vez: obrigado aos profissionais de sa\u00fade. Est\u00e3o salvando vidas minuto a minuto&#8221;, escreveu o jornalista.<\/p>\n","protected":false},"excerpt":{"rendered":"<p>O apresentador\u00a0Marcelo Cosme, que comanda o programa \u201cEm Pauta\u201d, da\u00a0GloboNews, falou ao vivo sobre o namorado. O jornalista entrevistava a pneumologista e pesquisadora da Fiocruz,\u00a0Margareth Dalcomo, [&hellip;]<\/p>\n","protected":false},"author":3,"featured_media":22427,"comment_status":"open","ping_status":"open","sticky":false,"template":"","format":"image","meta":{"footnotes":""},"categories":[80],"tags":[],"class_list":["post-22426","post","type-post","status-publish","format-image","has-post-thumbnail","hentry","category-home","post_format-post-format-image"],"_links":{"self":[{"href":"https:\/\/blogs.correio24horas.com.br\/mesalte\/wp-json\/wp\/v2\/posts\/22426","targetHints":{"allow":["GET"]}}],"collection":[{"href":"https:\/\/blogs.correio24horas.com.br\/mesalte\/wp-json\/wp\/v2\/posts"}],"about":[{"href":"https:\/\/blogs.correio24horas.com.br\/mesalte\/wp-json\/wp\/v2\/types\/post"}],"author":[{"embeddable":true,"href":"https:\/\/blogs.correio24horas.com.br\/mesalte\/wp-json\/wp\/v2\/users\/3"}],"replies":[{"embeddable":true,"href":"https:\/\/blogs.correio24horas.com.br\/mesalte\/wp-json\/wp\/v2\/comments?post=22426"}],"version-history":[{"count":3,"href":"https:\/\/blogs.correio24horas.com.br\/mesalte\/wp-json\/wp\/v2\/posts\/22426\/revisions"}],"predecessor-version":[{"id":22430,"href":"https:\/\/blogs.correio24horas.com.br\/mesalte\/wp-json\/wp\/v2\/posts\/22426\/revisions\/22430"}],"wp:featuredmedia":[{"embeddable":true,"href":"https:\/\/blogs.correio24horas.com.br\/mesalte\/wp-json\/wp\/v2\/media\/22427"}],"wp:attachment":[{"href":"https:\/\/blogs.correio24horas.com.br\/mesalte\/wp-json\/wp\/v2\/media?parent=22426"}],"wp:term":[{"taxonomy":"category","embeddable":true,"href":"https:\/\/blogs.correio24horas.com.br\/mesalte\/wp-json\/wp\/v2\/categories?post=22426"},{"taxonomy":"post_tag","embeddable":true,"href":"https:\/\/blogs.correio24horas.com.br\/mesalte\/wp-json\/wp\/v2\/tags?post=22426"}],"curies":[{"name":"wp","href":"https:\/\/api.w.org\/{rel}","templated":true}]}}