{"id":22421,"date":"2021-02-27T21:51:49","date_gmt":"2021-02-28T00:51:49","guid":{"rendered":"https:\/\/blogs.correio24horas.com.br\/mesalte\/?p=22421"},"modified":"2021-02-27T22:08:22","modified_gmt":"2021-02-28T01:08:22","slug":"bbb-21-sarah-questiona-beijo-de-gil-e-lucas-e-e-acusada-de-bifobia-e-transfobia","status":"publish","type":"post","link":"https:\/\/blogs.correio24horas.com.br\/mesalte\/bbb-21-sarah-questiona-beijo-de-gil-e-lucas-e-e-acusada-de-bifobia-e-transfobia\/","title":{"rendered":"BBB 21: Sarah questiona beijo de Gil e Lucas e \u00e9 acusada de bifobia e transfobia"},"content":{"rendered":"\n<p>A madrugada de sexta-feira (26) foi bem agitada no Big Brother Brasil (BBB 21). Os brothers receberam cooler e petiscos enviados pela produ\u00e7\u00e3o e o ator Lucas Penteado, que saiu do reality show, foi novamente assunto nas conversas dos participantes.<\/p>\n\n\n\n<p>Em conversa com\u00a0Projota\u00a0e\u00a0Juliette, Sarah\u00a0questionou novamente se o beijo entre o ator e\u00a0Gilberto\u00a0teria sido motivado por estrat\u00e9gia de jogo.\u00a0&#8220;Eu n\u00e3o sei se era verdade, at\u00e9 hoje n\u00e3o tem como saber. Eu n\u00e3o t\u00f4 falando de ser homossexual, eu t\u00f4 falando de beijo na hora errada&#8221;,\u00a0disse a consultora em marketing digital.<\/p>\n\n\n\n<p>&#8220;\u00c9 a mesma coisa dele ter dado em cima de algu\u00e9m aqui pra poder fod** com outra pessoa, porque tipo assim: &#8216;essa pessoa aqui pode ser que tenha uma boa torcida l\u00e1 fora, vou me envolver com ela pra a outra pessoa que for num pared\u00e3o comigo, sair'&#8221;,\u00a0continuou, insinuando que esse poderia ter sido o real motivo de Lucas para ficar com Gilberto.<\/p>\n\n\n\n<p>Vale ressaltar que a iniciativa do beijo partiu do economista e que nenhum outro casal &#8211; com pessoas de g\u00eaneros opostos  &#8211; foi questionado, como\u00a0Arthur\u00a0e\u00a0Carla, Fiuk\u00a0e\u00a0Tha\u00eds, Arcrebiano\u00a0e\u00a0Karol Conk\u00e1.<\/p>\n\n\n\n<p>A brasiliense fez quest\u00e3o de dizer que n\u00e3o tem preconceito com pessoas LGBT, pelo contr\u00e1rio:\u00a0&#8220;Tanto que eu fiquei grudada com o Gil o tempo todo. Se tem uma coisa que eu n\u00e3o tenho \u00e9 preconceito com isso. Amo, adoro, acho que eu era um travesti na vida passada porque eu gosto dessas coisas, adoro essa putar**&#8221;.\u00a0<\/p>\n\n\n\n<p>Apesar de Sarah ter usado o termo &#8220;homossexual&#8221;, Lucas disse, dentro e fora do jogo, que \u00e9 bissexual. &#8220;S\u00f3 que eu fiquei com medo de ele estar brincando com sentimentos de um amigo meu. Ser\u00e1 que isso \u00e9 verdade?&#8221;,\u00a0acrescentou.<\/p>\n\n\n\n<p>Em seguida, Sarah comentou sobre uma conversa que teve com\u00a0Jo\u00e3o\u00a0sobre o assunto. &#8220;A\u00ed foi quando eu perguntei pro Jo\u00e3o e o Jo\u00e3o falou &#8220;no primeiro dia eu senti que o Lucas era bi&#8221;. A\u00ed eu falei pro Jo\u00e3o: &#8216;se voc\u00ea t\u00e1 falando eu acredito, mas (&#8230;) se era verdade, ser\u00e1 que precisava ter sido nesse momento?&#8217; Por que n\u00e3o foi semana passada ou na semana que vem? Esperasse o pared\u00e3o passar. Sei l\u00e1.&#8221;\u00a0, falou.<\/p>\n\n\n\n<p>N\u00e3o foi a primeira vez que a sister discutiu a vontade de beijar do Lucas. Na festa em que o beijo aconteceu, ela disse a Gilberto que ele teria sido usado por Lucas, que deixou a casa horas depois ap\u00f3s press\u00e3o psicol\u00f3gica.<\/p>\n\n\n\n<p>A fala de Sarah nesta madrugada dividiu opini\u00f5es na web. Alguns internautas comentaram sobre o fato dela questionar a motiva\u00e7\u00e3o de Lucas, que n\u00e3o tinha falado sobre sua bissexualidade na casa, beijar Gil e n\u00e3o fazer o mesmo com os outros. Assim, apontaram bif\u00f3bica no seu coment\u00e1rio. Ela chegou a ser comparada com\u00a0Lumena,\u00a0que tamb\u00e9m duvidou do brother.<\/p>\n\n\n\n<p>Outro apontamento foi em rela\u00e7\u00e3o a ela dizer que &#8216;era um travesti na vida passada porque eu gosto dessas coisas, adoro essa putar**&#8217;.\u00a0Internautas disseram que ela associou trans com o esteri\u00f3tipo de sexualiza\u00e7\u00e3o.<\/p>\n\n\n\n<blockquote class=\"twitter-tweet\"><p lang=\"pt\" dir=\"ltr\">O que Lucas sentiu e viveu com Gil, cabe aos dois. <br><br>TODAS as pessoas da casa precisam, mais do que nunca, entender isso. <br><br>Sarah e Juliette parecem conviver com pessoas LGBTs, mas isso n\u00e3o significa saber respeit\u00e1-las. N\u00e3o acho que fizeram por mal, mas a conversa foi violenta.<\/p>&mdash; Ana Flor (@Tdetravesti) <a href=\"https:\/\/twitter.com\/Tdetravesti\/status\/1365341883359182852?ref_src=twsrc%5Etfw\">February 26, 2021<\/a><\/blockquote> <script async src=\"https:\/\/platform.twitter.com\/widgets.js\" charset=\"utf-8\"><\/script>\n\n<blockquote class=\"twitter-tweet\"><p lang=\"pt\" dir=\"ltr\">N\u00e3o condeno nem trato com constrangimento quem se posiciona de maneira mais radical. \u00c9 um posicionamento t\u00e3o justo quanto o meu. Cada pessoa sabe do seu. <br><br>No BBB, o reflexo de que somos pessoas equivocadas \u00e9 que precisamos aprender MUITA coisa todos os dias.<\/p>&mdash; Ana Flor (@Tdetravesti) <a href=\"https:\/\/twitter.com\/Tdetravesti\/status\/1365342906735874051?ref_src=twsrc%5Etfw\">February 26, 2021<\/a><\/blockquote> <script async src=\"https:\/\/platform.twitter.com\/widgets.js\" charset=\"utf-8\"><\/script>\n\n<blockquote class=\"twitter-tweet\"><p lang=\"pt\" dir=\"ltr\">Por fim, precisamos tomar cuidado com v\u00eddeos recortados. Juliette foi equivocada em alguns momentos, mas falou coisas importantes sobre a reposta ter de ser do Gil.<br><br>Nada disso anula que as meninas deveriam parar de querer render o assunto. Ainda mais ao lado do Projota.<\/p>&mdash; Ana Flor (@Tdetravesti) <a href=\"https:\/\/twitter.com\/Tdetravesti\/status\/1365345952836562947?ref_src=twsrc%5Etfw\">February 26, 2021<\/a><\/blockquote> <script async src=\"https:\/\/platform.twitter.com\/widgets.js\" charset=\"utf-8\"><\/script>\n\n\n\n<blockquote class=\"twitter-tweet\"><p lang=\"pt\" dir=\"ltr\">gosto muito da sarah, mas n\u00e3o tenho como deixar de se debru\u00e7ar em rela\u00e7\u00e3o as falas lgbtfobicas dela.<br><br>em uma conversa com juliette e projota, ela disse que acha que foi UM travesti na vida passada e que adora essas putarias.<br><br>falas assim atrela mais ainda a imagem das<\/p>&mdash; &#x1f3f3;&#xfe0f;&#x200d;\u26a7&#xfe0f;di\u00e1rio de umA travesti (@alinadurso) <a href=\"https:\/\/twitter.com\/alinadurso\/status\/1365318750812176384?ref_src=twsrc%5Etfw\">February 26, 2021<\/a><\/blockquote> <script async src=\"https:\/\/platform.twitter.com\/widgets.js\" charset=\"utf-8\"><\/script>\n\n\n\n<figure class=\"wp-block-embed-twitter wp-block-embed is-type-rich is-provider-twitter\"><div class=\"wp-block-embed__wrapper\">\n<blockquote class=\"twitter-tweet\" data-width=\"550\" data-dnt=\"true\"><p lang=\"pt\" dir=\"ltr\">Bissexuais chegando em uma pessoa<br><br>A pessoa: <a href=\"https:\/\/t.co\/mV7IKL92TE\">pic.twitter.com\/mV7IKL92TE<\/a><\/p>&mdash; INTZ Sher Machado (@transcurecer) <a href=\"https:\/\/twitter.com\/transcurecer\/status\/1365328093255245826?ref_src=twsrc%5Etfw\">February 26, 2021<\/a><\/blockquote><script async src=\"https:\/\/platform.twitter.com\/widgets.js\" charset=\"utf-8\"><\/script>\n<\/div><\/figure>\n\n\n\n<figure class=\"wp-block-embed-twitter wp-block-embed is-type-rich is-provider-twitter\"><div class=\"wp-block-embed__wrapper\">\n<blockquote class=\"twitter-tweet\" data-width=\"550\" data-dnt=\"true\"><p lang=\"pt\" dir=\"ltr\">Todos os beijos da casa foram mega for\u00e7ados e ningu\u00e9m questionou ou apontou hora certa pra acontecer.<br><br>S\u00f3 o beijo entre dois homens \u00e9 que precisa ter hora certa pra acontecer e \u00e9 pass\u00edvel de questionamento.<br><br>De Sarah a Lumena, bifobia on fire.<\/p>&mdash; Lev\u00ed Kaique Ferreira (@LeviKaique) <a href=\"https:\/\/twitter.com\/LeviKaique\/status\/1365308502168793091?ref_src=twsrc%5Etfw\">February 26, 2021<\/a><\/blockquote><script async src=\"https:\/\/platform.twitter.com\/widgets.js\" charset=\"utf-8\"><\/script>\n<\/div><\/figure>\n","protected":false},"excerpt":{"rendered":"<p>A madrugada de sexta-feira (26) foi bem agitada no Big Brother Brasil (BBB 21). Os brothers receberam cooler e petiscos enviados pela produ\u00e7\u00e3o e o ator [&hellip;]<\/p>\n","protected":false},"author":3,"featured_media":22425,"comment_status":"open","ping_status":"open","sticky":false,"template":"","format":"image","meta":{"footnotes":""},"categories":[80],"tags":[2166,2167],"class_list":["post-22421","post","type-post","status-publish","format-image","has-post-thumbnail","hentry","category-home","tag-lucas","tag-lucas-penteado","post_format-post-format-image"],"_links":{"self":[{"href":"https:\/\/blogs.correio24horas.com.br\/mesalte\/wp-json\/wp\/v2\/posts\/22421","targetHints":{"allow":["GET"]}}],"collection":[{"href":"https:\/\/blogs.correio24horas.com.br\/mesalte\/wp-json\/wp\/v2\/posts"}],"about":[{"href":"https:\/\/blogs.correio24horas.com.br\/mesalte\/wp-json\/wp\/v2\/types\/post"}],"author":[{"embeddable":true,"href":"https:\/\/blogs.correio24horas.com.br\/mesalte\/wp-json\/wp\/v2\/users\/3"}],"replies":[{"embeddable":true,"href":"https:\/\/blogs.correio24horas.com.br\/mesalte\/wp-json\/wp\/v2\/comments?post=22421"}],"version-history":[{"count":2,"href":"https:\/\/blogs.correio24horas.com.br\/mesalte\/wp-json\/wp\/v2\/posts\/22421\/revisions"}],"predecessor-version":[{"id":22424,"href":"https:\/\/blogs.correio24horas.com.br\/mesalte\/wp-json\/wp\/v2\/posts\/22421\/revisions\/22424"}],"wp:featuredmedia":[{"embeddable":true,"href":"https:\/\/blogs.correio24horas.com.br\/mesalte\/wp-json\/wp\/v2\/media\/22425"}],"wp:attachment":[{"href":"https:\/\/blogs.correio24horas.com.br\/mesalte\/wp-json\/wp\/v2\/media?parent=22421"}],"wp:term":[{"taxonomy":"category","embeddable":true,"href":"https:\/\/blogs.correio24horas.com.br\/mesalte\/wp-json\/wp\/v2\/categories?post=22421"},{"taxonomy":"post_tag","embeddable":true,"href":"https:\/\/blogs.correio24horas.com.br\/mesalte\/wp-json\/wp\/v2\/tags?post=22421"}],"curies":[{"name":"wp","href":"https:\/\/api.w.org\/{rel}","templated":true}]}}