{"id":22401,"date":"2021-02-24T22:25:34","date_gmt":"2021-02-25T01:25:34","guid":{"rendered":"https:\/\/blogs.correio24horas.com.br\/mesalte\/?p=22401"},"modified":"2021-02-24T22:26:41","modified_gmt":"2021-02-25T01:26:41","slug":"a-justica-foi-feita-afirma-modelo-trans-que-foi-espancada-apos-prisao-de-agressor","status":"publish","type":"post","link":"https:\/\/blogs.correio24horas.com.br\/mesalte\/a-justica-foi-feita-afirma-modelo-trans-que-foi-espancada-apos-prisao-de-agressor\/","title":{"rendered":"&#8216;A justi\u00e7a foi feita&#8217;, afirma modelo trans que foi espancada ap\u00f3s pris\u00e3o de agressor"},"content":{"rendered":"\n<p>A modelo trans Alice Felis,\u00a0que foi brutalmente agredida h\u00e1 cerca de seis meses\u00a0no Rio de Janeiro, falou sobre a pris\u00e3o de seu agressor,\u00a0Lucas Brito Marques, preso pela 13\u00aa Delegacia Policial, nesta quarta-feira (24). <\/p>\n\n\n\n<p>O homem espancou a v\u00edtima no apartamento onde ela morava, no bairro de Copacabana. Ap\u00f3s a agress\u00e3o, Alice precisou passar por cirurgias pl\u00e1sticas para reconstruir o rosto e tamb\u00e9m teve que extrair 12 dentes.<\/p>\n\n\n\n<p>Em entrevista \u00e0 revista Quem, a modelo comentou sobre a pris\u00e3o e disse que ainda sofre com sequelas psicol\u00f3gicas por conta da viol\u00eancia. &#8220;Me ligaram da delegacia e a delegada Bianca me confirmou. Estou bem tensa. Tomara que ele fique preso mesmo e pague pelo o que me fez&#8221;, afirmou Felis. <\/p>\n\n\n\n<p>&#8220;At\u00e9 hoje, sinto medo de tudo e todos e isso \u00e9 culpa dele. Mas pelo menos a justi\u00e7a foi feita. E isso sirva de exemplo que transfobia \u00e9 crime. Que outras mulheres trans n\u00e3o tenham medo de denunciar&#8221;, completou.<\/p>\n\n\n\n<p>A modelo se mudou do Rio de Janeiro para S\u00e3o Paulo ap\u00f3s a agress\u00e3o, pois n\u00e3o se sentia segura. Ela tamb\u00e9m recebeu o apoio de diversas celebridades, como a cantora Preta Gil &#8211; a empresa de agenciamento art\u00edstico da cantora, Mynd, est\u00e1 agenciando Alice na carreira de modelo e influencer.<\/p>\n\n\n\n<p>&#8220;Tive muitas pessoas me apoiando, n\u00e3o s\u00f3 famosos. Me senti muito acolhida, sim. Isso est\u00e1 me ajudando muito por sinal! Tive o apoio da Mar\u00edlia Mendon\u00e7a, Felipe Neto, Pabllo Vittar, Gl\u00f3ria Groove, Mc Mirella, L\u00e9o \u00c1quilla. Estou tendo apoio de muita gente! Mas uma delas \u00e9 a Preta Gil, que est\u00e1 me ajudando muito, me ajudando com hospedagem em S\u00e3o Paulo, sou muito grata a ela. Al\u00e9m do apoio emocional que ela continua me dando nas nossas conversas&#8221;, falou Alice.<\/p>\n","protected":false},"excerpt":{"rendered":"<p>A modelo trans Alice Felis,\u00a0que foi brutalmente agredida h\u00e1 cerca de seis meses\u00a0no Rio de Janeiro, falou sobre a pris\u00e3o de seu agressor,\u00a0Lucas Brito Marques, preso [&hellip;]<\/p>\n","protected":false},"author":3,"featured_media":22402,"comment_status":"open","ping_status":"open","sticky":false,"template":"","format":"image","meta":{"footnotes":""},"categories":[28,80],"tags":[2160],"class_list":["post-22401","post","type-post","status-publish","format-image","has-post-thumbnail","hentry","category-farofa-digital","category-home","tag-alice-felis","post_format-post-format-image"],"_links":{"self":[{"href":"https:\/\/blogs.correio24horas.com.br\/mesalte\/wp-json\/wp\/v2\/posts\/22401","targetHints":{"allow":["GET"]}}],"collection":[{"href":"https:\/\/blogs.correio24horas.com.br\/mesalte\/wp-json\/wp\/v2\/posts"}],"about":[{"href":"https:\/\/blogs.correio24horas.com.br\/mesalte\/wp-json\/wp\/v2\/types\/post"}],"author":[{"embeddable":true,"href":"https:\/\/blogs.correio24horas.com.br\/mesalte\/wp-json\/wp\/v2\/users\/3"}],"replies":[{"embeddable":true,"href":"https:\/\/blogs.correio24horas.com.br\/mesalte\/wp-json\/wp\/v2\/comments?post=22401"}],"version-history":[{"count":2,"href":"https:\/\/blogs.correio24horas.com.br\/mesalte\/wp-json\/wp\/v2\/posts\/22401\/revisions"}],"predecessor-version":[{"id":22404,"href":"https:\/\/blogs.correio24horas.com.br\/mesalte\/wp-json\/wp\/v2\/posts\/22401\/revisions\/22404"}],"wp:featuredmedia":[{"embeddable":true,"href":"https:\/\/blogs.correio24horas.com.br\/mesalte\/wp-json\/wp\/v2\/media\/22402"}],"wp:attachment":[{"href":"https:\/\/blogs.correio24horas.com.br\/mesalte\/wp-json\/wp\/v2\/media?parent=22401"}],"wp:term":[{"taxonomy":"category","embeddable":true,"href":"https:\/\/blogs.correio24horas.com.br\/mesalte\/wp-json\/wp\/v2\/categories?post=22401"},{"taxonomy":"post_tag","embeddable":true,"href":"https:\/\/blogs.correio24horas.com.br\/mesalte\/wp-json\/wp\/v2\/tags?post=22401"}],"curies":[{"name":"wp","href":"https:\/\/api.w.org\/{rel}","templated":true}]}}