{"id":22373,"date":"2021-02-21T14:25:19","date_gmt":"2021-02-21T17:25:19","guid":{"rendered":"https:\/\/blogs.correio24horas.com.br\/mesalte\/?p=22373"},"modified":"2021-02-22T20:04:53","modified_gmt":"2021-02-22T23:04:53","slug":"morre-lorena-muniz-mulher-trans-que-foi-abandonada-anestesiada-em-clinica-apos-incendio","status":"publish","type":"post","link":"https:\/\/blogs.correio24horas.com.br\/mesalte\/morre-lorena-muniz-mulher-trans-que-foi-abandonada-anestesiada-em-clinica-apos-incendio\/","title":{"rendered":"Morre Lorena Muniz, mulher trans que foi abandonada anestesiada em cl\u00ednica ap\u00f3s inc\u00eandio"},"content":{"rendered":"\n<p>A modelo e maquiadora trans Lorena Muniz, <a href=\"https:\/\/blogs.correio24horas.com.br\/mesalte\/mulher-trans-e-abandonada-anestesiada-em-clinica-apos-incendio-em-sp\/\">que foi abandonada ap\u00f3s um inc\u00eandio dentro de uma sala em uma cl\u00ednica de est\u00e9tica, na&nbsp;Grande S\u00e3o Paulo<\/a>, morreu na madrugada deste domingo (21). A informa\u00e7\u00e3o foi confirmada pelo marido dela, o comunicador e influenciador Washington Barbosa, o Tom, nesta manh\u00e3.<\/p>\n\n\n\n<p>&#8220;Meu Deus, minha gente. A vida de Lorena valeu R$ 4 mil reais. Eu quero justi\u00e7a. Que dor&#8221;, publicou Tom em suas redes sociais, visivelmente abalado.<\/p>\n\n\n\n<p>A deputada estadual Erica Malunguinho (PSOL), que est\u00e1 acompanhando o caso de perto ao lado da vereadora Erika Hilton (PSOL), lamentou a perda da maquiadora e disse que foi tocada profundamente por tudo que aconteceu.<\/p>\n\n\n\n<p>Para ela, a hist\u00f3ria de Lorena simboliza mais uma viol\u00eancia sofrida pelas mulheres trans e travestis, que s\u00e3o v\u00edtimas de cl\u00ednicas que realizam processos cir\u00fargicos e n\u00e3o garantem a seguran\u00e7a e qualidade dos procedimentos. <\/p>\n\n\n\n<p>&#8220;\u00c9 uma realidade no Brasil. Profissionais n\u00e3o habilitados, ambientes inadequados (&#8230;). N\u00e3o tenho muitas palavras diante da atrocidade que \u00e9 o caso ao qual Lorena foi submetida. Agora, \u00e9 preciso organizar a revolta e pensar estrat\u00e9gias poss\u00edveis para que as pessoas respons\u00e1veis sejam imediatamente responsabilizadas&#8221;, afirmou a parlamentar.<\/p>\n\n\n\n<figure class=\"wp-block-embed-twitter wp-block-embed is-type-rich is-provider-twitter\"><div class=\"wp-block-embed__wrapper\">\n<blockquote class=\"twitter-tweet\" data-width=\"550\" data-dnt=\"true\"><p lang=\"pt\" dir=\"ltr\">Era uma jovem mulher transexual, que estava em S\u00e3o Paulo para realizar um dos seus maiores sonhos. N\u00e3o tenho muitas palavras diante da atrocidade que \u00e9 o caso ao qual Lorena foi submetida.<\/p>&mdash; Erica Malunguinho (@malunguinho) <a href=\"https:\/\/twitter.com\/malunguinho\/status\/1363519208391405579?ref_src=twsrc%5Etfw\">February 21, 2021<\/a><\/blockquote><script async src=\"https:\/\/platform.twitter.com\/widgets.js\" charset=\"utf-8\"><\/script>\n<\/div><\/figure>\n\n\n\n<figure class=\"wp-block-embed-twitter wp-block-embed is-type-rich is-provider-twitter\"><div class=\"wp-block-embed__wrapper\">\n<blockquote class=\"twitter-tweet\" data-width=\"550\" data-dnt=\"true\"><p lang=\"pt\" dir=\"ltr\">Fui tocada profundamente por tudo que aconteceu. Muitas meninas trans e travestis s\u00e3o v\u00edtimas de cl\u00ednicas que realizam processos cir\u00fargicos que n\u00e3o garantem a seguran\u00e7a e qualidade dos procedimentos. \u00c9 uma realidade no Brasil. Profissionais n\u00e3o habilitados, ambientes inadequados.<\/p>&mdash; Erica Malunguinho (@malunguinho) <a href=\"https:\/\/twitter.com\/malunguinho\/status\/1363519211222540291?ref_src=twsrc%5Etfw\">February 21, 2021<\/a><\/blockquote><script async src=\"https:\/\/platform.twitter.com\/widgets.js\" charset=\"utf-8\"><\/script>\n<\/div><\/figure>\n\n\n\n<figure class=\"wp-block-embed-twitter wp-block-embed is-type-rich is-provider-twitter\"><div class=\"wp-block-embed__wrapper\">\n<blockquote class=\"twitter-tweet\" data-width=\"550\" data-dnt=\"true\"><p lang=\"pt\" dir=\"ltr\">Ao contr\u00e1rio do que pensam, isso n\u00e3o \u00e9 um processo est\u00e9tico, e sim parte da luta das pessoas trans e travestis em se encontrarem no corpo de suas identidades.<\/p>&mdash; Erica Malunguinho (@malunguinho) <a href=\"https:\/\/twitter.com\/malunguinho\/status\/1363519214011756562?ref_src=twsrc%5Etfw\">February 21, 2021<\/a><\/blockquote><script async src=\"https:\/\/platform.twitter.com\/widgets.js\" charset=\"utf-8\"><\/script>\n<\/div><\/figure>\n\n\n\n<figure class=\"wp-block-embed-twitter wp-block-embed is-type-rich is-provider-twitter\"><div class=\"wp-block-embed__wrapper\">\n<blockquote class=\"twitter-tweet\" data-width=\"550\" data-dnt=\"true\"><p lang=\"pt\" dir=\"ltr\">Ao Tom, familiares e amigos de Lorena, meus sentimentos. Quero que saibam que podem contar comigo. Somos uma multid\u00e3o em apoio a todos voc\u00eas. N\u00e3o est\u00e3o, nem estar\u00e3o, sozinhos.<\/p>&mdash; Erica Malunguinho (@malunguinho) <a href=\"https:\/\/twitter.com\/malunguinho\/status\/1363519216914153473?ref_src=twsrc%5Etfw\">February 21, 2021<\/a><\/blockquote><script async src=\"https:\/\/platform.twitter.com\/widgets.js\" charset=\"utf-8\"><\/script>\n<\/div><\/figure>\n\n\n\n<p>De acordo Tom, sua esposa estava realizando uma cirurgia para colocar silicone na cl\u00ednica Paulino Pl\u00e1stica Segura, em Tabo\u00e3o da Serra, na \u00faltima quarta-feira (17), quando houve o inc\u00eandio causado por uma pane el\u00e9trica,<\/p>\n\n\n\n<p>&#8220;Teve um curto-circuito, o ar condicionado pegou fogo. Todos sa\u00edram correndo e ela ficou l\u00e1, sedada, inalando fuma\u00e7a. Chegou a ficar sete minutos inconsciente. Isso gerou um preju\u00edzo, com falta de oxig\u00eanio no c\u00e9rebro dela, segundo os m\u00e9dicos&#8221;, contou Barbosa em v\u00eddeo publicado nas redes sociais.<\/p>\n\n\n\n<p>Lorena Muniz foi levada ao Hospital das Cl\u00ednicas e ficou internada em estado grave no pronto-socorro da unidade. Neste s\u00e1bado (20), Tom conseguiu viajar de Pernambuco, onde mora, para S\u00e3o Paulo com ajuda de internautas e de ativistas LGBTQIA+. <\/p>\n\n\n\n<p>Um v\u00eddeo que circula nas redes sociais de ativistas mostra pacientes da cl\u00ednica na cal\u00e7ada, relatando que um inc\u00eandio havia ocorrido e que ainda havia uma pessoa dentro do local.<\/p>\n\n\n\n<div class=\"wp-block-image\"><figure class=\"aligncenter\"><img loading=\"lazy\" decoding=\"async\" width=\"984\" height=\"430\" src=\"https:\/\/blogs.correio24h.com.br\/mesalte\/wp-content\/uploads\/2021\/02\/incendio-clinica-taboao.jpeg\" alt=\"\" class=\"wp-image-22356\" srcset=\"https:\/\/blogs.correio24h.com.br\/mesalte\/wp-content\/uploads\/2021\/02\/incendio-clinica-taboao.jpeg 984w, https:\/\/blogs.correio24h.com.br\/mesalte\/wp-content\/uploads\/2021\/02\/incendio-clinica-taboao-300x131.jpeg 300w, https:\/\/blogs.correio24h.com.br\/mesalte\/wp-content\/uploads\/2021\/02\/incendio-clinica-taboao-768x336.jpeg 768w, https:\/\/blogs.correio24h.com.br\/mesalte\/wp-content\/uploads\/2021\/02\/incendio-clinica-taboao-260x114.jpeg 260w, https:\/\/blogs.correio24h.com.br\/mesalte\/wp-content\/uploads\/2021\/02\/incendio-clinica-taboao-50x22.jpeg 50w, https:\/\/blogs.correio24h.com.br\/mesalte\/wp-content\/uploads\/2021\/02\/incendio-clinica-taboao-150x66.jpeg 150w\" sizes=\"auto, (max-width: 984px) 100vw, 984px\" \/><figcaption><strong>Imagens que circulam nas redes mostram pacientes de cl\u00ednica de est\u00e9tica em Tabo\u00e3o da Serra, na Grande S\u00e3o Paulo, onde ocorreu um inc\u00eandio nesta quarta-feira (17)<\/strong><br>(Foto: Reprodu\u00e7\u00e3o\/Instagram)<\/figcaption><\/figure><\/div>\n\n\n\n<p>Procurada pelo Me Salte, a cl\u00ednica Paulino Pl\u00e1stica Segura, onde Lorena realizou o procedimento, n\u00e3o foi encontrada at\u00e9 a publica\u00e7\u00e3o desta reportagem.<\/p>\n","protected":false},"excerpt":{"rendered":"<p>A modelo e maquiadora trans Lorena Muniz, que foi abandonada ap\u00f3s um inc\u00eandio dentro de uma sala em uma cl\u00ednica de est\u00e9tica, na&nbsp;Grande S\u00e3o Paulo, morreu [&hellip;]<\/p>\n","protected":false},"author":3,"featured_media":22375,"comment_status":"open","ping_status":"open","sticky":false,"template":"","format":"image","meta":{"footnotes":""},"categories":[80],"tags":[2145,2158,2159],"class_list":["post-22373","post","type-post","status-publish","format-image","has-post-thumbnail","hentry","category-home","tag-lorena-muniz","tag-mulher-trans","tag-mulher-trans-abandonada","post_format-post-format-image"],"_links":{"self":[{"href":"https:\/\/blogs.correio24horas.com.br\/mesalte\/wp-json\/wp\/v2\/posts\/22373","targetHints":{"allow":["GET"]}}],"collection":[{"href":"https:\/\/blogs.correio24horas.com.br\/mesalte\/wp-json\/wp\/v2\/posts"}],"about":[{"href":"https:\/\/blogs.correio24horas.com.br\/mesalte\/wp-json\/wp\/v2\/types\/post"}],"author":[{"embeddable":true,"href":"https:\/\/blogs.correio24horas.com.br\/mesalte\/wp-json\/wp\/v2\/users\/3"}],"replies":[{"embeddable":true,"href":"https:\/\/blogs.correio24horas.com.br\/mesalte\/wp-json\/wp\/v2\/comments?post=22373"}],"version-history":[{"count":2,"href":"https:\/\/blogs.correio24horas.com.br\/mesalte\/wp-json\/wp\/v2\/posts\/22373\/revisions"}],"predecessor-version":[{"id":22378,"href":"https:\/\/blogs.correio24horas.com.br\/mesalte\/wp-json\/wp\/v2\/posts\/22373\/revisions\/22378"}],"wp:featuredmedia":[{"embeddable":true,"href":"https:\/\/blogs.correio24horas.com.br\/mesalte\/wp-json\/wp\/v2\/media\/22375"}],"wp:attachment":[{"href":"https:\/\/blogs.correio24horas.com.br\/mesalte\/wp-json\/wp\/v2\/media?parent=22373"}],"wp:term":[{"taxonomy":"category","embeddable":true,"href":"https:\/\/blogs.correio24horas.com.br\/mesalte\/wp-json\/wp\/v2\/categories?post=22373"},{"taxonomy":"post_tag","embeddable":true,"href":"https:\/\/blogs.correio24horas.com.br\/mesalte\/wp-json\/wp\/v2\/tags?post=22373"}],"curies":[{"name":"wp","href":"https:\/\/api.w.org\/{rel}","templated":true}]}}